{"id":46467,"date":"2022-08-06T20:55:20","date_gmt":"2022-08-06T20:55:20","guid":{"rendered":"https:\/\/www.ole.com.ar\/futbol-internacional\/mikel-arteta-arsenal-mexico-liga-mx_0_BdosRspjjh.html"},"modified":"2022-08-06T20:55:20","modified_gmt":"2022-08-06T20:55:20","slug":"arteta-a-mexico-que-dijo-el-entrenador-espanol","status":"publish","type":"post","link":"http:\/\/hoycordobaweb.com\/index.php\/2022\/08\/06\/arteta-a-mexico-que-dijo-el-entrenador-espanol\/","title":{"rendered":"\u00bfArteta a M\u00e9xico? Qu\u00e9 dijo el entrenador espa\u00f1ol"},"content":{"rendered":"<p><img src=\"http:\/\/hoycordobaweb.com\/wp-content\/uploads\/2022\/08\/arteta-a-mexico-que-dijo-el-entrenador-espanol.jpg\"><\/p>\n<p>Este viernes comenz\u00f3 la <a alt=\"premier-league\" class=\"slug\" href=\"https:\/\/www.ole.com.ar\/tema\/premier-league.html\" target=\"_blank\" title=\"premier-league\" rel=\"noopener noreferrer\">Premier League<\/a> con un buen triunfo 2-0 del <a alt=\"arsenal-fc\" class=\"slug\" href=\"https:\/\/www.ole.com.ar\/tema\/arsenal-fc.html\" target=\"_blank\" title=\"arsenal-fc\" rel=\"noopener noreferrer\">Arsenal<\/a> ante <a alt=\"crystal-palace\" class=\"slug\" href=\"https:\/\/www.ole.com.ar\/tema\/crystal-palace.html\" target=\"_blank\" title=\"crystal-palace\" rel=\"noopener noreferrer\">Crystal Palace<\/a>. <strong><a alt=\"mikel-arteta\" class=\"slug\" href=\"https:\/\/www.ole.com.ar\/tema\/mikel-arteta.html\" target=\"_blank\" title=\"mikel-arteta\" rel=\"noopener noreferrer\">Mikel Arteta<\/a><\/strong> empez\u00f3 de gran manera su cuarta temporada al frente de los Gunners y ya piensa en el duelo del pr\u00f3ximo s\u00e1bado ante Leicester. Entretanto, <strong>sorprendi\u00f3 a todos al deslizar una frase sobre si dirigir\u00eda en M\u00e9xico en el futuro.<\/strong><\/p>\n<p>El DT espa\u00f1ol sigue sumando experiencia en el banco tras su paso como asistente de <strong><a alt=\"pep-guardiola\" class=\"slug\" href=\"https:\/\/www.ole.com.ar\/tema\/pep-guardiola.html\" target=\"_blank\" title=\"pep-guardiola\" rel=\"noopener noreferrer\">Pep Guardiola<\/a><\/strong> en el <a alt=\"manchester-city\" class=\"slug\" href=\"https:\/\/www.ole.com.ar\/tema\/manchester-city.html\" target=\"_blank\" title=\"manchester-city\" rel=\"noopener noreferrer\">Manchester City<\/a>. Arranc\u00f3 un nuevo certamen con Arsenal en Londres y conf\u00eda mejorar la quinta posici\u00f3n lograda en el \u00faltimo a\u00f1o, la mejor hasta el momento.<\/p>\n<div class=\"sp__Normal\">\n<div class=\"image-embeb image-trigger\" readability=\"6\"> <picture><source media=\"(min-width: 720px)\" srcset=\"http:\/\/hoycordobaweb.com\/wp-content\/uploads\/2022\/08\/arteta-a-mexico-que-dijo-el-entrenador-espanol-2.jpg\"><img itemprop=\"image\" src=\"http:\/\/hoycordobaweb.com\/wp-content\/uploads\/2022\/08\/arteta-a-mexico-que-dijo-el-entrenador-espanol-2.jpg\" loading=\"lazy\" alt=\"Arranc\u00f3 con el pie derecho. (JUSTIN TALLIS\/AFP)\"> <\/picture><figcaption readability=\"2\">\n<p>Arranc\u00f3 con el pie derecho. (JUSTIN TALLIS\/AFP) <\/p>\n<\/figcaption><\/div>\n<\/div>\n<h2><strong>\u00bfARTETA A M\u00c9XICO?<\/strong><\/h2>\n<p>En las \u00faltimas horas, coment\u00f3 cu\u00e1les son sus pensamiento sobre el pa\u00eds azteca y habl\u00f3 sobre si podr\u00eda llegar a la Liga MX en alg\u00fan momento. <strong>\u00abHa habido entrenadores y sobre todo a nivel t\u00e1ctico y cultural, cosas que han marcado la historia del futbol. No hay m\u00e1s que ver a d\u00f3nde va ese futbol, la parte competitiva, hacia donde van los clubes, la afici\u00f3n y la selecci\u00f3n\u00bb<\/strong>, comenz\u00f3 hablando sobre M\u00e9xico en una entrevista con Paramount+.<\/p>\n<p>Y agreg\u00f3:<strong> \u00abEs un pa\u00eds que he visitado mucho a nivel vacacional y le tengo un cari\u00f1o incre\u00edble a su gente porque siempre me han hecho sentir de manera excepcional\u00bb<\/strong>. Adem\u00e1s, habl\u00f3 sobre si puede llegar a dirigir en M\u00e9xico en el futuro: <mark><strong>\u00abNunca se sabe. Si alg\u00fan d\u00eda me quieren, probablemente mis hijos estar\u00e1n encantados de que aqu\u00ed sea\u00bb<\/strong><\/mark>.<\/p>\n<div class=\"sp__Normal\">\n<div class=\"image-embeb image-trigger\" readability=\"6\"> <picture><source media=\"(min-width: 720px)\" srcset=\"http:\/\/hoycordobaweb.com\/wp-content\/uploads\/2022\/08\/arteta-a-mexico-que-dijo-el-entrenador-espanol-3.jpg\"><img itemprop=\"image\" src=\"http:\/\/hoycordobaweb.com\/wp-content\/uploads\/2022\/08\/arteta-a-mexico-que-dijo-el-entrenador-espanol-3.jpg\" loading=\"lazy\" alt=\"\u00bfSe har\u00e1 realidad? (REUTERS\/Rebecca Naden)\"> <\/picture><figcaption readability=\"2\">\n<p>\u00bfSe har\u00e1 realidad? (REUTERS\/Rebecca Naden) <\/p>\n<\/figcaption><\/div>\n<\/div>\n<h2><strong>LA SALIDA DE LA JOYA MEXICANA<\/strong><\/h2>\n<p>Tambi\u00e9n, Arteta revel\u00f3 los motivos por los cuales le dio salida a <strong><a alt=\"marcelo-flores\" class=\"slug\" href=\"https:\/\/www.ole.com.ar\/tema\/marcelo-flores.html\" target=\"_blank\" title=\"marcelo-flores\" rel=\"noopener noreferrer\">Marcelo Flores<\/a><\/strong>, promesa de la <a alt=\"seleccion-de-mexico\" class=\"slug\" href=\"https:\/\/www.ole.com.ar\/tema\/seleccion-de-mexico.html\" target=\"_blank\" title=\"seleccion-de-mexico\" rel=\"noopener noreferrer\">selecci\u00f3n de M\u00e9xico<\/a>, quien pas\u00f3 a pr\u00e9stamo al Real Oviedo de Espa\u00f1a. <strong>\u00abCreo que la evoluci\u00f3n que ha tenido en el \u00faltimo a\u00f1o ha sido muy positiva. Es verdad que la diferencia en nivel de competitividad entre la Liga Sub 23 y la Premier es enorme y necesit\u00e1bamos exponerlo en otro contexto diferente\u00bb<\/strong>, explic\u00f3 el DT.<\/p>\n<p><strong>\u00abTiene experiencia a nivel internacional con la selecci\u00f3n y lo que tiene que hacer ahora es demostrar cada semana ese nivel competitivo, ese talento que tiene y al final de temporada decidiremos qu\u00e9 paso damos con \u00e9l\u201d<\/strong>, profundiz\u00f3 Mikel sobre el mediocampista mexicano, que naci\u00f3 en Canad\u00e1 y tiene ascendencia inglesa, pero decidi\u00f3 representar al Tri.<\/p>\n<div class=\"sp__Normal\">\n<div class=\"image-embeb image-trigger\" readability=\"6.5\"> <picture><source media=\"(min-width: 720px)\" srcset=\"http:\/\/hoycordobaweb.com\/wp-content\/uploads\/2022\/08\/arteta-a-mexico-que-dijo-el-entrenador-espanol-4.jpg\"><img itemprop=\"image\" src=\"http:\/\/hoycordobaweb.com\/wp-content\/uploads\/2022\/08\/arteta-a-mexico-que-dijo-el-entrenador-espanol-4.jpg\" loading=\"lazy\" alt=\"Flores, la joya mexicana. (EFE\/V\u00edctor Cruz)\"> <\/picture><figcaption readability=\"3\">\n<p>Flores, la joya mexicana. (EFE\/V\u00edctor Cruz) <\/p>\n<\/figcaption><\/div>\n<\/div>\n<h2><strong>LOS N\u00daMEROS DE FLORES<\/strong><\/h2>\n<p>Si bien no lleg\u00f3 a debutar con el Arsenal, el mexicano todav\u00eda es muy joven: tiene tiempo para ganar experiencia en Espa\u00f1a y regresar a Londres para cumplir su&nbsp;deseo. <strong>Hasta el momento fue parte del U18 y el U21 de los Gunners, donde disput\u00f3 43 encuentros y anot\u00f3 15 goles, adem\u00e1s de repartir cinco asistencias.<\/strong><\/p>\n<div class=\"entry-tags\">\n<h2>TEMAS QUE APARECEN EN ESTA NOTA<\/h2>\n<\/p><\/div>\n","protected":false},"excerpt":{"rendered":"<p>Este viernes comenz\u00f3 la Premier League con un buen triunfo 2-0 del Arsenal ante Crystal Palace. Mikel Arteta empez\u00f3 de gran manera su cuarta temporada al frente de los Gunners y ya piensa en el duelo del pr\u00f3ximo s\u00e1bado ante Leicester. Entretanto, sorprendi\u00f3 a todos al deslizar una frase sobre si dirigir\u00eda en M\u00e9xico en [&hellip;]<\/p>\n","protected":false},"author":1,"featured_media":46468,"comment_status":"open","ping_status":"closed","sticky":false,"template":"","format":"standard","meta":[],"categories":[16],"tags":[],"_links":{"self":[{"href":"http:\/\/hoycordobaweb.com\/index.php\/wp-json\/wp\/v2\/posts\/46467"}],"collection":[{"href":"http:\/\/hoycordobaweb.com\/index.php\/wp-json\/wp\/v2\/posts"}],"about":[{"href":"http:\/\/hoycordobaweb.com\/index.php\/wp-json\/wp\/v2\/types\/post"}],"author":[{"embeddable":true,"href":"http:\/\/hoycordobaweb.com\/index.php\/wp-json\/wp\/v2\/users\/1"}],"replies":[{"embeddable":true,"href":"http:\/\/hoycordobaweb.com\/index.php\/wp-json\/wp\/v2\/comments?post=46467"}],"version-history":[{"count":0,"href":"http:\/\/hoycordobaweb.com\/index.php\/wp-json\/wp\/v2\/posts\/46467\/revisions"}],"wp:featuredmedia":[{"embeddable":true,"href":"http:\/\/hoycordobaweb.com\/index.php\/wp-json\/wp\/v2\/media\/46468"}],"wp:attachment":[{"href":"http:\/\/hoycordobaweb.com\/index.php\/wp-json\/wp\/v2\/media?parent=46467"}],"wp:term":[{"taxonomy":"category","embeddable":true,"href":"http:\/\/hoycordobaweb.com\/index.php\/wp-json\/wp\/v2\/categories?post=46467"},{"taxonomy":"post_tag","embeddable":true,"href":"http:\/\/hoycordobaweb.com\/index.php\/wp-json\/wp\/v2\/tags?post=46467"}],"curies":[{"name":"wp","href":"https:\/\/api.w.org\/{rel}","templated":true}]}}