{"id":46465,"date":"2022-08-06T22:42:01","date_gmt":"2022-08-06T22:42:01","guid":{"rendered":"https:\/\/www.ole.com.ar\/futbol-internacional\/dani-alves-adios-barcelona-pumas_0_ZtODQZ6l49.html"},"modified":"2022-08-06T22:42:01","modified_gmt":"2022-08-06T22:42:01","slug":"dani-alves-y-su-adios-al-barcelona-no-podia-quedarme-fuera-de-la-fiesta","status":"publish","type":"post","link":"http:\/\/hoycordobaweb.com\/index.php\/2022\/08\/06\/dani-alves-y-su-adios-al-barcelona-no-podia-quedarme-fuera-de-la-fiesta\/","title":{"rendered":"Dani Alves y su adi\u00f3s al Barcelona: \u00abNo pod\u00eda quedarme fuera de la fiesta\u00bb"},"content":{"rendered":"<p><img src=\"http:\/\/hoycordobaweb.com\/wp-content\/uploads\/2022\/08\/dani-alves-y-su-adios-al-barcelona-no-podia-quedarme-fuera-de-la-fiesta.jpg\"><\/p>\n<p><strong>Dani Alves<\/strong> volver\u00e1 al Camp Nou, pero no con la camiseta del <a alt=\"fc-barcelona\" class=\"slug\" href=\"https:\/\/www.ole.com.ar\/tema\/fc-barcelona.html\" target=\"_blank\" title=\"fc-barcelona\" rel=\"noopener noreferrer\">Barcelona<\/a> sino con la de su nuevo equipo: <a alt=\"pumas-de-mexico\" class=\"slug\" href=\"https:\/\/www.ole.com.ar\/tema\/pumas-de-mexico.html\" target=\"_blank\" title=\"pumas-de-mexico\" rel=\"noopener noreferrer\">Pumas de M\u00e9xico<\/a>. El brasile\u00f1o habl\u00f3 en la previa al partido por el Trofeo Joan Gamper, que tendr\u00e1 lugar este domingo desde las 15 (hora de Argentina), y <strong>prepara lo que ser\u00e1 el adi\u00f3s a todos los hinchas del Cul\u00e9.<\/strong><\/p>\n<p><strong>\u00abEs una sensaci\u00f3n diferente, pero a la vez especial, ya que es una posibilidad m\u00e1s de estar aqu\u00ed, de poder estar con mi gente, compartir un d\u00eda con los cul\u00e9s<\/strong>. As\u00ed que trataremos de disfrutar, de pasarla en grande, porque es un gran d\u00eda, la fiesta de los cul\u00e9s y como cul\u00e9 no pod\u00eda quedarme fuera\u00bb, dijo en di\u00e1logo con los medios del Barsa.<\/p>\n<div class=\"sp__Normal\">\n<div class=\"image-embeb image-trigger\" readability=\"6\"> <picture><source media=\"(min-width: 720px)\" srcset=\"http:\/\/hoycordobaweb.com\/wp-content\/uploads\/2022\/08\/dani-alves-y-su-adios-al-barcelona-no-podia-quedarme-fuera-de-la-fiesta-2.jpg\"><img itemprop=\"image\" src=\"http:\/\/hoycordobaweb.com\/wp-content\/uploads\/2022\/08\/dani-alves-y-su-adios-al-barcelona-no-podia-quedarme-fuera-de-la-fiesta-2.jpg\" loading=\"lazy\" alt=\"Volver\u00e1 al Camp Nou. (REUTERS\/Henry Romero)\"> <\/picture><figcaption readability=\"2\">\n<p>Volver\u00e1 al Camp Nou. (REUTERS\/Henry Romero) <\/p>\n<\/figcaption><\/div>\n<\/div>\n<div class=\"sp__SM\">\n<div class=\"content-new \"> <span class=\"tit-mobile\">Mir\u00e1 tambi\u00e9n<\/span> <\/p>\n<div class=\"mg\">\n<div class=\"wrap-figure\"> <picture> <a href=\"https:\/\/www.ole.com.ar\/mundial\/mundial-qatar-202\/paton-guzman-tata-martino-mexico-mundial_0_NtiROEyizR.html\" target=\"_self\" rel=\"noopener noreferrer\"> <img class=\"img-responsive\" alt=\"El deseo del Pat\u00f3n Guzm\u00e1n para Tata Martino en el Mundial\" src=\"http:\/\/hoycordobaweb.com\/wp-content\/uploads\/2022\/08\/dani-alves-y-su-adios-al-barcelona-no-podia-quedarme-fuera-de-la-fiesta-3.jpg\" loading=\"lazy\"> <\/a> <\/picture> <\/div><\/div><\/div>\n<\/div>\n<p>En sinton\u00eda, agreg\u00f3: <strong>\u00abMe pone re feliz, porque al final tenemos una historia muy bonita y muy especial, porque hemos vivido cosas \u00fanicas. Infelizmente no pudo ser mi despedida al final de la temporada, pero eso lo hace m\u00e1s especial, regresar aqu\u00ed se me pone la piel de gallina\u00bb<\/strong>.<\/p>\n<h2><strong>DANI ALVES PALPIT\u00d3 SU ADI\u00d3S AL BARSA<\/strong><\/h2>\n<div class=\"sp__SM\">\n<div class=\"content-new \"> <span class=\"tit-mobile\">Mir\u00e1 tambi\u00e9n<\/span> <\/p>\n<div class=\"mg\">\n<div class=\"wrap-figure\"> <picture> <a href=\"https:\/\/www.ole.com.ar\/futbol-internacional\/mikel-arteta-arsenal-mexico-liga-mx_0_BdosRspjjh.html\" target=\"_self\" rel=\"noopener noreferrer\"> <img class=\"img-responsive\" alt=\"\u00bfArteta a M\u00e9xico? Qu\u00e9 dijo el entrenador espa\u00f1ol\" src=\"http:\/\/hoycordobaweb.com\/wp-content\/uploads\/2022\/08\/dani-alves-y-su-adios-al-barcelona-no-podia-quedarme-fuera-de-la-fiesta-4.jpg\" loading=\"lazy\"> <\/a> <\/picture> <\/div><\/div><\/div>\n<\/div>\n<p><strong>\u00abSer\u00e1 con una camisa diferente, pero con el coraz\u00f3n y el alma blaugrana. Cuando los sue\u00f1os se cumplen hay que ponerle punto final. Jam\u00e1s voy a dejar de ser cul\u00e9. Vuelve un cul\u00e9 a su casa, para abrazarlos y para vivir un momento especial con ellos\u00bb<\/strong>, cerr\u00f3.<\/p>\n<h2><strong>VOLVER\u00c1 \u00abDE BLANCO\u00bb<\/strong><\/h2>\n<p>Este viernes, el brasile\u00f1o tir\u00f3 un chiste&nbsp;sobre&nbsp;su vuelta al Camp Nou, que ser\u00e1 con la vestimenta blanca de Pumas. \u00abEs extra\u00f1o jugar aqu\u00ed con otra camiseta que no sea la del Bar\u00e7a y ser\u00e1 un partido muy especial para m\u00ed\u00bb. Adem\u00e1s desliz\u00f3 una broma en relaci\u00f3n al Real Madrid que caus\u00f3 furor en redes sociales: <strong>\u00abLo \u00fanico que me da pereza es volver al Camp Nou&#8230; \u00a1\u00a1\u00a1\u00a1de blanco!!! Eso s\u00ed me cuesta\u00bb<\/strong>, expres\u00f3.<\/p>\n<div class=\"sp__Normal\">\n<div class=\"image-embeb image-trigger\" readability=\"6\"> <picture><source media=\"(min-width: 720px)\" srcset=\"http:\/\/hoycordobaweb.com\/wp-content\/uploads\/2022\/08\/dani-alves-y-su-adios-al-barcelona-no-podia-quedarme-fuera-de-la-fiesta-5.jpg\"><img itemprop=\"image\" src=\"http:\/\/hoycordobaweb.com\/wp-content\/uploads\/2022\/08\/dani-alves-y-su-adios-al-barcelona-no-podia-quedarme-fuera-de-la-fiesta-5.jpg\" loading=\"lazy\" alt=\"Se despedir\u00e1 de los hinchas cul\u00e9s. (REUTERS\/Henry Romero)\"> <\/picture><figcaption readability=\"2\">\n<p>Se despedir\u00e1 de los hinchas cul\u00e9s. (REUTERS\/Henry Romero) <\/p>\n<\/figcaption><\/div>\n<\/div>\n<div class=\"sp__SM\">\n<div class=\"content-new \"> <span class=\"tit-mobile\">Mir\u00e1 tambi\u00e9n<\/span> <\/p>\n<div class=\"mg\">\n<div class=\"wrap-figure\"> <picture> <a href=\"https:\/\/www.ole.com.ar\/futbol-internacional\/espana\/xavi-declaraciones-toto-salvio_0_zxaPYT1hwS.html\" target=\"_self\" rel=\"noopener noreferrer\"> <img class=\"img-responsive\" alt=\"Xavi alab\u00f3 al Toto Salvio: &quot;Es dif\u00edcil de contrarrestar&quot;\" src=\"http:\/\/hoycordobaweb.com\/wp-content\/uploads\/2022\/08\/dani-alves-y-su-adios-al-barcelona-no-podia-quedarme-fuera-de-la-fiesta-6.jpg\" loading=\"lazy\"> <\/a> <\/picture> <\/div><\/div><\/div>\n<\/div>\n<h2><strong>SU PARTIDA DEL BARCELONA<\/strong><\/h2>\n<p>El defensor se despidi\u00f3 del club de Espa\u00f1a, pero no del modo que hubiese deseado. Es por eso que a la hora de relatar c\u00f3mo fue su salida explic\u00f3 en una entrevista con Sport: \u00abNo estoy dolido, estoy eternamente agradecido a Xavi a Laporta y al club por dejarme vivir estos seis meses. S\u00e9 que era muy dif\u00edcil volver y ha sido gracias a ellos. Ha sido una situaci\u00f3n hermosa que no se paga con nada. Sab\u00eda el momento que atravesaba el club, por eso vine a ayudar, pero tambi\u00e9n sab\u00eda que ten\u00eda un contrato por seis meses, no por cinco a\u00f1os\u00bb.<\/p>\n<p>De este modo el brasile\u00f1o podr\u00e1 despedirse de los hinchas blaugranas ya que no pudo hacerlo en esta \u00faltima etapa ni en la anterior en 2016. Su salida gener\u00f3 bastante revuelo y es por eso que aclar\u00f3: \u00abLo \u00fanico que dije es que me hubiera gustado que me lo comunicaran antes para poder despedirme de la gente. El \u00faltimo partido no lo pude hacer, porque no sab\u00eda si continuar\u00eda. Por suerte, el f\u00fatbol me ha da la oportunidad de poder despedirme de la gente, porque una vez eres cul\u00e9, lo eres para siempre. Ni en los mejores guiones hubiera pensado regresar tan r\u00e1pido, pero el f\u00fatbol es hermoso y cuida de la gente que lo respeta\u00bb.<\/p>\n<div class=\"sp__SM\">\n<div class=\"content-new \"> <span class=\"tit-mobile\">Mir\u00e1 tambi\u00e9n<\/span> <\/p>\n<div class=\"mg\">\n<div class=\"wrap-figure\"> <picture> <a href=\"https:\/\/www.ole.com.ar\/futbol-internacional\/inglaterra\/colombia-revancha-lerma-dibu-martinez_0_dIGeso24QH.html\" target=\"_self\" rel=\"noopener noreferrer\"> <img class=\"img-responsive\" alt=\"En Colombia se toman revancha contra el Dibu Mart\u00ednez\" src=\"http:\/\/hoycordobaweb.com\/wp-content\/uploads\/2022\/08\/dani-alves-y-su-adios-al-barcelona-no-podia-quedarme-fuera-de-la-fiesta-7.jpg\" loading=\"lazy\"> <\/a> <\/picture> <\/div><\/div><\/div>\n<\/div>\n<div class=\"entry-tags\">\n<h2>TEMAS QUE APARECEN EN ESTA NOTA<\/h2>\n<\/p><\/div>\n","protected":false},"excerpt":{"rendered":"<p>Dani Alves volver\u00e1 al Camp Nou, pero no con la camiseta del Barcelona sino con la de su nuevo equipo: Pumas de M\u00e9xico. El brasile\u00f1o habl\u00f3 en la previa al partido por el Trofeo Joan Gamper, que tendr\u00e1 lugar este domingo desde las 15 (hora de Argentina), y prepara lo que ser\u00e1 el adi\u00f3s a [&hellip;]<\/p>\n","protected":false},"author":1,"featured_media":46466,"comment_status":"open","ping_status":"closed","sticky":false,"template":"","format":"standard","meta":[],"categories":[16],"tags":[],"_links":{"self":[{"href":"http:\/\/hoycordobaweb.com\/index.php\/wp-json\/wp\/v2\/posts\/46465"}],"collection":[{"href":"http:\/\/hoycordobaweb.com\/index.php\/wp-json\/wp\/v2\/posts"}],"about":[{"href":"http:\/\/hoycordobaweb.com\/index.php\/wp-json\/wp\/v2\/types\/post"}],"author":[{"embeddable":true,"href":"http:\/\/hoycordobaweb.com\/index.php\/wp-json\/wp\/v2\/users\/1"}],"replies":[{"embeddable":true,"href":"http:\/\/hoycordobaweb.com\/index.php\/wp-json\/wp\/v2\/comments?post=46465"}],"version-history":[{"count":0,"href":"http:\/\/hoycordobaweb.com\/index.php\/wp-json\/wp\/v2\/posts\/46465\/revisions"}],"wp:featuredmedia":[{"embeddable":true,"href":"http:\/\/hoycordobaweb.com\/index.php\/wp-json\/wp\/v2\/media\/46466"}],"wp:attachment":[{"href":"http:\/\/hoycordobaweb.com\/index.php\/wp-json\/wp\/v2\/media?parent=46465"}],"wp:term":[{"taxonomy":"category","embeddable":true,"href":"http:\/\/hoycordobaweb.com\/index.php\/wp-json\/wp\/v2\/categories?post=46465"},{"taxonomy":"post_tag","embeddable":true,"href":"http:\/\/hoycordobaweb.com\/index.php\/wp-json\/wp\/v2\/tags?post=46465"}],"curies":[{"name":"wp","href":"https:\/\/api.w.org\/{rel}","templated":true}]}}