{"id":46439,"date":"2022-08-06T20:55:00","date_gmt":"2022-08-06T20:55:00","guid":{"rendered":"http:\/\/hoycordobaweb.com\/index.php\/2022\/08\/06\/petro-asume-la-presidencia-con-la-demanda-de-lograr-un-cambio-historico\/"},"modified":"2022-08-06T20:55:00","modified_gmt":"2022-08-06T20:55:00","slug":"petro-asume-la-presidencia-con-la-demanda-de-lograr-un-cambio-historico","status":"publish","type":"post","link":"http:\/\/hoycordobaweb.com\/index.php\/2022\/08\/06\/petro-asume-la-presidencia-con-la-demanda-de-lograr-un-cambio-historico\/","title":{"rendered":"Petro asume la presidencia con la demanda de lograr un cambio hist\u00f3rico"},"content":{"rendered":"<p><img src=\"http:\/\/hoycordobaweb.com\/wp-content\/uploads\/2022\/08\/petro-asume-la-presidencia-con-la-demanda-de-lograr-un-cambio-historico.jpg\"><\/p>\n<figure class=\"mb-3\"><img loading=\"lazy\" src=\"http:\/\/hoycordobaweb.com\/wp-content\/uploads\/2022\/08\/petro-asume-la-presidencia-con-la-demanda-de-lograr-un-cambio-historico-2.jpg\" width=\"100%\" height=\"100%\" alt=\"Petro marcar un hito en la historia de la poltica colombiana Foto Pablo Aeli\"><figcaption> Petro marcar\u00e1 un hito en la historia de la pol\u00edtica colombiana. Foto: Pablo A\u00f1eli <\/figcaption><\/figure>\n<p><strong><a href=\"https:\/\/www.telam.com.ar\/notas\/202208\/600809-gustavo-petro-colombia.html\" target=\"_blank\" rel=\"noopener noreferrer\">Gustavo Petro asume este domingo la presidencia de Colombia<\/a><\/strong> en la que ser\u00e1 la primera propuesta de izquierda que busca poner fin a siete d\u00e9cadas de gobiernos conservadores, con el desaf\u00edo de consolidar mayor\u00edas para avanzar hacia la pacificaci\u00f3n del pa\u00eds, lograr revertir la desigualdad y responder a las expectativas de cambio que le demandaron m\u00e1s de 11 millones de votantes, en una ceremonia en Bogot\u00e1 a la que asistir\u00e1n mandatarios de todo el mundo, <strong><a href=\"https:\/\/www.telam.com.ar\/notas\/202208\/600822-alberto-fernandez-viaje-asuncion-petro.html\" target=\"_blank\" rel=\"noopener noreferrer\">entre ellos Alberto Fern\u00e1ndez<\/a><\/strong>.<\/p>\n<p><strong>El economista y exalcalde de Bogot\u00e1 de 62 a\u00f1os se consagr\u00f3 como el pr\u00f3ximo ocupante de la Casa de Nari\u00f1o<\/strong> (sede del Gobierno colombiano) hasta 2026 luego de su victoria en el balotaje del pasado 19 de junio, en el que su coalici\u00f3n Pacto Hist\u00f3rico se impuso con el 50,47% de los votos de los votos sobre el pol\u00edtico y empresario liberal Rodolfo Hern\u00e1ndez.<\/p>\n<p><strong>A Petro le tocar\u00e1 suceder al gobierno del saliente presidente Iv\u00e1n Duque<\/strong> (con casi 70% de desaprobaci\u00f3n), que estuvo signado por su incumplimiento de los Acuerdos de Paz de 2016, el fracaso de su reforma impositiva y las cr\u00edticas a su gesti\u00f3n enmarcadas en el llamado Paro Nacional nacido en 2019 y que se extendi\u00f3 con sucesivas protestas hasta 2021, y en las que la Comisi\u00f3n Interamericana de Derechos Humanos (CIDH) constat\u00f3 el uso desproporcionado de la fuerza, desapariciones, entre otros delitos.<\/p>\n<p>Los d\u00e9ficits en torno al cumplimiento y ampliaci\u00f3n de los Acuerdos de Paz ser\u00e1n uno de los principales retos del pr\u00f3ximo ocupante de la Casa Nari\u00f1o, en un pa\u00eds en el que seg\u00fan el Comit\u00e9 Internacional de la Cruz Roja (CICR) hay 6 conflictos armados a\u00fan vigentes.<\/p>\n<p>El gobierno entrante, as\u00ed como el Ej\u00e9rcito de Liberaci\u00f3n Nacional (ELN), ya manifestaron su voluntad a dialogar camino a lograr la \u201cpaz total\u201d. Especialistas advierten de los peligros que implica modificar el estatus quo en un pa\u00eds en el que las resistencias suelen ser violentas.<\/p>\n<h2 class>La campa\u00f1a que llev\u00f3 a la presidencia a Petro<\/h2>\n<p>La campa\u00f1a del Pacto Hist\u00f3rico, una alianza con diversos partidos de izquierda, estuvo apuntalada luego de la primera vuelta por la figura de la vicepresidenta Francia M\u00e1rquez, la l\u00edder ambientalista que hab\u00eda sido rival de Petro en las primarias de marzo, pero con la que cerr\u00f3 filas en un armado hist\u00f3rico de cara a las presidenciales.<\/p>\n<p>Frente a la incertidumbre que generaba su figura para el establishment y al escenario post primera vuelta, en la que Hern\u00e1ndez hab\u00eda quedado casi 13 puntos por debajo, pero se tem\u00eda que alineara a los conservadores detr\u00e1s suyo en el balotaje, Petro convoc\u00f3 a un Gran Acuerdo Nacional con partidos de centro, entre ellos el Liberal.<\/p>\n<p>Los acuerdos que traz\u00f3 luego de su victoria se tradujeron en designaciones en su gabinete, as\u00ed como en la conformaci\u00f3n de mayor\u00edas en el Congreso en base a una serie de reformas.<\/p>\n<h2 class>El futuro gabinete<\/h2>\n<p>En cuanto al gabinete, el gobierno entrante conjugar\u00e1 por un lado liderazgos tecnocr\u00e1ticos progresistas -como el de Jos\u00e9 Antonio Campo en Hacienda o Alejandro Gaviria en Educaci\u00f3n- que podr\u00edan tranquilizar al establishment; y por otro a aliados de su base, como por ejemplo a l\u00edderes ind\u00edgenas en puestos importantes y a un l\u00edder de derechos humanos, Danilo Rueda, como Alto Comisionado para la Paz, adem\u00e1s de sumar liderazgos regionales y j\u00f3venes.<\/p>\n<p>Si bien los nombres de los principales ministros ya se conocen, a\u00fan resta designar algunos cargos, a la vez que se concrete la anunciada creaci\u00f3n de dos nuevos ministerios: el de la Igualdad, que estar\u00e1 a cargo de la vicepresidenta; y el de Paz, Seguridad y Convivencia, del que depender\u00eda la Polic\u00eda colombiana, que a\u00fan permanece en Defensa. Estas nuevas carteras deben ser aprobadas por el Congreso.<\/p>\n<p>La ampliaci\u00f3n de alianzas tambi\u00e9n se escenific\u00f3 en el Congreso, donde si bien Petro logr\u00f3 tener mayor\u00eda gracias a que distintas bancadas se pronunciaron como \u201cpartido de gobierno\u201d, ahora deber\u00e1 sostenerlas porque no ser\u00e1 un apoyo \u201cautom\u00e1tico\u201d.<\/p>\n<p>El Pacto Hist\u00f3rico logr\u00f3 quedarse con la presidencia de ambas c\u00e1maras -las que estar\u00e1n lideradas por David Racero y Roy Barreras- al menos para 2022.<\/p>\n<p>Este ser\u00e1 adem\u00e1s un Legislativo con casi dos tercios de congresistas nuevos, que ampli\u00f3 la participaci\u00f3n de las mujeres (a\u00fan en un magro 28,5%) y que por primera vez incluir\u00e1 a representantes electos por las Circunscripciones Transitorias Especiales nacidas de los Acuerdos de Paz de 2016.<\/p>\n<p>El Congreso, que ya comenz\u00f3 a funcionar en forma oficial en julio, se prepara para tratar los cinco principales proyectos que Petro impulsar\u00e1 en 2022: la reforma pol\u00edtica, la tributaria, la rural, la creaci\u00f3n de ministerios y la elaboraci\u00f3n de su Plan de Desarrollo, fijado por la Constituci\u00f3n para que los gobierno adapten sus promesas de campa\u00f1a a un plan concreto.<\/p>\n<p>Despu\u00e9s de la elecci\u00f3n, el gobierno de Duque junto con Petro iniciaron el proceso de transici\u00f3n a trav\u00e9s de sus designados en una comisi\u00f3n de empalme, que d\u00edas atr\u00e1s public\u00f3 un informe en el que incluy\u00f3 una descripci\u00f3n de \u201calertas cr\u00edticas\u201d y un \u201csem\u00e1foro\u201d con recomendaciones acerca de si continuar o discontinuar pol\u00edticas heredadas.<\/p>\n<p>Las principales urgencias, seg\u00fan la comisi\u00f3n, ser\u00e1n el d\u00e9ficit fiscal, la \u201cinsostenibilidad del sistema\u201d de Salud (con deudas acumuladas y \u201criesgos de corrupci\u00f3n\u201d), descapitalizaci\u00f3n en la cartera de Agricultura, entre otros problemas en \u00e1reas como Miner\u00eda y Energ\u00eda.<\/p>\n<p>La transici\u00f3n energ\u00e9tica y el rechazo al fracking, parte de la agenda \u201cverde\u201d de Petro y M\u00e1rquez, plantea grandes desaf\u00edos en un pa\u00eds cuya principal exportadora es la industria del petr\u00f3leo y que cobra m\u00e1s valor en tiempos de disputa internacional por los recursos energ\u00e9ticos.<\/p>\n<p>En pol\u00edtica exterior hubo poco anticipo: anunci\u00f3 que reanudar\u00e1 relaciones con Venezuela -en julio el designado canciller \u00c1lvaro Leyva, y su par venezolano, Carlos Far\u00eda, sellaron un acuerdo para retomar v\u00ednculos diplom\u00e1ticas-; prometi\u00f3 revisar los tratados de libre comercio, no ha cuestionado las bases de la relaci\u00f3n con Estados Unidos, muestra cierta apertura hacia China y propone \u201cun di\u00e1logo en las Am\u00e9ricas sin exclusiones\u201d.<\/p>\n<h2 class>Preparativos para la asunci\u00f3n<\/h2>\n<p>La ceremonia de traspaso de mando se realizar\u00e1 en la Plaza de Bol\u00edvar, en el centro de Bogot\u00e1, donde adem\u00e1s de contar con la presencia de mandatarios y delegaciones internacionales se espera que asistan m\u00e1s de 100.000 personas, las que tambi\u00e9n disfrutar\u00e1n de espect\u00e1culos culturales.<\/p>\n<p>Adem\u00e1s de Alberto Fern\u00e1ndez estar\u00e1n en la asunci\u00f3n los presidentes Luis Arce (Bolivia), Gabriel Boric (Chile); Rodrigo Chaves (Costa Rica); Guillermo Lasso (Ecuador); Xiomara Castro (Honduras); Laurentino Cortizo (Panam\u00e1); Mario Abdo Ben\u00edtez (Paraguay) y Luis Abinader (Rep\u00fablica Dominicana).<\/p>\n<p>Asimismo, asistir\u00e1 el rey Felipe VI de Espa\u00f1a, una delegaci\u00f3n de funcionarios estadounidenses, el jefe de Gobierno de Curazao, Bernard Whiteman, los vicepresidentes de El Salvador, F\u00e9lix Ulloa; de Per\u00fa, Dina Boluarte -luego de que el Congreso no le diera permiso para salir del pa\u00eds al presidente Pedro Castillo-; de Uruguay, Beatriz Argim\u00f3n; el canciller de Brasil, Carlos Fran\u00e7a; y la primera dama de M\u00e9xico, Beatriz Guti\u00e9rrez. <\/p>\n","protected":false},"excerpt":{"rendered":"<p>Petro marcar\u00e1 un hito en la historia de la pol\u00edtica colombiana. Foto: Pablo A\u00f1eli Gustavo Petro asume este domingo la presidencia de Colombia en la que ser\u00e1 la primera propuesta de izquierda que busca poner fin a siete d\u00e9cadas de gobiernos conservadores, con el desaf\u00edo de consolidar mayor\u00edas para avanzar hacia la pacificaci\u00f3n del pa\u00eds, [&hellip;]<\/p>\n","protected":false},"author":1,"featured_media":46440,"comment_status":"open","ping_status":"closed","sticky":false,"template":"","format":"standard","meta":[],"categories":[19],"tags":[],"_links":{"self":[{"href":"http:\/\/hoycordobaweb.com\/index.php\/wp-json\/wp\/v2\/posts\/46439"}],"collection":[{"href":"http:\/\/hoycordobaweb.com\/index.php\/wp-json\/wp\/v2\/posts"}],"about":[{"href":"http:\/\/hoycordobaweb.com\/index.php\/wp-json\/wp\/v2\/types\/post"}],"author":[{"embeddable":true,"href":"http:\/\/hoycordobaweb.com\/index.php\/wp-json\/wp\/v2\/users\/1"}],"replies":[{"embeddable":true,"href":"http:\/\/hoycordobaweb.com\/index.php\/wp-json\/wp\/v2\/comments?post=46439"}],"version-history":[{"count":0,"href":"http:\/\/hoycordobaweb.com\/index.php\/wp-json\/wp\/v2\/posts\/46439\/revisions"}],"wp:featuredmedia":[{"embeddable":true,"href":"http:\/\/hoycordobaweb.com\/index.php\/wp-json\/wp\/v2\/media\/46440"}],"wp:attachment":[{"href":"http:\/\/hoycordobaweb.com\/index.php\/wp-json\/wp\/v2\/media?parent=46439"}],"wp:term":[{"taxonomy":"category","embeddable":true,"href":"http:\/\/hoycordobaweb.com\/index.php\/wp-json\/wp\/v2\/categories?post=46439"},{"taxonomy":"post_tag","embeddable":true,"href":"http:\/\/hoycordobaweb.com\/index.php\/wp-json\/wp\/v2\/tags?post=46439"}],"curies":[{"name":"wp","href":"https:\/\/api.w.org\/{rel}","templated":true}]}}