{"id":46424,"date":"2022-08-06T12:28:14","date_gmt":"2022-08-06T12:28:14","guid":{"rendered":"https:\/\/www.ole.com.ar\/futbol-internacional\/atletico-juventus-suspendido-israel_0_ujEtJi2RVJ.html"},"modified":"2022-08-06T12:28:14","modified_gmt":"2022-08-06T12:28:14","slug":"juventus-atletico-suspendido-por-la-escalada-de-violencia-en-israel","status":"publish","type":"post","link":"http:\/\/hoycordobaweb.com\/index.php\/2022\/08\/06\/juventus-atletico-suspendido-por-la-escalada-de-violencia-en-israel\/","title":{"rendered":"Juventus &#8211; Atl\u00e9tico suspendido por la escalada de violencia en Israel"},"content":{"rendered":"<p><img src=\"http:\/\/hoycordobaweb.com\/wp-content\/uploads\/2022\/08\/juventus-atletico-suspendido-por-la-escalada-de-violencia-en-israel.jpg\"><\/p>\n<p>El amistoso que iban a protagonizar <a alt=\"juventus\" class=\"slug\" href=\"https:\/\/www.ole.com.ar\/tema\/juventus.html\" target=\"_blank\" title=\"juventus\" rel=\"noopener noreferrer\">Juventus <\/a>y el <a alt=\"atlletico-de-madrid\" class=\"slug\" href=\"https:\/\/www.ole.com.ar\/tema\/atlletico-de-madrid.html\" target=\"_blank\" title=\"atlletico-de-madrid\" rel=\"noopener noreferrer\">Atl\u00e9tico de Madrid <\/a>en Tel Aviv este domingo <strong>fue suspendido por cuestiones de seguridad<\/strong>, a ra\u00edz de los nuevos enfrentamientos entre Israel y Palestina en la Franja de Gaza. El mismo se disputar\u00e1 finalmente en el Centro de Entrenamiento Continassa del conjunto italiano, seg\u00fan confirm\u00f3 el propio club turin\u00e9s.<\/p>\n<div class=\"sp__SM\">\n<div class=\"content-new \"> <span class=\"tit-mobile\">Mir\u00e1 tambi\u00e9n<\/span> <\/p>\n<div class=\"mg\">\n<div class=\"wrap-figure\"> <picture> <a href=\"https:\/\/www.ole.com.ar\/fuera-de-juego\/relato-nino-pobreza-duro-brasil_0_qYnLFe97XE.html\" target=\"_self\" rel=\"noopener noreferrer\"> <img class=\"img-responsive\" alt=\"Video viral: el duro relato de un ni\u00f1o argentino que conmocion\u00f3 a un club brasile\u00f1o\" src=\"http:\/\/hoycordobaweb.com\/wp-content\/uploads\/2022\/08\/juventus-atletico-suspendido-por-la-escalada-de-violencia-en-israel-2.jpg\" loading=\"lazy\"> <\/a> <\/picture> <\/div><\/div><\/div>\n<\/div>\n<p>Juventus fue el primero que expres\u00f3 sus dudas ante la escalada de violencia en la zona y avis\u00f3 que no viajar\u00eda hacia tierras israelitas. En consecuencia, el equipo del<a alt=\"diego-simeone\" class=\"slug\" href=\"https:\/\/www.ole.com.ar\/tema\/diego-simeone.html\" target=\"_blank\" title=\"diego-simeone\" rel=\"noopener noreferrer\"> Cholo Simeone,<\/a> que sobre el mediod\u00eda espa\u00f1ol ten\u00eda previsto viajar a Tel Aviv, tambi\u00e9n tom\u00f3 la determinaci\u00f3n de cancelar la expedici\u00f3n.<\/p>\n<div class=\"sp__Normal\">\n<div class=\"image-embeb image-trigger\" readability=\"6\"> <picture><source media=\"(min-width: 720px)\" srcset=\"http:\/\/hoycordobaweb.com\/wp-content\/uploads\/2022\/08\/juventus-atletico-suspendido-por-la-escalada-de-violencia-en-israel-3.jpg\"><img itemprop=\"image\" src=\"http:\/\/hoycordobaweb.com\/wp-content\/uploads\/2022\/08\/juventus-atletico-suspendido-por-la-escalada-de-violencia-en-israel-3.jpg\" loading=\"lazy\" alt=\"Simeone en la pr\u00e1ctica de este s\u00e1bado (EFE).\"> <\/picture><figcaption readability=\"2\">\n<p>Simeone en la pr\u00e1ctica de este s\u00e1bado (EFE). <\/p>\n<\/figcaption><\/div>\n<\/div>\n<p>As\u00ed las cosas, los equipos de <a alt=\"angel-di-maria\" class=\"slug\" href=\"https:\/\/www.ole.com.ar\/tema\/angel-di-maria.html\" target=\"_blank\" title=\"angel-di-maria\" rel=\"noopener noreferrer\">\u00c1ngel Di Mar\u00eda,<\/a> por un lado, y de Nahuel Molina, <a alt=\"rodrigo-de-paul\" class=\"slug\" href=\"https:\/\/www.ole.com.ar\/tema\/rodrigo-de-paul.html\" target=\"_blank\" title=\"rodrigo-de-paul\" rel=\"noopener noreferrer\">Rodrigo De Paul <\/a>y \u00c1ngel Correa, del otro,<strong> jugar\u00e1n el partido amistoso en Tur\u00edn y sin p\u00fablico.<\/strong> La Vecchia Signora ya avis\u00f3 mediante un comunicado que ser\u00e1 reembolsado el valor de las entradas para aquellos que hubieran sacado tickets.<\/p>\n<p><strong>\u00abSe iban a enfrentar en Tel Aviv y se encontrar\u00e1n en Tur\u00edn.<\/strong> El amistoso entre el Juventus y el Atl\u00e9tico de Madrid, inicialmente previsto en Israel, se disputar\u00e1 ma\u00f1ana en el terreno de juego del Centro de Entrenamiento Continassa. El partido no estar\u00e1 abierto al p\u00fablico\u00bb, anunci\u00f3 Juventus esta tarde en un comunicado.<\/p>\n<div class=\"sp__SM\">\n<div class=\"content-new \"> <span class=\"tit-mobile\">Mir\u00e1 tambi\u00e9n<\/span> <\/p>\n<div class=\"mg\">\n<div class=\"wrap-figure\"> <picture> <a href=\"https:\/\/www.ole.com.ar\/futbol-internacional\/premier-city-united-julian-lisandro_0_iYmUfmiWtS.html\" target=\"_self\" rel=\"noopener noreferrer\"> <img class=\"img-responsive\" alt=\"Los argentinos que dir\u00e1n presente en la Premier\" src=\"http:\/\/hoycordobaweb.com\/wp-content\/uploads\/2022\/08\/juventus-atletico-suspendido-por-la-escalada-de-violencia-en-israel-4.jpg\" loading=\"lazy\"> <\/a> <\/picture> <\/div><\/div><\/div>\n<\/div>\n<p>\u00abTras la suspensi\u00f3n del amistoso que este domingo deb\u00edamos disputar frente a la Juventus en Tel Aviv -debido a la actual situaci\u00f3n de seguridad-, nuestro club y la entidad transalpina han acordado jugar dicho partido en Tur\u00edn\u00bb, inform\u00f3, por su parte, el Atl\u00e9tico de Madrid.<\/p>\n<p>Vale recordar que este amistoso<strong> era el \u00faltimo de la pretemporada para ambos equipos, que la pr\u00f3xima semana debutar\u00e1n en sus respectivas ligas.<\/strong> Los de Diego Simeone sumaron tres victorias frente al Numancia (0-4), el Manchester United (0-1) y el C\u00e1diz (1-4), en tanto que la Juve derrot\u00f3 2-0 a Chivas de Guadalajara, igual\u00f3 2-2 con el Barcelona y luego cay\u00f3 2-0 ante Real Madrid.<\/p>\n<h2><strong>Dram\u00e1tica situaci\u00f3n en Gaza<\/strong><\/h2>\n<div class=\"sp__Normal\">\n<div class=\"image-embeb image-trigger\" readability=\"6\"> <picture><source media=\"(min-width: 720px)\" srcset=\"http:\/\/hoycordobaweb.com\/wp-content\/uploads\/2022\/08\/juventus-atletico-suspendido-por-la-escalada-de-violencia-en-israel-5.jpg\"><img itemprop=\"image\" src=\"http:\/\/hoycordobaweb.com\/wp-content\/uploads\/2022\/08\/juventus-atletico-suspendido-por-la-escalada-de-violencia-en-israel-5.jpg\" loading=\"lazy\" alt=\"Una casa destruida en Gaza (EFE).\"> <\/picture><figcaption readability=\"2\">\n<p>Una casa destruida en Gaza (EFE). <\/p>\n<\/figcaption><\/div>\n<\/div>\n<p>Las fuerzas israel\u00edes se adjudicaron el bombardeo de una c\u00e9lula terrorista del grupo Yihad Isl\u00e1mica Palestina como un ataque preventivo, que seg\u00fan fuentes locales <strong>habr\u00eda causado la muerte de al menos 12&nbsp;personas y 90&nbsp;heridos. <\/strong>\u00abHubo cuatro m\u00e1rtires, entre ellos una ni\u00f1a de cinco a\u00f1os, abatida por la ocupaci\u00f3n israel\u00ed\u00bb, indic\u00f3 el ministro de Salud de la Franja de Gaza.<\/p>\n<div class=\"sp__SM\">\n<div class=\"content-new \"> <span class=\"tit-mobile\">Mir\u00e1 tambi\u00e9n<\/span> <\/p>\n<div class=\"mg\">\n<div class=\"wrap-figure\"> <picture> <a href=\"https:\/\/www.ole.com.ar\/informacion-general\/astrada-robo-casa_0_NAZccRlixO.html\" target=\"_self\" rel=\"noopener noreferrer\"> <img class=\"img-responsive\" alt=\"Entraron a robar a la casa de Astrada\" src=\"http:\/\/hoycordobaweb.com\/wp-content\/uploads\/2022\/08\/juventus-atletico-suspendido-por-la-escalada-de-violencia-en-israel-6.jpg\" loading=\"lazy\"> <\/a> <\/picture> <\/div><\/div><\/div>\n<\/div>\n<p>Horas m\u00e1s tarde lleg\u00f3 la contestaci\u00f3n por parte del grupo armado palestino:&nbsp;\u00abComo respuesta inicial a la muerte del comandante Taysir al Jabari y de sus hermanos m\u00e1rtires,<strong> la Brigada Al Qods cubri\u00f3 Tel Aviv, las ciudades del centro&nbsp;y las zonas cercanas a Gaza con m\u00e1s de 100 cohetes\u00bb<\/strong>, indic\u00f3 la rama militar de la Yihad Isl\u00e1mica.<\/p>\n<div class=\"entry-tags\">\n<h2>TEMAS QUE APARECEN EN ESTA NOTA<\/h2>\n<\/p><\/div>\n","protected":false},"excerpt":{"rendered":"<p>El amistoso que iban a protagonizar Juventus y el Atl\u00e9tico de Madrid en Tel Aviv este domingo fue suspendido por cuestiones de seguridad, a ra\u00edz de los nuevos enfrentamientos entre Israel y Palestina en la Franja de Gaza. El mismo se disputar\u00e1 finalmente en el Centro de Entrenamiento Continassa del conjunto italiano, seg\u00fan confirm\u00f3 el [&hellip;]<\/p>\n","protected":false},"author":1,"featured_media":46425,"comment_status":"open","ping_status":"closed","sticky":false,"template":"","format":"standard","meta":[],"categories":[16],"tags":[],"_links":{"self":[{"href":"http:\/\/hoycordobaweb.com\/index.php\/wp-json\/wp\/v2\/posts\/46424"}],"collection":[{"href":"http:\/\/hoycordobaweb.com\/index.php\/wp-json\/wp\/v2\/posts"}],"about":[{"href":"http:\/\/hoycordobaweb.com\/index.php\/wp-json\/wp\/v2\/types\/post"}],"author":[{"embeddable":true,"href":"http:\/\/hoycordobaweb.com\/index.php\/wp-json\/wp\/v2\/users\/1"}],"replies":[{"embeddable":true,"href":"http:\/\/hoycordobaweb.com\/index.php\/wp-json\/wp\/v2\/comments?post=46424"}],"version-history":[{"count":0,"href":"http:\/\/hoycordobaweb.com\/index.php\/wp-json\/wp\/v2\/posts\/46424\/revisions"}],"wp:featuredmedia":[{"embeddable":true,"href":"http:\/\/hoycordobaweb.com\/index.php\/wp-json\/wp\/v2\/media\/46425"}],"wp:attachment":[{"href":"http:\/\/hoycordobaweb.com\/index.php\/wp-json\/wp\/v2\/media?parent=46424"}],"wp:term":[{"taxonomy":"category","embeddable":true,"href":"http:\/\/hoycordobaweb.com\/index.php\/wp-json\/wp\/v2\/categories?post=46424"},{"taxonomy":"post_tag","embeddable":true,"href":"http:\/\/hoycordobaweb.com\/index.php\/wp-json\/wp\/v2\/tags?post=46424"}],"curies":[{"name":"wp","href":"https:\/\/api.w.org\/{rel}","templated":true}]}}