{"id":46404,"date":"2022-08-06T17:27:20","date_gmt":"2022-08-06T17:27:20","guid":{"rendered":"http:\/\/hoycordobaweb.com\/index.php\/2022\/08\/06\/en-rosario-prohibiran-cabecear-en-los-partidos-de-futbol-442\/"},"modified":"2022-08-06T17:27:20","modified_gmt":"2022-08-06T17:27:20","slug":"en-rosario-prohibiran-cabecear-en-los-partidos-de-futbol-442","status":"publish","type":"post","link":"http:\/\/hoycordobaweb.com\/index.php\/2022\/08\/06\/en-rosario-prohibiran-cabecear-en-los-partidos-de-futbol-442\/","title":{"rendered":"En Rosario prohibir\u00e1n cabecear en los partidos de <b>f\u00fatbol<\/b> | 442"},"content":{"rendered":"<p>La Asociaci\u00f3n Rosarina de F\u00fatbol anunci\u00f3 la puesta en marcha de la &#8230; mundo y que la Asociaci\u00f3n del <b>F\u00fatbol Argentino<\/b> (AFA) estudia al detalle. <\/p>\n","protected":false},"excerpt":{"rendered":"<p>La Asociaci\u00f3n Rosarina de F\u00fatbol anunci\u00f3 la puesta en marcha de la &#8230; mundo y que la Asociaci\u00f3n del F\u00fatbol Argentino (AFA) estudia al detalle.<\/p>\n","protected":false},"author":1,"featured_media":0,"comment_status":"closed","ping_status":"closed","sticky":false,"template":"","format":"standard","meta":[],"categories":[22],"tags":[],"_links":{"self":[{"href":"http:\/\/hoycordobaweb.com\/index.php\/wp-json\/wp\/v2\/posts\/46404"}],"collection":[{"href":"http:\/\/hoycordobaweb.com\/index.php\/wp-json\/wp\/v2\/posts"}],"about":[{"href":"http:\/\/hoycordobaweb.com\/index.php\/wp-json\/wp\/v2\/types\/post"}],"author":[{"embeddable":true,"href":"http:\/\/hoycordobaweb.com\/index.php\/wp-json\/wp\/v2\/users\/1"}],"replies":[{"embeddable":true,"href":"http:\/\/hoycordobaweb.com\/index.php\/wp-json\/wp\/v2\/comments?post=46404"}],"version-history":[{"count":0,"href":"http:\/\/hoycordobaweb.com\/index.php\/wp-json\/wp\/v2\/posts\/46404\/revisions"}],"wp:attachment":[{"href":"http:\/\/hoycordobaweb.com\/index.php\/wp-json\/wp\/v2\/media?parent=46404"}],"wp:term":[{"taxonomy":"category","embeddable":true,"href":"http:\/\/hoycordobaweb.com\/index.php\/wp-json\/wp\/v2\/categories?post=46404"},{"taxonomy":"post_tag","embeddable":true,"href":"http:\/\/hoycordobaweb.com\/index.php\/wp-json\/wp\/v2\/tags?post=46404"}],"curies":[{"name":"wp","href":"https:\/\/api.w.org\/{rel}","templated":true}]}}