{"id":46394,"date":"2022-08-04T18:08:09","date_gmt":"2022-08-04T18:08:09","guid":{"rendered":"https:\/\/fono.fcm.unc.edu.ar\/?p=9584"},"modified":"2022-08-04T18:08:09","modified_gmt":"2022-08-04T18:08:09","slug":"becas-progresar-abrio-la-inscripcion-al-segundo-llamado","status":"publish","type":"post","link":"http:\/\/hoycordobaweb.com\/index.php\/2022\/08\/04\/becas-progresar-abrio-la-inscripcion-al-segundo-llamado\/","title":{"rendered":"Becas Progresar: abri\u00f3 la inscripci\u00f3n al segundo llamado"},"content":{"rendered":"<h2 class=\"fusion-post-title\">Becas Progresar: abri\u00f3 la inscripci\u00f3n al segundo llamado<\/h2>\n<div class=\"post-content\" readability=\"33.785515320334\">\n<p><img loading=\"lazy\" class=\"size-full wp-image-9585 alignright\" src=\"https:\/\/fono.fcm.unc.edu.ar\/wp-content\/uploads\/sites\/14\/2022\/08\/descarga.jpeg\" alt width=\"289\" height=\"175\" srcset=\"https:\/\/fono.fcm.unc.edu.ar\/wp-content\/uploads\/sites\/14\/2022\/08\/descarga-200x121.jpeg 200w, https:\/\/fono.fcm.unc.edu.ar\/wp-content\/uploads\/sites\/14\/2022\/08\/descarga.jpeg 289w\" sizes=\"(max-width: 289px) 100vw, 289px\">Las Becas Progresar se trata de un beneficio que est\u00e1 dirigido a aquellos j\u00f3venes y adultos que deseen completar sus estudios, ya sea secundarios, universitarios o en determinadas \u00e1reas laborales.<\/p>\n<p>Quienes est\u00e9n interesadxs en ser beneficiarixs, deber\u00e1n anotarse hasta el pr\u00f3ximo 31 de agosto ingresando a <a href=\"https:\/\/www.argentina.gob.ar\/educacion\/progresar\">https:\/\/www.argentina.gob.ar\/educacion\/progresar<\/a><\/p>\n<\/p><\/div>\n","protected":false},"excerpt":{"rendered":"<p>Becas Progresar: abri\u00f3 la inscripci\u00f3n al segundo llamado Las Becas Progresar se trata de un beneficio que est\u00e1 dirigido a aquellos j\u00f3venes y adultos que deseen completar sus estudios, ya sea secundarios, universitarios o en determinadas \u00e1reas laborales. Quienes est\u00e9n interesadxs en ser beneficiarixs, deber\u00e1n anotarse hasta el pr\u00f3ximo 31 de agosto ingresando a https:\/\/www.argentina.gob.ar\/educacion\/progresar<\/p>\n","protected":false},"author":1,"featured_media":0,"comment_status":"closed","ping_status":"closed","sticky":false,"template":"","format":"standard","meta":[],"categories":[1],"tags":[],"_links":{"self":[{"href":"http:\/\/hoycordobaweb.com\/index.php\/wp-json\/wp\/v2\/posts\/46394"}],"collection":[{"href":"http:\/\/hoycordobaweb.com\/index.php\/wp-json\/wp\/v2\/posts"}],"about":[{"href":"http:\/\/hoycordobaweb.com\/index.php\/wp-json\/wp\/v2\/types\/post"}],"author":[{"embeddable":true,"href":"http:\/\/hoycordobaweb.com\/index.php\/wp-json\/wp\/v2\/users\/1"}],"replies":[{"embeddable":true,"href":"http:\/\/hoycordobaweb.com\/index.php\/wp-json\/wp\/v2\/comments?post=46394"}],"version-history":[{"count":0,"href":"http:\/\/hoycordobaweb.com\/index.php\/wp-json\/wp\/v2\/posts\/46394\/revisions"}],"wp:attachment":[{"href":"http:\/\/hoycordobaweb.com\/index.php\/wp-json\/wp\/v2\/media?parent=46394"}],"wp:term":[{"taxonomy":"category","embeddable":true,"href":"http:\/\/hoycordobaweb.com\/index.php\/wp-json\/wp\/v2\/categories?post=46394"},{"taxonomy":"post_tag","embeddable":true,"href":"http:\/\/hoycordobaweb.com\/index.php\/wp-json\/wp\/v2\/tags?post=46394"}],"curies":[{"name":"wp","href":"https:\/\/api.w.org\/{rel}","templated":true}]}}