{"id":46362,"date":"2022-08-05T18:22:41","date_gmt":"2022-08-05T18:22:41","guid":{"rendered":"https:\/\/www.ole.com.ar\/fuera-de-juego\/bayern-periodista-carrera-nagelsmann_0_r4vnAm6dg9.html"},"modified":"2022-08-05T18:22:41","modified_gmt":"2022-08-05T18:22:41","slug":"el-entrenador-del-bayern-sobre-su-relacion-con-una-periodista-no-quiero-danar-mi-carrera","status":"publish","type":"post","link":"http:\/\/hoycordobaweb.com\/index.php\/2022\/08\/05\/el-entrenador-del-bayern-sobre-su-relacion-con-una-periodista-no-quiero-danar-mi-carrera\/","title":{"rendered":"El entrenador del Bayern sobre su relaci\u00f3n con una periodista: \u00abNo quiero da\u00f1ar mi carrera\u00bb"},"content":{"rendered":"<p><img src=\"http:\/\/hoycordobaweb.com\/wp-content\/uploads\/2022\/08\/el-entrenador-del-bayern-sobre-su-relacion-con-una-periodista-no-quiero-danar-mi-carrera.jpg\"><\/p>\n<p>Hace unos meses se filtr\u00f3 que Julian Nagelsmann, entrenador del Bayern Munich, estaba en pareja con una periodista que sol\u00eda cubrir al equipo alem\u00e1n. El det\u00e9 fue&nbsp;fue fotografiado en Ibiza a finales de junio a bordo de un yate acompa\u00f1ado por Lena Wurzenberger y r\u00e1pidamente los portales de noticias alemanes se encargaron de difundir la noticia. Sin embargo, ahora el t\u00e9cnico de 35 a\u00f1os cont\u00f3 lo compleja que es la situaci\u00f3n para ambos.<\/p>\n<div class=\"sp__SM\">\n<div class=\"content-new \"> <span class=\"tit-mobile\">Mir\u00e1 tambi\u00e9n<\/span> <\/p>\n<div class=\"mg\">\n<div class=\"wrap-figure\"> <picture> <a href=\"https:\/\/www.ole.com.ar\/ecuador\/fuera-de-juego\/antonio-valencia-saludos-cumpleanos-uefa-tri-ecuador-manchester-united-posteos_0_kdoYkomvEB.html\" target=\"_self\" rel=\"noopener noreferrer\"> <img class=\"img-responsive\" alt=\"De la Tri a la UEFA: los saludos internacionales para To\u00f1o Valencia\" src=\"http:\/\/hoycordobaweb.com\/wp-content\/uploads\/2022\/08\/el-entrenador-del-bayern-sobre-su-relacion-con-una-periodista-no-quiero-danar-mi-carrera-2.jpg\" loading=\"lazy\"> <\/a> <\/picture> <\/div><\/div><\/div>\n<\/div>\n<p>La comunicadora de 30 a\u00f1os tuvo que dejar de estar&nbsp;a cargo de las coberturas y tampoco podr\u00e1 seguir&nbsp;vinculada con la instituci\u00f3n de Munich. Por su parte, Nagelsmann habl\u00f3 por primera vez sobre su relaci\u00f3n y en una entrevista con el medio Faz exclam\u00f3:&nbsp;<mark><strong>\u201cVerdaderamente no quiero da\u00f1ar mi propia carrera\u201d.&nbsp;<\/strong><\/mark><\/p>\n<div class=\"sp__SM\">\n<div class=\"content-new \"> <span class=\"tit-mobile\">Mir\u00e1 tambi\u00e9n<\/span> <\/p>\n<div class=\"mg\">\n<div class=\"wrap-figure\"> <picture> <a href=\"https:\/\/www.ole.com.ar\/futbol-internacional\/cano-fluminense-brasileirao_0_UQehBMj7nU.html\" target=\"_self\" rel=\"noopener noreferrer\"> <img class=\"img-responsive\" alt=\"\u00a1Cano baj\u00f3 del auto a grabar su gol!\" src=\"http:\/\/hoycordobaweb.com\/wp-content\/uploads\/2022\/08\/el-entrenador-del-bayern-sobre-su-relacion-con-una-periodista-no-quiero-danar-mi-carrera-3.jpg\" loading=\"lazy\"> <\/a> <\/picture> <\/div><\/div><\/div>\n<\/div>\n<p><strong>\u201cComo entrenador, dependes al 100% de c\u00f3mo tus jugadores implementan tus ideas. Realmente entiendo que esta acusaci\u00f3n pueda llegar&#8230; \u00bfpero en qu\u00e9 inter\u00e9s debo decirte algo?\u201d<\/strong>, agreg\u00f3 el preparador.<\/p>\n<div class=\"sp__SM\">\n<div class=\"content-new \"> <span class=\"tit-mobile\">Mir\u00e1 tambi\u00e9n<\/span> <\/p>\n<div class=\"mg\">\n<div class=\"wrap-figure\"> <picture> <a href=\"https:\/\/www.ole.com.ar\/ecuador\/internacional\/haaland-debut-oficial-manchester-city_0_QXS9ZoUVXN.html\" target=\"_self\" rel=\"noopener noreferrer\"> <img class=\"img-responsive\" alt=\"Haaland, antes del debut en la Premier: &quot;Puedo mejorar&quot;\" src=\"http:\/\/hoycordobaweb.com\/wp-content\/uploads\/2022\/08\/el-entrenador-del-bayern-sobre-su-relacion-con-una-periodista-no-quiero-danar-mi-carrera-4.jpg\" loading=\"lazy\"> <\/a> <\/picture> <\/div><\/div><\/div>\n<\/div>\n<p>Adem\u00e1s analiz\u00f3 en profundidad los riesgos que tiene ya que si se filtrara algo sobre el equipo ser\u00eda \u00abel primero en ser despedido\u00bb. Por otro lado, el det\u00e9 sabe la importancia de que sus jugadores conf\u00eden en \u00e9l y busca cuidar que su relaci\u00f3n personal no influya en su trabajo.&nbsp;<\/p>\n<div class=\"sp__SM\">\n<div class=\"content-new \"> <span class=\"tit-mobile\">Mir\u00e1 tambi\u00e9n<\/span> <\/p>\n<div class=\"mg\">\n<div class=\"wrap-figure\"> <picture> <a href=\"https:\/\/www.ole.com.ar\/ecuador\/internacional\/independiente-valle-martin-anselmi-partido-melgar-empate-internacional-brasil-sudamericana-peru_0_FBQG1p0y7Q.html\" target=\"_self\" rel=\"noopener noreferrer\"> <img class=\"img-responsive\" alt=\"Anselmi anota: Inter y Melgar no se sacaron ventajas en Per\u00fa\" src=\"http:\/\/hoycordobaweb.com\/wp-content\/uploads\/2022\/08\/el-entrenador-del-bayern-sobre-su-relacion-con-una-periodista-no-quiero-danar-mi-carrera-5.jpg\" loading=\"lazy\"> <\/a> <\/picture> <\/div><\/div><\/div>\n<\/div>\n<h2><strong>Bayern campe\u00f3n<\/strong><\/h2>\n<p>La competencia oficial puso primera en varios pa\u00edses de Europa. Entre ellos, Alemania. Porque el 30 de junio se jug\u00f3 la final de la Supercopa entre Leipzig y Bayern Munich. Duelo entre el \u00faltimo ganador de la Copa teutona y el que se qued\u00f3 con la Bundesliga. En un choque plagado de goles, <strong>los dirigidos por Nagelsmann levantaron un nuevo trofeo tras imponerse por 5-3. Partidazo.<\/strong><\/p>\n<div class=\"sp__SM\">\n<div class=\"content-new \"> <span class=\"tit-mobile\">Mir\u00e1 tambi\u00e9n<\/span> <\/p>\n<div class=\"mg\">\n<div class=\"wrap-figure\"> <picture> <a href=\"https:\/\/www.ole.com.ar\/river-plate\/river-pase-borja-aprobacion-cd_0_Q7dXwXP6g3.html\" target=\"_self\" rel=\"noopener noreferrer\"> <img class=\"img-responsive\" alt=\"La inversi\u00f3n millonaria por Borja que aprob\u00f3 la CD de River\" src=\"http:\/\/hoycordobaweb.com\/wp-content\/uploads\/2022\/08\/el-entrenador-del-bayern-sobre-su-relacion-con-una-periodista-no-quiero-danar-mi-carrera-6.jpg\" loading=\"lazy\"> <\/a> <\/picture> <\/div><\/div><\/div>\n<\/div>\n<p>El tr\u00e1mite no fue sencillo para el Munich, pese a haber terminado 3-0 arriba el primer tiempo. Musiala -buen derechazo-, Man\u00e9 -gran jugada colectiva y primer gol para el senegal\u00e9s- y Pavard hab\u00edan anotado para Bayern. \u00bfHistoria liquidada? Para nada.<\/p>\n<div class=\"sp__SM\">\n<div class=\"content-new \"> <span class=\"tit-mobile\">Mir\u00e1 tambi\u00e9n<\/span> <\/p>\n<div class=\"mg\">\n<div class=\"wrap-figure\"> <picture> <a href=\"https:\/\/www.ole.com.ar\/futbol-internacional\/america\/seleccion-brasil-mundial-qatar_0_oM3VCLWARO.html\" target=\"_self\" rel=\"noopener noreferrer\"> <img class=\"img-responsive\" alt=\"Ronaldo y su consejo a Neymar: &quot;Dejar de lado lo extradeportivo&quot;\" src=\"http:\/\/hoycordobaweb.com\/wp-content\/uploads\/2022\/08\/el-entrenador-del-bayern-sobre-su-relacion-con-una-periodista-no-quiero-danar-mi-carrera-7.jpg\" loading=\"lazy\"> <\/a> <\/picture> <\/div><\/div><\/div>\n<\/div>\n<p>Hastengerb descont\u00f3 antes de los 15 minutos del segundo tiempo y, pese al posterior 4-1 se\u00f1alado por Gnabry, Leipzig no baj\u00f3 los brazos y asust\u00f3 al finalmente ganador. Nkunku -de penal- y Dani Olmo achicaron la desventaja. Y ya en tiempo de descuento, cuando el equipo que pertenece a la famosa firma Red Bull apretaba, <strong>Bayern lo liquid\u00f3: despeje largo, captura de San\u00e9 y excelente definici\u00f3n mano a mano en el \u00e1rea con un defensor y el arquero adversario. Pelota para all\u00e1, para ac\u00e1, desparramo de ambos y remate para el 5-3 final.<\/strong><\/p>\n<div class=\"sp__SM\">\n<div class=\"content-new \"> <span class=\"tit-mobile\">Mir\u00e1 tambi\u00e9n<\/span> <\/p>\n<div class=\"mg\">\n<div class=\"wrap-figure\"> <picture> <a href=\"https:\/\/www.ole.com.ar\/fuera-de-juego\/pogba-turin-inversion-autos-_0_Q10clk11sz.html\" target=\"_self\" rel=\"noopener noreferrer\"> <img class=\"img-responsive\" alt=\"La costosa inversi\u00f3n de Pogba para trasladar sus autos a Tur\u00edn\" src=\"http:\/\/hoycordobaweb.com\/wp-content\/uploads\/2022\/08\/el-entrenador-del-bayern-sobre-su-relacion-con-una-periodista-no-quiero-danar-mi-carrera-8.jpg\" loading=\"lazy\"> <\/a> <\/picture> <\/div><\/div><\/div>\n<\/div>\n<div class=\"entry-tags\">\n<h2>TEMAS QUE APARECEN EN ESTA NOTA<\/h2>\n<\/p><\/div>\n","protected":false},"excerpt":{"rendered":"<p>Hace unos meses se filtr\u00f3 que Julian Nagelsmann, entrenador del Bayern Munich, estaba en pareja con una periodista que sol\u00eda cubrir al equipo alem\u00e1n. El det\u00e9 fue&nbsp;fue fotografiado en Ibiza a finales de junio a bordo de un yate acompa\u00f1ado por Lena Wurzenberger y r\u00e1pidamente los portales de noticias alemanes se encargaron de difundir la [&hellip;]<\/p>\n","protected":false},"author":1,"featured_media":46363,"comment_status":"open","ping_status":"closed","sticky":false,"template":"","format":"standard","meta":[],"categories":[16],"tags":[],"_links":{"self":[{"href":"http:\/\/hoycordobaweb.com\/index.php\/wp-json\/wp\/v2\/posts\/46362"}],"collection":[{"href":"http:\/\/hoycordobaweb.com\/index.php\/wp-json\/wp\/v2\/posts"}],"about":[{"href":"http:\/\/hoycordobaweb.com\/index.php\/wp-json\/wp\/v2\/types\/post"}],"author":[{"embeddable":true,"href":"http:\/\/hoycordobaweb.com\/index.php\/wp-json\/wp\/v2\/users\/1"}],"replies":[{"embeddable":true,"href":"http:\/\/hoycordobaweb.com\/index.php\/wp-json\/wp\/v2\/comments?post=46362"}],"version-history":[{"count":0,"href":"http:\/\/hoycordobaweb.com\/index.php\/wp-json\/wp\/v2\/posts\/46362\/revisions"}],"wp:featuredmedia":[{"embeddable":true,"href":"http:\/\/hoycordobaweb.com\/index.php\/wp-json\/wp\/v2\/media\/46363"}],"wp:attachment":[{"href":"http:\/\/hoycordobaweb.com\/index.php\/wp-json\/wp\/v2\/media?parent=46362"}],"wp:term":[{"taxonomy":"category","embeddable":true,"href":"http:\/\/hoycordobaweb.com\/index.php\/wp-json\/wp\/v2\/categories?post=46362"},{"taxonomy":"post_tag","embeddable":true,"href":"http:\/\/hoycordobaweb.com\/index.php\/wp-json\/wp\/v2\/tags?post=46362"}],"curies":[{"name":"wp","href":"https:\/\/api.w.org\/{rel}","templated":true}]}}