{"id":46360,"date":"2022-08-05T18:26:17","date_gmt":"2022-08-05T18:26:17","guid":{"rendered":"https:\/\/www.ole.com.ar\/futbol-internacional\/francia\/psg-clermont-horario-formaciones_0_OrHWSyISrZ.html"},"modified":"2022-08-05T18:26:17","modified_gmt":"2022-08-05T18:26:17","slug":"clermont-psg-horario-tv-y-posibles-formaciones","status":"publish","type":"post","link":"http:\/\/hoycordobaweb.com\/index.php\/2022\/08\/05\/clermont-psg-horario-tv-y-posibles-formaciones\/","title":{"rendered":"Clermont &#8211; PSG: horario, TV y posibles formaciones"},"content":{"rendered":"<p><img src=\"http:\/\/hoycordobaweb.com\/wp-content\/uploads\/2022\/08\/clermont-psg-horario-tv-y-posibles-formaciones.jpg\"><\/p>\n<p>Tras el arranque del f\u00fatbol franc\u00e9s <a target=\"_blank\" href=\"http:\/\/www.ole.com.ar\/futbol-internacional\/francia\/supercopa-francia_0_UkkBCjsdnp.html\" rel=\"noopener noreferrer\"><strong>con la victoria del PSG ante el Nantes por la Supercopa de Francia<\/strong><\/a>, ahora vuelve el torneo local este fin de semana. En esta competencia, por la primera fecha, se estrenar\u00e1 el conjunto de <strong><a alt=\"lionel-messi\" class=\"slug\" href=\"https:\/\/www.ole.com.ar\/tema\/lionel-messi.html\" target=\"_blank\" title=\"lionel-messi\" rel=\"noopener noreferrer\">Lionel Messi <\/a><\/strong>este s\u00e1bado con su visita a Clermont, que fue uno de los peores equipos en la \u00faltima campa\u00f1a. <strong>Anotate los horarios, las formaciones y por d\u00f3nde ver el partido.<\/strong><\/p>\n<div class=\"sp__Normal\">\n<div class=\"image-embeb image-trigger\" readability=\"6\"> <picture><source media=\"(min-width: 720px)\" srcset=\"http:\/\/hoycordobaweb.com\/wp-content\/uploads\/2022\/08\/clermont-psg-horario-tv-y-posibles-formaciones-2.jpg\"><img itemprop=\"image\" src=\"http:\/\/hoycordobaweb.com\/wp-content\/uploads\/2022\/08\/clermont-psg-horario-tv-y-posibles-formaciones-2.jpg\" loading=\"lazy\" alt=\"Messi viene de ser elegido como el jugador del partido en la Supercopa francesa.\"> <\/picture><figcaption readability=\"2\">\n<p>Messi viene de ser elegido como el jugador del partido en la Supercopa francesa. <\/p>\n<\/figcaption><\/div>\n<\/div>\n<h2><strong>\u00bfA qu\u00e9 hora juegan Clermont &#8211; PSG?\u200b<\/strong><\/h2>\n<p>\u200bEl encuentro se disputar\u00e1 este<strong> s\u00e1bado 6 de agosto a partir de las<\/strong> <strong>16.00 (hora argentina)<\/strong>, en el&nbsp;Stade Gabriel Montpied. El \u00e1rbitro principal ser\u00e1&nbsp;<strong>J\u00e9r\u00e9my Stinat<\/strong>, quien ser\u00e1 asistido por&nbsp;Fran\u00e7ois Boudikian y Cristophe Mouysset. Por su parte, el cuarto \u00e1rbitro va a ser Robin Chapapria.<\/p>\n<div class=\"sp__SM\">\n<div class=\"content-new \"> <span class=\"tit-mobile\">Mir\u00e1 tambi\u00e9n<\/span> <\/p>\n<div class=\"mg\">\n<div class=\"wrap-figure\"> <picture> <a href=\"https:\/\/www.ole.com.ar\/fuera-de-juego\/pogba-turin-inversion-autos-_0_Q10clk11sz.html\" target=\"_self\" rel=\"noopener noreferrer\"> <img class=\"img-responsive\" alt=\"La costosa inversi\u00f3n de Pogba para trasladar sus autos a Tur\u00edn\" src=\"http:\/\/hoycordobaweb.com\/wp-content\/uploads\/2022\/08\/clermont-psg-horario-tv-y-posibles-formaciones-3.jpg\" loading=\"lazy\"> <\/a> <\/picture> <\/div><\/div><\/div>\n<\/div>\n<h2><strong>\u00bfPor d\u00f3nde ver Clermont &#8211; PSG?<\/strong><\/h2>\n<p><strong>\u200b<\/strong>Este duelo ser\u00e1 transmitido por la pantalla de <strong><mark>ESPN<\/mark><\/strong>. De todas formas, como siempre, vas a poder seguir al partido a trav\u00e9s del minuto a minuto por la p\u00e1gina web de <strong>Ol\u00e9<\/strong>.<\/p>\n<h2><strong>\u00bfC\u00f3mo viene el Clermont?<\/strong><\/h2>\n<p>El conjunto dirigido por <strong>Pascal Gastien<\/strong>&nbsp;viene de realizar una floja campa\u00f1a en la que termin\u00f3 en el puesto 17\u00b0. En esta acumul\u00f3<strong> nueve victorias, nueve empates y 20 derrotas<\/strong> que lo dejaron a solo cinco unidades de descender a la Segunda Divisi\u00f3n.<\/p>\n<div class=\"sp__SM\">\n<div class=\"content-new \"> <span class=\"tit-mobile\">Mir\u00e1 tambi\u00e9n<\/span> <\/p>\n<div class=\"mg\">\n<div class=\"wrap-figure\"> <picture> <a href=\"https:\/\/www.ole.com.ar\/seleccion\/scaloni-seleccion-argentina-cable-tierra_0_s7YX4yRG3B.html\" target=\"_self\" rel=\"noopener noreferrer\"> <img class=\"img-responsive\" alt=\"Lionel Scaloni: el cable a tierra que es su mujer y si est\u00e1 ansioso porque empiece el Mundial\" src=\"http:\/\/hoycordobaweb.com\/wp-content\/uploads\/2022\/08\/clermont-psg-horario-tv-y-posibles-formaciones-4.jpg\" loading=\"lazy\"> <\/a> <\/picture> <\/div><\/div><\/div>\n<\/div>\n<p>Se viene un complicado duelo para el Clermont&nbsp;ya que, en sus previos enfrentamientos al equipo de Paris, el historial no le favorece para nada. Esto es porque en los \u00faltimos dos choques que tuvieron, fueron derrotados por goleada. Fue primero en septiembre de 2021, que perdieron 4-0, y luego en abril de este a\u00f1o, que sufrieron un <strong>duro 6-1 en el que Messi realiz\u00f3 tres asistencias y estuvo imparable<\/strong>.<\/p>\n<div class=\"sp__Normal\">\n<div class=\"image-embeb image-trigger\" readability=\"6\"> <picture><source media=\"(min-width: 720px)\" srcset=\"http:\/\/hoycordobaweb.com\/wp-content\/uploads\/2022\/08\/clermont-psg-horario-tv-y-posibles-formaciones-5.jpg\"><img itemprop=\"image\" src=\"http:\/\/hoycordobaweb.com\/wp-content\/uploads\/2022\/08\/clermont-psg-horario-tv-y-posibles-formaciones-5.jpg\" loading=\"lazy\" alt=\"El \u00faltimo enfrentamiento entre los clubes fue en abril de 2022. (Foto: THIERRY ZOCCOLAN \/ AFP)\"> <\/picture><figcaption readability=\"2\">\n<p>El \u00faltimo enfrentamiento entre los clubes fue en abril de 2022. (Foto: THIERRY ZOCCOLAN \/ AFP) <\/p>\n<\/figcaption><\/div>\n<\/div>\n<h2><strong>\u00bfC\u00f3mo llega el PSG?<\/strong><\/h2>\n<p><strong>El club viene de comenzar la era Galtier de la mejor manera<\/strong>, ya que se llev\u00f3 por delante al Nantes y lo gole\u00f3 4-0 para quedarse con la Supercopa de Francia. Ahora espera arrancar el&nbsp;torneo para validar el t\u00edtulo que viene de conseguir, cuando se coron\u00f3 campe\u00f3n con cuatro fechas de anticipaci\u00f3n,&nbsp;en una liga&nbsp;que viene dominando hace varios a\u00f1os.<\/p>\n<p>En cuanto al armado del equipo para el s\u00e1bado, el DT no contar\u00e1 con la presencia de <strong><a alt=\"kylian-mbappe\" class=\"slug\" href=\"https:\/\/www.ole.com.ar\/tema\/kylian-mbappe.html\" target=\"_blank\" title=\"kylian-mbappe\" rel=\"noopener noreferrer\">Kylian Mbapp\u00e9 <\/a><\/strong>por molestias en los aductores. Luego, sobre los argentinos que podr\u00edan jugar, en la convocatoria del entrenador aparece Lionel Messi y<strong><a alt=\"leandro-paredes\" class=\"slug\" href=\"https:\/\/www.ole.com.ar\/tema\/leandro-paredes.html\" target=\"_blank\" title=\"leandro-paredes\" rel=\"noopener noreferrer\">&nbsp;Leandro Paredes<\/a>,<\/strong> pero no<strong><a alt=\"mauro-icardi\" class=\"slug\" href=\"https:\/\/www.ole.com.ar\/tema\/mauro-icardi.html\" target=\"_blank\" title=\"mauro-icardi\" rel=\"noopener noreferrer\"> Mauro Icardi<\/a><\/strong>.<\/p>\n<div class=\"sp__Normal\">\n<div class=\"image-embeb image-trigger\" readability=\"6\"> <picture><source media=\"(min-width: 720px)\" srcset=\"http:\/\/hoycordobaweb.com\/wp-content\/uploads\/2022\/08\/clermont-psg-horario-tv-y-posibles-formaciones-6.jpg\"><img itemprop=\"image\" src=\"http:\/\/hoycordobaweb.com\/wp-content\/uploads\/2022\/08\/clermont-psg-horario-tv-y-posibles-formaciones-6.jpg\" loading=\"lazy\" alt=\"Mbapp\u00e9 se queda otra vez afuera del 11 titular del PSG. (Foto:Pascal GUYOT \/ AFP)\"> <\/picture><figcaption readability=\"2\">\n<p>Mbapp\u00e9 se queda otra vez afuera del 11 titular del PSG. (Foto:Pascal GUYOT \/ AFP) <\/p>\n<\/figcaption><\/div>\n<\/div>\n<p>En el 11 titular se ver\u00e1 uno muy parecido al del \u00faltimo compromiso que disputaron, en el que una vez m\u00e1s&nbsp;el astro argentino compartir\u00eda la delantera junto con <strong><a alt=\"neymar\" class=\"slug\" href=\"https:\/\/www.ole.com.ar\/tema\/neymar.html\" target=\"_blank\" title=\"neymar\" rel=\"noopener noreferrer\">Neymar <\/a><\/strong>y <strong>Sarabia<\/strong>.<\/p>\n<div class=\"sp__SM\">\n<div class=\"content-new \"> <span class=\"tit-mobile\">Mir\u00e1 tambi\u00e9n<\/span> <\/p>\n<div class=\"mg\">\n<div class=\"wrap-figure\"> <picture> <a href=\"https:\/\/www.ole.com.ar\/fuera-de-juego\/lamela-tweet-tacono-sevilla_0_B8yuaTumuL.html\" target=\"_self\" rel=\"noopener noreferrer\"> <img class=\"img-responsive\" alt=\"El tuit viral de Lamela que hace referencia a la final de Madrid\" src=\"http:\/\/hoycordobaweb.com\/wp-content\/uploads\/2022\/08\/clermont-psg-horario-tv-y-posibles-formaciones-7.jpg\" loading=\"lazy\"> <\/a> <\/picture> <\/div><\/div><\/div>\n<\/div>\n<p>Por \u00faltimo, recientemente Galtier anunci\u00f3 que este a\u00f1o&nbsp;contar\u00e1 con la presencia de <strong>Renato Sanches&nbsp;<\/strong>en su mediocampo. El portugu\u00e9s de 25 a\u00f1os llega&nbsp;proveniente del Lille y&nbsp;el DT ya asegur\u00f3 que se puede complementar bien con <strong><a alt=\"marco-verratti\" class=\"slug\" href=\"https:\/\/www.ole.com.ar\/tema\/marco-verratti.html\" target=\"_blank\" title=\"marco-verratti\" rel=\"noopener noreferrer\">Marco Verratti<\/a> <\/strong>y <strong>Vitinha.<\/strong><\/p>\n<div class=\"sp__Normal\">\n<div class=\"image-embeb image-trigger\" readability=\"6.5\"> <picture><source media=\"(min-width: 720px)\" srcset=\"http:\/\/hoycordobaweb.com\/wp-content\/uploads\/2022\/08\/clermont-psg-horario-tv-y-posibles-formaciones-8.jpg\"><img itemprop=\"image\" src=\"http:\/\/hoycordobaweb.com\/wp-content\/uploads\/2022\/08\/clermont-psg-horario-tv-y-posibles-formaciones-8.jpg\" loading=\"lazy\" alt=\"Renato Sanches, el nuevo refuerzo del PSG. (Foto: REUTERS)\"> <\/picture><figcaption readability=\"3\">\n<p>Renato Sanches, el nuevo refuerzo del PSG. (Foto: REUTERS) <\/p>\n<\/figcaption><\/div>\n<\/div>\n<p>A pesar de la partida de <strong><a alt=\"angel-di-maria\" class=\"slug\" href=\"https:\/\/www.ole.com.ar\/tema\/angel-di-maria.html\" target=\"_blank\" title=\"angel-di-maria\" rel=\"noopener noreferrer\">\u00c1ngel Di Maria<\/a><\/strong> a la Juventus y<a href=\"https:\/\/www.ole.com.ar\/futbol-internacional\/leandro-paredes-psg-seleccion_0_CRFPeTC9Jj.html\" target=\"_blank\" rel=\"noopener noreferrer\"><strong> la muy probable salida de Paredes al mismo club<\/strong><\/a>, el PSG promete much\u00edsimo en una temporada en la que una vez m\u00e1s pelear\u00e1 por el torneo local, la Copa de la Liga y la <strong><a alt=\"champions-league\" class=\"slug\" href=\"https:\/\/www.ole.com.ar\/tema\/champions-league.html\" target=\"_blank\" title=\"champions-league\" rel=\"noopener noreferrer\">Champions League<\/a><\/strong>, el gran objetivo del club.<strong>\u200b<\/strong><\/p>\n<h2><strong>Posibles formaciones<\/strong><\/h2>\n<p><strong>\u200bClermont:&nbsp;<\/strong>Mory Diaw; Alidu Seidu, Mateusz Wieteska, Florent Ogier, Neto Borges; Maxime Gonalons, Johan Gastien; Jim Allevinah, Sa\u00eef-Eddine Khaoui, Elbasan Rashani; Komnen Andri\u0107. <strong>DT: Pascal Gastien.<\/strong><\/p>\n<p><strong>PSG:<\/strong> \u200bGianluigi Donnarumma; Sergio Ramos, Marquinhos, Presnel Kimpembe; Achraf Hakimi, Marco Verratti, Vitinha, Nuno Mendes; Lionel Messi, Pablo Sarabia y Neymar. <strong>DT: Christophe Galtier.<\/strong><strong><\/strong><\/p>\n<div class=\"entry-tags\">\n<h2>TEMAS QUE APARECEN EN ESTA NOTA<\/h2>\n<\/p><\/div>\n","protected":false},"excerpt":{"rendered":"<p>Tras el arranque del f\u00fatbol franc\u00e9s con la victoria del PSG ante el Nantes por la Supercopa de Francia, ahora vuelve el torneo local este fin de semana. En esta competencia, por la primera fecha, se estrenar\u00e1 el conjunto de Lionel Messi este s\u00e1bado con su visita a Clermont, que fue uno de los peores [&hellip;]<\/p>\n","protected":false},"author":1,"featured_media":46361,"comment_status":"open","ping_status":"closed","sticky":false,"template":"","format":"standard","meta":[],"categories":[16],"tags":[],"_links":{"self":[{"href":"http:\/\/hoycordobaweb.com\/index.php\/wp-json\/wp\/v2\/posts\/46360"}],"collection":[{"href":"http:\/\/hoycordobaweb.com\/index.php\/wp-json\/wp\/v2\/posts"}],"about":[{"href":"http:\/\/hoycordobaweb.com\/index.php\/wp-json\/wp\/v2\/types\/post"}],"author":[{"embeddable":true,"href":"http:\/\/hoycordobaweb.com\/index.php\/wp-json\/wp\/v2\/users\/1"}],"replies":[{"embeddable":true,"href":"http:\/\/hoycordobaweb.com\/index.php\/wp-json\/wp\/v2\/comments?post=46360"}],"version-history":[{"count":0,"href":"http:\/\/hoycordobaweb.com\/index.php\/wp-json\/wp\/v2\/posts\/46360\/revisions"}],"wp:featuredmedia":[{"embeddable":true,"href":"http:\/\/hoycordobaweb.com\/index.php\/wp-json\/wp\/v2\/media\/46361"}],"wp:attachment":[{"href":"http:\/\/hoycordobaweb.com\/index.php\/wp-json\/wp\/v2\/media?parent=46360"}],"wp:term":[{"taxonomy":"category","embeddable":true,"href":"http:\/\/hoycordobaweb.com\/index.php\/wp-json\/wp\/v2\/categories?post=46360"},{"taxonomy":"post_tag","embeddable":true,"href":"http:\/\/hoycordobaweb.com\/index.php\/wp-json\/wp\/v2\/tags?post=46360"}],"curies":[{"name":"wp","href":"https:\/\/api.w.org\/{rel}","templated":true}]}}