{"id":46358,"date":"2022-08-04T23:18:49","date_gmt":"2022-08-04T23:18:49","guid":{"rendered":"https:\/\/ladecimaweb.com\/?p=14030"},"modified":"2022-08-04T23:18:49","modified_gmt":"2022-08-04T23:18:49","slug":"designaron-dos-calles-con-el-nombre-de-ernesto-sabato-y-julio-cortazar","status":"publish","type":"post","link":"http:\/\/hoycordobaweb.com\/index.php\/2022\/08\/04\/designaron-dos-calles-con-el-nombre-de-ernesto-sabato-y-julio-cortazar\/","title":{"rendered":"Designaron dos calles con el nombre de Ernesto S\u00e1bato y Julio Cort\u00e1zar"},"content":{"rendered":"<div class=\"boldgrid-section\">\n<div class=\"container\">\n<div class=\"row\">\n<div class=\"col-md-12 col-xs-12 col-sm-12\">\n<p class=\"\">\n<span>El Concejo Deliberante de la ciudad de C\u00f3rdoba realiz\u00f3 hoy la 19\u00b0 Sesi\u00f3n del per\u00edodo 2022, presidida por el viceintendente Daniel Passerini.<\/span><br \/>\n<span>&nbsp;<\/span><br \/>\n<span>En esta oportunidad los ediles aprobaron: &nbsp; &nbsp;<\/span><br \/>\n<span>-Designar <strong>distintas calles sin denominaci\u00f3n oficial, ubicadas en Barrio Parque Liceo 1\u00b0 Secci\u00f3<\/strong>n.&nbsp; Dando respuesta a un pedido de las y los vecinos de la ciudad que solicitaron denominar a dos calles p\u00fablicas con el nombre de <strong>Ernesto S\u00e1bato y Julio Cort\u00e1zar<\/strong>, esto facilitar\u00e1 la ubicaci\u00f3n de viviendas, negocios y contribuir\u00e1 a la pertenencia al barrio.<\/span><br \/>\n<span>Con la aprobaci\u00f3n de esta ordenanza, se contin\u00faa brindando identidad al barrio y mejoras<\/span><\/p>\n<p><span>-Nota del Departamento Ejecutivo Municipal, elevando dictamen de la Cuenta General del Ejercicio 2020 (primera lectura). La concejala Ileana Quaglino expres\u00f3: \u201cEsta cuenta refleja la situaci\u00f3n patrimonial de la Municipalidad, se est\u00e1 trabajando para revertir el retroceso, estamos encaminados al progreso con m\u00e1s obras y mejores servicios\u201d.<\/span><\/p>\n<p><span>-Establecer el tercer domingo del mes de noviembre de cada a\u00f1o como el \u201cD\u00eda en Conmemoraci\u00f3n de las V\u00edctimas de Siniestros Viales\u201d.<\/span><\/p>\n<p><span>-Ceder en comodato al Club Atl\u00e9tico Las Palmas, el uso continuado y exclusivo de la calle Jos\u00e9 Cort\u00e9s y Fern\u00e1ndez N\u00b0 300 (primera lectura).<\/span><\/p>\n<p><span>Posteriormente, concejalas y concejales aprobaron el Benepl\u00e1cito por el \u201cSegundo Encuentro de Honorables Concejos Deliberantes de la Red Legislaturas Conectadas\u201d que se llevar\u00e1 a cabo los d\u00edas 8 y 9 de agosto en la ciudad de C\u00f3rdoba.<\/span><\/p>\n<p><span>Al finalizar la sesi\u00f3n el viceintendente Daniel Passerini inform\u00f3 que la Audiencia P\u00fablica por la Cuenta General del Ejercicio 2020 y el comodato para el Club Las Palmas, se realizar\u00e1 el d\u00eda jueves 11 de agosto a las 8.30 horas.<\/span><\/p>\n<p class=\"\">\n<div class=\"ubm_banner\"><a href=\"https:\/\/www.cba.gov.ar\" target=\"_blank\" rel=\"dofollow noopener noreferrer\"><img src=\"http:\/\/hoycordobaweb.com\/wp-content\/uploads\/2022\/08\/designaron-dos-calles-con-el-nombre-de-ernesto-sabato-y-julio-cortazar.gif\" alt=\"\"><\/a><\/div>\n<\/div>\n<\/div>\n<\/div>\n<\/div>\n<p>La entrada <a rel=\"nofollow\" href=\"https:\/\/ladecimaweb.com\/designaron-dos-calles-con-el-nombre-de-ernesto-sabato-y-julio-cortazar\/\">Designaron dos calles con el nombre de Ernesto S\u00e1bato y Julio Cort\u00e1zar<\/a> se public\u00f3 primero en <a rel=\"nofollow\" href=\"https:\/\/ladecimaweb.com\">LaDecima<\/a>.<\/p>\n","protected":false},"excerpt":{"rendered":"<p>El Concejo Deliberante de la ciudad de C\u00f3rdoba realiz\u00f3 hoy la 19\u00b0 Sesi\u00f3n del per\u00edodo 2022, presidida por el viceintendente Daniel Passerini. &nbsp; En esta oportunidad los ediles aprobaron: &nbsp; &nbsp; -Designar distintas calles sin denominaci\u00f3n oficial, ubicadas en Barrio Parque Liceo 1\u00b0 Secci\u00f3n.&nbsp; Dando respuesta a un pedido de las y los vecinos de [&hellip;]<\/p>\n","protected":false},"author":1,"featured_media":46359,"comment_status":"closed","ping_status":"closed","sticky":false,"template":"","format":"standard","meta":[],"categories":[19],"tags":[],"_links":{"self":[{"href":"http:\/\/hoycordobaweb.com\/index.php\/wp-json\/wp\/v2\/posts\/46358"}],"collection":[{"href":"http:\/\/hoycordobaweb.com\/index.php\/wp-json\/wp\/v2\/posts"}],"about":[{"href":"http:\/\/hoycordobaweb.com\/index.php\/wp-json\/wp\/v2\/types\/post"}],"author":[{"embeddable":true,"href":"http:\/\/hoycordobaweb.com\/index.php\/wp-json\/wp\/v2\/users\/1"}],"replies":[{"embeddable":true,"href":"http:\/\/hoycordobaweb.com\/index.php\/wp-json\/wp\/v2\/comments?post=46358"}],"version-history":[{"count":0,"href":"http:\/\/hoycordobaweb.com\/index.php\/wp-json\/wp\/v2\/posts\/46358\/revisions"}],"wp:featuredmedia":[{"embeddable":true,"href":"http:\/\/hoycordobaweb.com\/index.php\/wp-json\/wp\/v2\/media\/46359"}],"wp:attachment":[{"href":"http:\/\/hoycordobaweb.com\/index.php\/wp-json\/wp\/v2\/media?parent=46358"}],"wp:term":[{"taxonomy":"category","embeddable":true,"href":"http:\/\/hoycordobaweb.com\/index.php\/wp-json\/wp\/v2\/categories?post=46358"},{"taxonomy":"post_tag","embeddable":true,"href":"http:\/\/hoycordobaweb.com\/index.php\/wp-json\/wp\/v2\/tags?post=46358"}],"curies":[{"name":"wp","href":"https:\/\/api.w.org\/{rel}","templated":true}]}}