{"id":46352,"date":"2022-08-05T12:03:45","date_gmt":"2022-08-05T12:03:45","guid":{"rendered":"http:\/\/hoycordobaweb.com\/index.php\/2022\/08\/05\/netflix-estrena-la-original-espanola-las-de-la-ultima-fila\/"},"modified":"2022-08-05T12:03:45","modified_gmt":"2022-08-05T12:03:45","slug":"netflix-estrena-la-original-espanola-las-de-la-ultima-fila","status":"publish","type":"post","link":"http:\/\/hoycordobaweb.com\/index.php\/2022\/08\/05\/netflix-estrena-la-original-espanola-las-de-la-ultima-fila\/","title":{"rendered":"<b>Netflix<\/b> estrena la original espa\u00f1ola, Las de la \u00faltima fila"},"content":{"rendered":"<p>Producida por At\u00edpica Films para <b>Netflix<\/b>, la ficci\u00f3n de 6 episodios se estrenar\u00e1 el pr\u00f3ximo 23 de septiembre. Por ttvOriginals. 05\/08\/2022. <\/p>\n","protected":false},"excerpt":{"rendered":"<p>Producida por At\u00edpica Films para Netflix, la ficci\u00f3n de 6 episodios se estrenar\u00e1 el pr\u00f3ximo 23 de septiembre. Por ttvOriginals. 05\/08\/2022.<\/p>\n","protected":false},"author":1,"featured_media":0,"comment_status":"closed","ping_status":"closed","sticky":false,"template":"","format":"standard","meta":[],"categories":[23],"tags":[],"_links":{"self":[{"href":"http:\/\/hoycordobaweb.com\/index.php\/wp-json\/wp\/v2\/posts\/46352"}],"collection":[{"href":"http:\/\/hoycordobaweb.com\/index.php\/wp-json\/wp\/v2\/posts"}],"about":[{"href":"http:\/\/hoycordobaweb.com\/index.php\/wp-json\/wp\/v2\/types\/post"}],"author":[{"embeddable":true,"href":"http:\/\/hoycordobaweb.com\/index.php\/wp-json\/wp\/v2\/users\/1"}],"replies":[{"embeddable":true,"href":"http:\/\/hoycordobaweb.com\/index.php\/wp-json\/wp\/v2\/comments?post=46352"}],"version-history":[{"count":0,"href":"http:\/\/hoycordobaweb.com\/index.php\/wp-json\/wp\/v2\/posts\/46352\/revisions"}],"wp:attachment":[{"href":"http:\/\/hoycordobaweb.com\/index.php\/wp-json\/wp\/v2\/media?parent=46352"}],"wp:term":[{"taxonomy":"category","embeddable":true,"href":"http:\/\/hoycordobaweb.com\/index.php\/wp-json\/wp\/v2\/categories?post=46352"},{"taxonomy":"post_tag","embeddable":true,"href":"http:\/\/hoycordobaweb.com\/index.php\/wp-json\/wp\/v2\/tags?post=46352"}],"curies":[{"name":"wp","href":"https:\/\/api.w.org\/{rel}","templated":true}]}}