{"id":46314,"date":"2022-08-04T17:46:47","date_gmt":"2022-08-04T17:46:47","guid":{"rendered":"https:\/\/www.ole.com.ar\/futbol-internacional\/inglaterra\/manchester-ten-hag_0_zjQ1FKW5vD.html"},"modified":"2022-08-04T17:46:47","modified_gmt":"2022-08-04T17:46:47","slug":"en-inglaterra-cargan-contra-cristiano-ni-el-vestuario-lo-quiere","status":"publish","type":"post","link":"http:\/\/hoycordobaweb.com\/index.php\/2022\/08\/04\/en-inglaterra-cargan-contra-cristiano-ni-el-vestuario-lo-quiere\/","title":{"rendered":"En Inglaterra cargan contra Cristiano: \u00abNi el vestuario lo quiere\u00bb"},"content":{"rendered":"<p><img src=\"http:\/\/hoycordobaweb.com\/wp-content\/uploads\/2022\/08\/en-inglaterra-cargan-contra-cristiano-ni-el-vestuario-lo-quiere.jpg\"><\/p>\n<p><strong><a alt=\"cristiano-ronaldo\" class=\"slug\" href=\"https:\/\/www.ole.com.ar\/tema\/cristiano-ronaldo.html\" target=\"_blank\" title=\"cristiano-ronaldo\" rel=\"noopener noreferrer\">Cristiano Ronaldo<\/a> est\u00e1 en pleno conflicto con el <a alt=\"manchester-united\" class=\"slug\" href=\"https:\/\/www.ole.com.ar\/tema\/manchester-united.html\" target=\"_blank\" title=\"manchester-united\" rel=\"noopener noreferrer\">Manchester United<\/a>. <\/strong>El portugu\u00e9s, que no se hab\u00eda presentado a la gira de pretemporada del equipo por Asia y Ocean\u00eda, luego se integr\u00f3 a los entrenamientos con sus compa\u00f1eros, aunque la pol\u00e9mica se volvi\u00f3 a desatar en los \u00faltimos d\u00edas: <strong>disconforme con haber sido sustituido en el entretiempo de un amistoso contra <a alt=\"rayo-vallecano\" class=\"slug\" href=\"https:\/\/www.ole.com.ar\/tema\/rayo-vallecano.html\" target=\"_blank\" title=\"rayo-vallecano\" rel=\"noopener noreferrer\">Rayo Vallecano<\/a>, se retir\u00f3 del estadio antes de que terminara el partido.<\/strong><\/p>\n<div class=\"sp__Normal\">\n<div class=\"image-embeb image-trigger\" readability=\"6\"> <picture><source media=\"(min-width: 720px)\" srcset=\"http:\/\/hoycordobaweb.com\/wp-content\/uploads\/2022\/08\/en-inglaterra-cargan-contra-cristiano-ni-el-vestuario-lo-quiere-2.jpg\"><img itemprop=\"image\" src=\"http:\/\/hoycordobaweb.com\/wp-content\/uploads\/2022\/08\/en-inglaterra-cargan-contra-cristiano-ni-el-vestuario-lo-quiere-2.jpg\" loading=\"lazy\" alt=\"Ronaldo en el amistoso contra Rayo Vallecano.\"> <\/picture><figcaption readability=\"2\">\n<p>Ronaldo en el amistoso contra Rayo Vallecano. <\/p>\n<\/figcaption><\/div>\n<\/div>\n<p>Esto desat\u00f3 la bronca del entrenador, Erik ten Hag, que expres\u00f3 su molestia en p\u00fablico: <strong>\u00abCiertamente, no apruebo esto. Es inaceptable. Somos un equipo y te tienes que quedar hasta el final\u00bb.<\/strong> A sus palabras se sumaron las de Jamie Carragher, hist\u00f3rico defensor del <a alt=\"liverpool\" class=\"slug\" href=\"https:\/\/www.ole.com.ar\/tema\/liverpool.html\" target=\"_blank\" title=\"liverpool\" rel=\"noopener noreferrer\">Liverpool<\/a> y referente de la <a alt=\"premier-league\" class=\"slug\" href=\"https:\/\/www.ole.com.ar\/tema\/premier-league.html\" target=\"_blank\" title=\"premier-league\" rel=\"noopener noreferrer\">Premier League<\/a>, quien ahora es comentarista en la televisi\u00f3n brit\u00e1nica.<\/p>\n<div class=\"sp__SM\">\n<div class=\"content-new \"> <span class=\"tit-mobile\">Mir\u00e1 tambi\u00e9n<\/span> <\/p>\n<div class=\"mg\">\n<div class=\"wrap-figure\"> <picture> <a href=\"https:\/\/www.ole.com.ar\/fuera-de-juego\/pogba-turin-inversion-autos-_0_Q10clk11sz.html\" target=\"_self\" rel=\"noopener noreferrer\"> <img class=\"img-responsive\" alt=\"La costosa inversi\u00f3n de Pogba para trasladar sus autos a Tur\u00edn\" src=\"http:\/\/hoycordobaweb.com\/wp-content\/uploads\/2022\/08\/en-inglaterra-cargan-contra-cristiano-ni-el-vestuario-lo-quiere-3.jpg\" loading=\"lazy\"> <\/a> <\/picture> <\/div><\/div><\/div>\n<\/div>\n<h2><strong>CARRAGHER APUNT\u00d3 CONTRA CRISTIANO<\/strong><\/h2>\n<p><strong>\u00abSiempre pens\u00e9 que su regreso fue extra\u00f1o. Sent\u00ed que esta situaci\u00f3n llegar\u00eda, incluso aunque lo hiciera bien&#8230; y ahora la situaci\u00f3n es complicada para el United porque otros clubes no lo quieren\u00bb,<\/strong> expres\u00f3 el ex zaguero de los Reds sobre CR7 y su retorno a Inglaterra.<\/p>\n<div class=\"sp__Normal\">\n<div class=\"image-embeb image-trigger\" readability=\"6\"> <picture><source media=\"(min-width: 720px)\" srcset=\"http:\/\/hoycordobaweb.com\/wp-content\/uploads\/2022\/08\/en-inglaterra-cargan-contra-cristiano-ni-el-vestuario-lo-quiere-4.jpg\"><img itemprop=\"image\" src=\"http:\/\/hoycordobaweb.com\/wp-content\/uploads\/2022\/08\/en-inglaterra-cargan-contra-cristiano-ni-el-vestuario-lo-quiere-4.jpg\" loading=\"lazy\" alt=\"Carragher dispar\u00f3 contra CR7.\"> <\/picture><figcaption readability=\"2\">\n<p>Carragher dispar\u00f3 contra CR7. <\/p>\n<\/figcaption><\/div>\n<\/div>\n<p>A su vez, Carragher afirm\u00f3 que el DT del United preferir\u00eda desprenderse del astro portugu\u00e9s y que no cree que sus compa\u00f1eros lo apoyen:<strong> \u00abCreo que si le preguntas, tampoco lo quiere. Y no estoy muy seguro de que el vestuario quiera a Cristiano en este momento. Tiene 37 o 38 a\u00f1os. Sigue siendo un gran goleador, pero no es el mismo\u00bb.<\/strong><\/p>\n<div class=\"sp__Normal\">\n<div class=\"image-embeb image-trigger\" readability=\"6\"> <picture><source media=\"(min-width: 720px)\" srcset=\"http:\/\/hoycordobaweb.com\/wp-content\/uploads\/2022\/08\/en-inglaterra-cargan-contra-cristiano-ni-el-vestuario-lo-quiere-5.jpg\"><img itemprop=\"image\" src=\"http:\/\/hoycordobaweb.com\/wp-content\/uploads\/2022\/08\/en-inglaterra-cargan-contra-cristiano-ni-el-vestuario-lo-quiere-5.jpg\" loading=\"lazy\" alt=\"\u00bfSeguir\u00e1 en el Manchester United?\"> <\/picture><figcaption readability=\"2\">\n<p>\u00bfSeguir\u00e1 en el Manchester United? <\/p>\n<\/figcaption><\/div>\n<\/div>\n<p>Gary Neville, tambi\u00e9n ex futbolista que ahora trabaja en TV, dio una opini\u00f3n similar:<strong> \u00abNo puedes tener a un jugador estrella dirigiendo todo. Si un futbolista se convierte en una distracci\u00f3n para un entrenador, solo hay una cosa que tiene que suceder, todos lo sabemos\u00bb.<\/strong><\/p>\n<div class=\"sp__SM\">\n<div class=\"content-new \"> <span class=\"tit-mobile\">Mir\u00e1 tambi\u00e9n<\/span> <\/p>\n<div class=\"mg\">\n<div class=\"wrap-figure\"> <picture> <a href=\"https:\/\/www.ole.com.ar\/futbol-primera\/fecha-12-tv-partidos-liga-profesional_0_5CegAeU1gC.html\" target=\"_self\" rel=\"noopener noreferrer\"> <img class=\"img-responsive\" alt=\"As\u00ed se juega la fecha 12: partidos, \u00e1rbitros, TV y m\u00e1s\" src=\"http:\/\/hoycordobaweb.com\/wp-content\/uploads\/2022\/08\/en-inglaterra-cargan-contra-cristiano-ni-el-vestuario-lo-quiere-6.jpg\" loading=\"lazy\"> <\/a> <\/picture> <\/div><\/div><\/div>\n<\/div>\n<div class=\"sp__SM\">\n<div class=\"content-new \"> <span class=\"tit-mobile\">Mir\u00e1 tambi\u00e9n<\/span> <\/p>\n<div class=\"mg\">\n<div class=\"wrap-figure\"> <picture> <a href=\"https:\/\/www.ole.com.ar\/fuera-de-juego\/chicharito-hernandez-revelo-mexico_0_xl4OtYZvmB.html\" target=\"_self\" rel=\"noopener noreferrer\"> <img class=\"img-responsive\" alt=\"Chicharito revel\u00f3 cu\u00e1l es su club preferido de M\u00e9xico\" src=\"http:\/\/hoycordobaweb.com\/wp-content\/uploads\/2022\/08\/en-inglaterra-cargan-contra-cristiano-ni-el-vestuario-lo-quiere-7.jpg\" loading=\"lazy\"> <\/a> <\/picture> <\/div><\/div><\/div>\n<\/div>\n<div class=\"sp__SM\">\n<div class=\"content-new \"> <span class=\"tit-mobile\">Mir\u00e1 tambi\u00e9n<\/span> <\/p>\n<div class=\"mg\">\n<div class=\"wrap-figure\"> <picture> <a href=\"https:\/\/www.ole.com.ar\/fuera-de-juego\/vidal-flamengo-libertadores-champions_0_jRPksXJyON.html\" target=\"_self\" rel=\"noopener noreferrer\"> <img class=\"img-responsive\" alt=\"En Brasil reprobaron los dichos de Arturo Vidal\" src=\"http:\/\/hoycordobaweb.com\/wp-content\/uploads\/2022\/08\/en-inglaterra-cargan-contra-cristiano-ni-el-vestuario-lo-quiere-8.jpg\" loading=\"lazy\"> <\/a> <\/picture> <\/div><\/div><\/div>\n<\/div>\n<div class=\"entry-tags\">\n<h2>TEMAS QUE APARECEN EN ESTA NOTA<\/h2>\n<\/p><\/div>\n","protected":false},"excerpt":{"rendered":"<p>Cristiano Ronaldo est\u00e1 en pleno conflicto con el Manchester United. El portugu\u00e9s, que no se hab\u00eda presentado a la gira de pretemporada del equipo por Asia y Ocean\u00eda, luego se integr\u00f3 a los entrenamientos con sus compa\u00f1eros, aunque la pol\u00e9mica se volvi\u00f3 a desatar en los \u00faltimos d\u00edas: disconforme con haber sido sustituido en el [&hellip;]<\/p>\n","protected":false},"author":1,"featured_media":46315,"comment_status":"open","ping_status":"closed","sticky":false,"template":"","format":"standard","meta":[],"categories":[16],"tags":[],"_links":{"self":[{"href":"http:\/\/hoycordobaweb.com\/index.php\/wp-json\/wp\/v2\/posts\/46314"}],"collection":[{"href":"http:\/\/hoycordobaweb.com\/index.php\/wp-json\/wp\/v2\/posts"}],"about":[{"href":"http:\/\/hoycordobaweb.com\/index.php\/wp-json\/wp\/v2\/types\/post"}],"author":[{"embeddable":true,"href":"http:\/\/hoycordobaweb.com\/index.php\/wp-json\/wp\/v2\/users\/1"}],"replies":[{"embeddable":true,"href":"http:\/\/hoycordobaweb.com\/index.php\/wp-json\/wp\/v2\/comments?post=46314"}],"version-history":[{"count":0,"href":"http:\/\/hoycordobaweb.com\/index.php\/wp-json\/wp\/v2\/posts\/46314\/revisions"}],"wp:featuredmedia":[{"embeddable":true,"href":"http:\/\/hoycordobaweb.com\/index.php\/wp-json\/wp\/v2\/media\/46315"}],"wp:attachment":[{"href":"http:\/\/hoycordobaweb.com\/index.php\/wp-json\/wp\/v2\/media?parent=46314"}],"wp:term":[{"taxonomy":"category","embeddable":true,"href":"http:\/\/hoycordobaweb.com\/index.php\/wp-json\/wp\/v2\/categories?post=46314"},{"taxonomy":"post_tag","embeddable":true,"href":"http:\/\/hoycordobaweb.com\/index.php\/wp-json\/wp\/v2\/tags?post=46314"}],"curies":[{"name":"wp","href":"https:\/\/api.w.org\/{rel}","templated":true}]}}