{"id":46312,"date":"2022-08-04T18:07:15","date_gmt":"2022-08-04T18:07:15","guid":{"rendered":"https:\/\/www.ole.com.ar\/boca-juniors\/alan-varela-renovacion-boca-pibes_0_yvONvkvmsQ.html"},"modified":"2022-08-04T18:07:15","modified_gmt":"2022-08-04T18:07:15","slug":"la-resurreccion-de-varela-de-borrado-a-firma-y-clausula-millonaria","status":"publish","type":"post","link":"http:\/\/hoycordobaweb.com\/index.php\/2022\/08\/04\/la-resurreccion-de-varela-de-borrado-a-firma-y-clausula-millonaria\/","title":{"rendered":"La resurrecci\u00f3n de Varela: de borrado a firma y cl\u00e1usula millonaria"},"content":{"rendered":"<p><img src=\"http:\/\/hoycordobaweb.com\/wp-content\/uploads\/2022\/08\/la-resurreccion-de-varela-de-borrado-a-firma-y-clausula-millonaria.jpg\"><\/p>\n<p>En medio de una semana complicada (una m\u00e1s) en el Mundo <strong><a alt=\"boca-juniors\" class=\"slug\" href=\"https:\/\/www.ole.com.ar\/tema\/boca-juniors.html\" target=\"_blank\" title=\"boca-juniors\" rel=\"noopener noreferrer\">Boca<\/a><\/strong>, no todas son malas noticias. M\u00e1s all\u00e1 del culebr\u00f3n entre <strong><a alt=\"agustin-rossi\" class=\"slug\" href=\"https:\/\/www.ole.com.ar\/tema\/agustin-rossi.html\" target=\"_blank\" title=\"agustin-rossi\" rel=\"noopener noreferrer\">Agust\u00edn Rossi<\/a><\/strong>, el Consejo de F\u00fatbol de <strong><a alt=\"juan-roman-riquelme\" class=\"slug\" href=\"https:\/\/www.ole.com.ar\/tema\/juan-roman-riquelme.html\" target=\"_blank\" title=\"juan-roman-riquelme\" rel=\"noopener noreferrer\">Juan Rom\u00e1n Riquelme<\/a><\/strong>, <strong><a alt=\"jorge-amor-ameal\" class=\"slug\" href=\"https:\/\/www.ole.com.ar\/tema\/jorge-amor-ameal.html\" target=\"_blank\" title=\"jorge-amor-ameal\" rel=\"noopener noreferrer\">Jorge Amor Ameal<\/a><\/strong> y la continuidad del arquero, el club se asegur\u00f3 a una de sus joyas: <strong><a alt=\"alan-varela\" class=\"slug\" href=\"https:\/\/www.ole.com.ar\/tema\/alan-varela.html\" target=\"_blank\" title=\"alan-varela\" rel=\"noopener noreferrer\">Alan Varela<\/a> firm\u00f3 su renovaci\u00f3n hasta diciembre del 2026 y con una cl\u00e1usula de salida millonaria de 20.000.000 de d\u00f3lares.<\/strong><\/p>\n<div class=\"sp__SM\">\n<div class=\"content-new \"> <span class=\"tit-mobile\">Mir\u00e1 tambi\u00e9n<\/span> <\/p>\n<div class=\"mg\">\n<div class=\"wrap-figure\"> <picture> <a href=\"https:\/\/www.ole.com.ar\/boca-juniors\/boca-junior-basualdo-zeballos-benedetto_0_cZA68GSXuQ.html\" target=\"_self\" rel=\"noopener noreferrer\"> <img class=\"img-responsive\" alt=\"Pepe Basualdo pidi\u00f3 &quot;un correctivo&quot; para una joya de Boca\" src=\"http:\/\/hoycordobaweb.com\/wp-content\/uploads\/2022\/08\/la-resurreccion-de-varela-de-borrado-a-firma-y-clausula-millonaria-2.jpg\" loading=\"lazy\"> <\/a> <\/picture> <\/div><\/div><\/div>\n<\/div>\n<p>La firma se llev\u00f3 adelante este jueves en el Centro de Entrenamiento de Ezeiza y junto al mediocampista de 21 a\u00f1os de la cantera <strong>estuvo <a alt=\"mauricio-serna\" class=\"slug\" href=\"https:\/\/www.ole.com.ar\/tema\/mauricio-serna.html\" target=\"_blank\" title=\"mauricio-serna\" rel=\"noopener noreferrer\">Mauricio Serna<\/a>, uno de los nombres fuertes del Consejo e hist\u00f3rico 5 de Boca. No es casualidad.<\/strong><\/p>\n<div class=\"sp__SM\">\n<div class=\"content-new \"> <span class=\"tit-mobile\">Mir\u00e1 tambi\u00e9n<\/span> <\/p>\n<div class=\"mg\">\n<div class=\"wrap-figure\"> <picture> <a href=\"https:\/\/www.ole.com.ar\/boca-juniors\/boca-nuevo-capitan-vs-platense_0_6iKjpkOPuX.html\" target=\"_self\" rel=\"noopener noreferrer\"> <img class=\"img-responsive\" alt=\"Encuesta: \u00bfqui\u00e9n tiene que ser el capit\u00e1n de Boca vs. Platense?\" src=\"http:\/\/hoycordobaweb.com\/wp-content\/uploads\/2022\/08\/la-resurreccion-de-varela-de-borrado-a-firma-y-clausula-millonaria-3.jpg\" loading=\"lazy\"> <\/a> <\/picture> <\/div><\/div><\/div>\n<\/div>\n<p>Desde su debut en diciembre del 2020 con <strong><a alt=\"miguel-angel-russo\" class=\"slug\" href=\"https:\/\/www.ole.com.ar\/tema\/miguel-angel-russo.html\" target=\"_blank\" title=\"miguel-angel-russo\" rel=\"noopener noreferrer\">Miguel \u00c1ngel Russo<\/a><\/strong> en el banco, todo se dio muy r\u00e1pido en la carrera del chico de Isidro Casanova. Pr\u00e1cticamente porque<strong> en poco tiempo pas\u00f3 de ser titular indiscutido, a ser borrado, incluso despu\u00e9s \u00a1castigado!, hasta este presente en donde es el 5 de Boca<\/strong> y uno de los m\u00e1s queridos por los hinchas.<\/p>\n<p>Varela fue el 5 de Russo y era un de las piezas fundamentales de la MVA, el trio de mediocampistas formados por \u00e9l y dos pibes m\u00e1s del club como Cristian Medina y Agust\u00edn Almendra. Sin embargo, <strong>la llegada de Esteban Rol\u00f3n a mediados del a\u00f1o pasado lo empez\u00f3 a tapar, aunque el ex Hurac\u00e1n nunca termin\u00f3 de asentarse.<\/strong><\/p>\n<div class=\"sp__SM\">\n<div class=\"content-new \"> <span class=\"tit-mobile\">Mir\u00e1 tambi\u00e9n<\/span> <\/p>\n<div class=\"mg\">\n<div class=\"wrap-figure\"> <picture> <a href=\"https:\/\/www.ole.com.ar\/huracan\/franco-cristaldo-huracan-santos-queda_0_AJlklAXxvD.html\" target=\"_self\" rel=\"noopener noreferrer\"> <img class=\"img-responsive\" alt=\"Cambio dr\u00e1stico: Cristaldo se queda en el Globo\" src=\"http:\/\/hoycordobaweb.com\/wp-content\/uploads\/2022\/08\/la-resurreccion-de-varela-de-borrado-a-firma-y-clausula-millonaria-4.jpg\" loading=\"lazy\"> <\/a> <\/picture> <\/div><\/div><\/div>\n<\/div>\n<p>Ya sin Russo en Boca y con <strong><a alt=\"sebastian-battaglia\" class=\"slug\" href=\"https:\/\/www.ole.com.ar\/tema\/sebastian-battaglia.html\" target=\"_blank\" title=\"sebastian-battaglia\" rel=\"noopener noreferrer\">Sebasti\u00e1n Battaglia<\/a><\/strong> confirmado en el cargo, y pese a que de entrada cont\u00f3 con Varela, al que conoc\u00eda muy bien de las Inferiores,<strong> el Le\u00f3n apost\u00f3 a la experiencia de Jorman Campuzano, mientras que Varela lleg\u00f3 a jugar algunos partidos en Reserva.<\/strong> Pero el volante colombiano, que no tuvo malos rendimientos, no pudo aferrarse al puesto.<\/p>\n<div class=\"sp__SM\">\n<div class=\"content-new \"> <span class=\"tit-mobile\">Mir\u00e1 tambi\u00e9n<\/span> <\/p>\n<div class=\"mg\">\n<div class=\"wrap-figure\"> <picture> <a href=\"https:\/\/www.ole.com.ar\/boca-juniors\/boca-defensa-adonis-frias_0_3m46261iny.html\" target=\"_self\" rel=\"noopener noreferrer\"> <img class=\"img-responsive\" alt=\"Boca avanz\u00f3 por un refuerzo de \u00faltima hora\" src=\"http:\/\/hoycordobaweb.com\/wp-content\/uploads\/2022\/08\/la-resurreccion-de-varela-de-borrado-a-firma-y-clausula-millonaria-5.jpg\" loading=\"lazy\"> <\/a> <\/picture> <\/div><\/div><\/div>\n<\/div>\n<p>Para colmo, y mientras que Battaglia le empezaba a probar a Pol Fern\u00e1ndez en posici\u00f3n de volante central, Alan Varela, que segu\u00eda entrenando con la Primera, fue castigado por el Consejo y el DT: <strong>por un \u00abacto de indisciplina\u00bb en marzo de este a\u00f1o (el jugador no habr\u00eda llegado en condiciones a un entrenamiento en Ezeiza) baj\u00f3 a Reserva.<\/strong><\/p>\n<div class=\"sp__SM\">\n<div class=\"content-new \"> <span class=\"tit-mobile\">Mir\u00e1 tambi\u00e9n<\/span> <\/p>\n<div class=\"mg\">\n<div class=\"wrap-figure\"> <picture> <a href=\"https:\/\/www.ole.com.ar\/boca-juniors\/boca-renovacion-contrato-varela_0_jRCE2IaCfY.html\" target=\"_self\" rel=\"noopener noreferrer\"> <img class=\"img-responsive\" alt=\"Boca le renov\u00f3 a una joya y ahora va por otra\" src=\"http:\/\/hoycordobaweb.com\/wp-content\/uploads\/2022\/08\/la-resurreccion-de-varela-de-borrado-a-firma-y-clausula-millonaria-6.jpg\" loading=\"lazy\"> <\/a> <\/picture> <\/div><\/div><\/div>\n<\/div>\n<p>Y all\u00ed cumpli\u00f3 su \u00abcondena\u00bb, trabajando con el equipo de por aquel entonces <strong><a alt=\"hugo-ibarra\" class=\"slug\" href=\"https:\/\/www.ole.com.ar\/tema\/hugo-ibarra.html\" target=\"_blank\" title=\"hugo-ibarra\" rel=\"noopener noreferrer\">Hugo Ibarra<\/a><\/strong> y tambi\u00e9n junto a <strong><a alt=\"agustin-almendra\" class=\"slug\" href=\"https:\/\/www.ole.com.ar\/tema\/agustin-almendra.html\" target=\"_blank\" title=\"agustin-almendra\" rel=\"noopener noreferrer\">Agust\u00edn Almendra<\/a><\/strong>, <strong>el otro juvenil que hab\u00eda separado Battaglia del plantel por haberle faltado el respeto.<\/strong><\/p>\n<h2><strong>La resurrecci\u00f3n de Varela<\/strong><\/h2>\n<p><strong>Varela aprendi\u00f3 la lecci\u00f3n, Varela volvi\u00f3 y Varela empez\u00f3 a luchar nuevamente por su lugar.<\/strong> Y se lo gan\u00f3 a partir de rendimientos, tanto en el torneo como en la Copa Libertadores (hizo un gol clave ante Deportivo Cali en la Bombonera).<\/p>\n<div class=\"sp__SM\">\n<div class=\"content-new no-img\"> <span class=\"tit-mobile\">Mir\u00e1 tambi\u00e9n<\/span> <\/div>\n<\/div>\n<p>Pero tambi\u00e9n se lo gan\u00f3 a partir de <strong>la banca que le dio Battaglia<\/strong>, y que ahora le da el Negro Ibarra; del <strong>apoyo constante de sus compa\u00f1eros<\/strong> que destacan su importancia dentro del campo como por ejemplo lo reconocieron p\u00fablicamente<strong><a alt=\"dario-benedetto\" class=\"slug\" href=\"https:\/\/www.ole.com.ar\/tema\/dario-benedetto.html\" target=\"_blank\" title=\"dario-benedetto\" rel=\"noopener noreferrer\"> Dar\u00edo Benedetto<\/a><\/strong> y<strong><a alt=\"pol-fernandez\" class=\"slug\" href=\"https:\/\/www.ole.com.ar\/tema\/pol-fernandez.html\" target=\"_blank\" title=\"pol-fernandez\" rel=\"noopener noreferrer\"> Pol Fern\u00e1ndez<\/a><\/strong>; del elogio de jugadores hist\u00f3ricos como <a target=\"_blank\" href=\"https:\/\/www.ole.com.ar\/boca-juniors\/boca-ribolzi-varela-capitan_0_ogsQUmzSm6.html\" rel=\"noopener noreferrer\"><strong>el Ruso Ribolzi que avis\u00f3 que pronto el pibe ser\u00e1 el capit\u00e1n de Boca<\/strong><\/a>; y tambi\u00e9n de los hinchas, que<strong> ya le regalaron una ovaci\u00f3n en la Bombonera y en las redes piden que le den una chance en la Selecci\u00f3n.<\/strong><\/p>\n<div class=\"sp__SM\">\n<div class=\"content-new \"> <span class=\"tit-mobile\">Mir\u00e1 tambi\u00e9n<\/span> <\/p>\n<div class=\"mg\">\n<div class=\"wrap-figure\"> <picture> <a href=\"https:\/\/www.ole.com.ar\/boca-juniors\/boca-bandera-apoyo-riquelme-_0_U3vtJQfCnJ.html\" target=\"_self\" rel=\"noopener noreferrer\"> <img class=\"img-responsive\" alt=\"En medio del esc\u00e1ndalo por la no renovaci\u00f3n de Rossi: apareci\u00f3 una bandera en apoyo a Riquelme\" src=\"http:\/\/hoycordobaweb.com\/wp-content\/uploads\/2022\/08\/la-resurreccion-de-varela-de-borrado-a-firma-y-clausula-millonaria-7.jpg\" loading=\"lazy\"> <\/a> <\/picture> <\/div><\/div><\/div>\n<\/div>\n<p>Y por supuesto que tambi\u00e9n <strong>se lo gan\u00f3 por la actitud que tom\u00f3 el Consejo de F\u00fatbol, que en este plan de asegurarse a los pibes&nbsp;ya abroch\u00f3 a una de sus joyas.<\/strong> En este contexto, no es poco.<\/p>\n<div class=\"sp__Normal htmlLibre\">\n<div class=\"embed-responsive-c\" readability=\"8.1759581881533\">\n<blockquote class=\"twitter-tweet\" readability=\"10.327526132404\">\n<p lang=\"es\" dir=\"ltr\">\u270d\ufe0f Alan Varela, volante surgido de las inferiores de la instituci\u00f3n, firm\u00f3 la mejora y extensi\u00f3n de su contrato hasta diciembre 2026.<\/p>\n<p>\u00a1Felices de seguir contando con juveniles de nuestro club!<\/p>\n<p>\ud83d\udc99\ud83d\udc9b\ud83d\udc99 <a href=\"https:\/\/t.co\/y1l70WqJkC\">pic.twitter.com\/y1l70WqJkC<\/a><\/p>\n<p>\u2014 Boca Juniors (@BocaJrsOficial) <a href=\"https:\/\/twitter.com\/BocaJrsOficial\/status\/1555251697655713792?ref_src=twsrc%5Etfw\">August 4, 2022<\/a><\/p><\/blockquote><\/div><\/div>\n<div class=\"entry-tags\">\n<h2>TEMAS QUE APARECEN EN ESTA NOTA<\/h2>\n<\/p><\/div>\n","protected":false},"excerpt":{"rendered":"<p>En medio de una semana complicada (una m\u00e1s) en el Mundo Boca, no todas son malas noticias. M\u00e1s all\u00e1 del culebr\u00f3n entre Agust\u00edn Rossi, el Consejo de F\u00fatbol de Juan Rom\u00e1n Riquelme, Jorge Amor Ameal y la continuidad del arquero, el club se asegur\u00f3 a una de sus joyas: Alan Varela firm\u00f3 su renovaci\u00f3n hasta [&hellip;]<\/p>\n","protected":false},"author":1,"featured_media":46313,"comment_status":"open","ping_status":"closed","sticky":false,"template":"","format":"standard","meta":[],"categories":[16],"tags":[],"_links":{"self":[{"href":"http:\/\/hoycordobaweb.com\/index.php\/wp-json\/wp\/v2\/posts\/46312"}],"collection":[{"href":"http:\/\/hoycordobaweb.com\/index.php\/wp-json\/wp\/v2\/posts"}],"about":[{"href":"http:\/\/hoycordobaweb.com\/index.php\/wp-json\/wp\/v2\/types\/post"}],"author":[{"embeddable":true,"href":"http:\/\/hoycordobaweb.com\/index.php\/wp-json\/wp\/v2\/users\/1"}],"replies":[{"embeddable":true,"href":"http:\/\/hoycordobaweb.com\/index.php\/wp-json\/wp\/v2\/comments?post=46312"}],"version-history":[{"count":0,"href":"http:\/\/hoycordobaweb.com\/index.php\/wp-json\/wp\/v2\/posts\/46312\/revisions"}],"wp:featuredmedia":[{"embeddable":true,"href":"http:\/\/hoycordobaweb.com\/index.php\/wp-json\/wp\/v2\/media\/46313"}],"wp:attachment":[{"href":"http:\/\/hoycordobaweb.com\/index.php\/wp-json\/wp\/v2\/media?parent=46312"}],"wp:term":[{"taxonomy":"category","embeddable":true,"href":"http:\/\/hoycordobaweb.com\/index.php\/wp-json\/wp\/v2\/categories?post=46312"},{"taxonomy":"post_tag","embeddable":true,"href":"http:\/\/hoycordobaweb.com\/index.php\/wp-json\/wp\/v2\/tags?post=46312"}],"curies":[{"name":"wp","href":"https:\/\/api.w.org\/{rel}","templated":true}]}}