{"id":46310,"date":"2022-08-04T18:20:42","date_gmt":"2022-08-04T18:20:42","guid":{"rendered":"https:\/\/www.ole.com.ar\/futbol-internacional\/libertadores\/audio-var-velez-talleres-penal-bou_0_brgfPUaznT.html"},"modified":"2022-08-04T18:20:42","modified_gmt":"2022-08-04T18:20:42","slug":"los-audios-del-var-en-el-penal-no-sancionado-a-bou","status":"publish","type":"post","link":"http:\/\/hoycordobaweb.com\/index.php\/2022\/08\/04\/los-audios-del-var-en-el-penal-no-sancionado-a-bou\/","title":{"rendered":"Los audios del VAR en el penal no sancionado a Bou"},"content":{"rendered":"<p><img src=\"http:\/\/hoycordobaweb.com\/wp-content\/uploads\/2022\/08\/los-audios-del-var-en-el-penal-no-sancionado-a-bou.jpg\"><\/p>\n<p>El primer chico de los cuartos de final de la Copa Libertadores <a data-cke-saved-href=\"https:\/\/www.ole.com.ar\/futbol-internacional\/libertadores\/videos-velez-talleres-libertadores_0_A68gEzX74f.html\" target=\"_blank\" href=\"https:\/\/www.ole.com.ar\/futbol-internacional\/libertadores\/videos-velez-talleres-libertadores_0_A68gEzX74f.html\" rel=\"noopener noreferrer\"><strong>entre V\u00e9lez y Talleres<\/strong><\/a> tuvo de todo. Desde un <a data-cke-saved-href=\"https:\/\/www.ole.com.ar\/futbol-internacional\/libertadores\/velez-talleres-ida-cuartos-libertadores_0_8VK2aKicIj.html\" target=\"_blank\" href=\"https:\/\/www.ole.com.ar\/futbol-internacional\/libertadores\/velez-talleres-ida-cuartos-libertadores_0_8VK2aKicIj.html\" rel=\"noopener noreferrer\"><strong>segundo tiempo fren\u00e9tico con cuatro goles<\/strong><\/a> (termin\u00f3 3-2 a favor del conjunto de Liniers) hasta los <a data-cke-saved-href=\"https:\/\/www.ole.com.ar\/futbol-internacional\/libertadores\/adentro-incidentes-velez-talleres_0_1R62OgeF8W.html\" target=\"_blank\" href=\"https:\/\/www.ole.com.ar\/futbol-internacional\/libertadores\/adentro-incidentes-velez-talleres_0_1R62OgeF8W.html\" rel=\"noopener noreferrer\"><strong>incidentes entre los hinchas de ambas instituciones<\/strong><\/a> en la Platea Norte Baja del Amalfitani. Y en el medio ocurri\u00f3 una pol\u00e9mica en la que todo el p\u00fablico local reclam\u00f3 <strong>un posible penal de Lucas Su\u00e1rez a Walter Bou<\/strong>. <\/p>\n<div class=\"sp__Normal\">\n<div class=\"image-embeb image-trigger\" readability=\"6\"> <picture><source media=\"(min-width: 720px)\" srcset=\"http:\/\/hoycordobaweb.com\/wp-content\/uploads\/2022\/08\/los-audios-del-var-en-el-penal-no-sancionado-a-bou-2.jpg\"><img itemprop=\"image\" src=\"http:\/\/hoycordobaweb.com\/wp-content\/uploads\/2022\/08\/los-audios-del-var-en-el-penal-no-sancionado-a-bou-2.jpg\" loading=\"lazy\" alt=\"Una de las repes que vio Rold\u00e1n.\"> <\/picture><figcaption readability=\"2\">\n<p>Una de las repes que vio Rold\u00e1n. <\/p>\n<\/figcaption><\/div>\n<\/div>\n<p>Despu\u00e9s de casi cuatro minutos deliberando y tras 35 repeticiones, <strong>Wilmar Rold\u00e1n no se dej\u00f3 llevar por las indicaciones y recomendaciones de sus colegas del VAR y mantuvo su decisi\u00f3n de no sancionar la pena m\u00e1xima<\/strong>, dado que no observ\u00f3 en ning\u00fan momento un contacto deliberado del defensor de la T ante el delantero de V\u00e9lez.<\/p>\n<div class=\"sp__SM\">\n<div class=\"content-new \"> <span class=\"tit-mobile\">Mir\u00e1 tambi\u00e9n<\/span> <\/p>\n<div class=\"mg\">\n<div class=\"wrap-figure\"> <picture> <a href=\"https:\/\/www.ole.com.ar\/futbol-internacional\/libertadores\/adentro-incidentes-velez-talleres_0_1R62OgeF8W.html\" target=\"_self\" rel=\"noopener noreferrer\"> <img class=\"img-responsive\" alt=\"Desde adentro: el video de los incidentes entre hinchas de V\u00e9lez y Talleres en la Platea Norte Baja\" src=\"http:\/\/hoycordobaweb.com\/wp-content\/uploads\/2022\/08\/los-audios-del-var-en-el-penal-no-sancionado-a-bou-3.jpg\" loading=\"lazy\"> <\/a> <\/picture> <\/div><\/div><\/div>\n<\/div>\n<div class=\"sp__SM\">\n<div class=\"content-new \"> <span class=\"tit-mobile\">Mir\u00e1 tambi\u00e9n<\/span> <\/p>\n<div class=\"mg\">\n<div class=\"wrap-figure\"> <picture> <a href=\"https:\/\/www.ole.com.ar\/talleres\/heridos-talleres-incidentes-velez_0_sbXACYs0uX.html\" target=\"_self\" rel=\"noopener noreferrer\"> <img class=\"img-responsive\" alt=\"Siete internados de Talleres por los incidentes en V\u00e9lez: dos est\u00e1n grave y uno corre riesgo de perder un ojo\" src=\"http:\/\/hoycordobaweb.com\/wp-content\/uploads\/2022\/08\/los-audios-del-var-en-el-penal-no-sancionado-a-bou-4.jpg\" loading=\"lazy\"> <\/a> <\/picture> <\/div><\/div><\/div>\n<\/div>\n<p>Si bien los \u00e1rbitros del VAR le insistieron en que revisara una y otra vez la jugada, puesto que argumentaban que \u00abhay un contacto leve\u00bb que el colombiano no hab\u00eda visto en el terreno de juego, Rold\u00e1n opt\u00f3 por no darle la raz\u00f3n a la ayuda tecnol\u00f3gica y no cambi\u00f3 su mirada con respecto a la pol\u00e9mica de la noche.<\/p>\n<div class=\"sp__Normal\">\n<div class=\"image-embeb image-trigger\" readability=\"6\"> <picture><source media=\"(min-width: 720px)\" srcset=\"http:\/\/hoycordobaweb.com\/wp-content\/uploads\/2022\/08\/los-audios-del-var-en-el-penal-no-sancionado-a-bou-5.jpg\"><img itemprop=\"image\" src=\"http:\/\/hoycordobaweb.com\/wp-content\/uploads\/2022\/08\/los-audios-del-var-en-el-penal-no-sancionado-a-bou-5.jpg\" loading=\"lazy\" alt=\"La acci\u00f3n que revisaron el VAR y Rold\u00e1n.\"> <\/picture><figcaption readability=\"2\">\n<p>La acci\u00f3n que revisaron el VAR y Rold\u00e1n. <\/p>\n<\/figcaption><\/div>\n<\/div>\n<h2><strong>El audio completo del VAR en V\u00e9lez &#8211; Talleres<\/strong><\/h2>\n<p><strong>VAR<\/strong>: Jug\u00f3 el bal\u00f3n parece.<br \/><strong>AVAR<\/strong>: Bal\u00f3n dice el \u00e1rbitro.<br \/><strong>VAR<\/strong>: Quiero ver esta, que no reanude.<br \/><strong>VAR<\/strong>: C\u00e1mara lenta, lenta. \u00bfTenemos otra de atr\u00e1s, de atr\u00e1s del arco? Quiero ver de atr\u00e1s el arco, desde all\u00ed, esa esa.<\/p>\n<p><strong>Rold\u00e1n<\/strong>: Lo toca, pero primero toca el bal\u00f3n.<br \/><strong>VAR<\/strong>: Primero atr\u00e1s, me parece que juega blanco. D\u00e1mela lenta, muy lento. El pie que est\u00e1 delante es el pie del delantero. Este va por detr\u00e1s y lo toca. Dame la primera que vimos ahora.<\/p>\n<p><strong>AVAR<\/strong>: Wilmar no reanudes.<br \/><strong>VAR<\/strong>: Dame reversa, quiero reversa, mira, \u00bfqui\u00e9n juega?<\/p>\n<p><strong>VAR<\/strong>: Juega el blanco y despu\u00e9s.<br \/><strong>AVAR<\/strong>: Hay contacto del azul, verifica si hay contacto. No reanude.<br \/><strong>VAR<\/strong>: El seguimiento cerca a ver, c\u00e1mara lenta. Hay un contacto del azul.<br \/><strong>AVAR<\/strong>: Ah\u00ed, porque dice que la juega pero no juega el bal\u00f3n. Lo pod\u00e9s invitar.<\/p>\n<p><strong>VAR<\/strong>: Wilmar, me copi\u00e1s, te invito a un OFR por posible penal VAR: Vamos a pasarle la primera donde se ve qui\u00e9n juega la pelota en c\u00e1mara lenta. Lo primero que quiero que veas es que el jugador blanco (Bou) la juega. Toca el jugador blanco primero.<br \/><strong>Rold\u00e1n<\/strong>: No veo el contacto.<br \/><strong>VAR<\/strong>: Te vamos a mostrar un 360. El potencial contacto del azul que quiero que eval\u00faes. Te voy a dar otra toma. Hay un potencial contacto.<\/p>\n<div class=\"sp__SM\">\n<div class=\"content-new \"> <span class=\"tit-mobile\">Mir\u00e1 tambi\u00e9n<\/span> <\/p>\n<div class=\"mg\">\n<div class=\"wrap-figure\"> <picture> <a href=\"https:\/\/www.ole.com.ar\/futbol-internacional\/libertadores\/velez-talleres-libertadores-var_0_MqQAUDD2dT.html\" target=\"_self\" rel=\"noopener noreferrer\"> <img class=\"img-responsive\" alt=\"Aunque le mostraron 35 repeticiones, Rold\u00e1n no cobr\u00f3 penal para V\u00e9lez\" src=\"http:\/\/hoycordobaweb.com\/wp-content\/uploads\/2022\/08\/los-audios-del-var-en-el-penal-no-sancionado-a-bou-6.jpg\" loading=\"lazy\"> <\/a> <\/picture> <\/div><\/div><\/div>\n<\/div>\n<div class=\"sp__SM\">\n<div class=\"content-new \"> <span class=\"tit-mobile\">Mir\u00e1 tambi\u00e9n<\/span> <\/p>\n<div class=\"mg\">\n<div class=\"wrap-figure\"> <picture> <a href=\"https:\/\/www.ole.com.ar\/futbol-internacional\/libertadores\/polemica-velez-vs-talleres-libertadores_0_L7WhccvRft.html\" target=\"_self\" rel=\"noopener noreferrer\"> <img class=\"img-responsive\" alt=\"Pol\u00e9mica con el segundo gol de Talleres: \u00bfsali\u00f3 o no la pelota de la cancha en el inicio de la jugada?\" src=\"http:\/\/hoycordobaweb.com\/wp-content\/uploads\/2022\/08\/los-audios-del-var-en-el-penal-no-sancionado-a-bou-7.jpg\" loading=\"lazy\"> <\/a> <\/picture> <\/div><\/div><\/div>\n<\/div>\n<p><strong>Rold\u00e1n<\/strong>: Dame la toma que mejor tengas en el contacto, porque no estoy viendo el contacto ac\u00e1 Juan.<br \/><strong>VAR<\/strong>: Esta es la mejor toma que tenemos. Es el que quiero que eval\u00faes.<\/p>\n<p><strong>Rold\u00e1n<\/strong>: No veo ning\u00fan contacto, porque est\u00e1 pixelado.<\/p>\n<p><strong>VAR<\/strong>: Esa es la mejor toma del contacto que tengo.<br \/><strong>Rold\u00e1n<\/strong>: No, pero ah\u00ed no veo ning\u00fan contacto. Hay un roce y el jugador se tira. Juan, toca primero el bal\u00f3n el blanco, pero no veo un contacto del azul, veo un contacto de pasada.<\/p>\n<p><strong>VAR<\/strong>: Hay un contacto leve, que es lo que quiero que eval\u00faes porque en la cancha es lo que tu no viste. Juega el blanco y despu\u00e9s hay un contacto. Evalualo.&nbsp;<br \/><strong>Rold\u00e1n<\/strong>: Reanudo a favor de Talleres, no hay un contacto pleno, el jugador siente y despu\u00e9s se tira. Voy a reanudar con saque de banda.<br \/><strong>VAR<\/strong>: Juega con saque de banda a favor del azul.<\/p>\n<div class=\"sp__SM\">\n<div class=\"content-new \"> <span class=\"tit-mobile\">Mir\u00e1 tambi\u00e9n<\/span> <\/p>\n<div class=\"mg\">\n<div class=\"wrap-figure\"> <picture> <a href=\"https:\/\/www.ole.com.ar\/futbol-internacional\/libertadores\/talleres-velez-hinchas-libertadores_0_5cas0wC1i3.html\" target=\"_self\" rel=\"noopener noreferrer\"> <img class=\"img-responsive\" alt=\"Talleres no recibir\u00e1 hinchas de V\u00e9lez en la revancha\" src=\"http:\/\/hoycordobaweb.com\/wp-content\/uploads\/2022\/08\/los-audios-del-var-en-el-penal-no-sancionado-a-bou-8.jpg\" loading=\"lazy\"> <\/a> <\/picture> <\/div><\/div><\/div>\n<\/div>\n<div class=\"entry-tags\">\n<h2>TEMAS QUE APARECEN EN ESTA NOTA<\/h2>\n<\/p><\/div>\n","protected":false},"excerpt":{"rendered":"<p>El primer chico de los cuartos de final de la Copa Libertadores entre V\u00e9lez y Talleres tuvo de todo. Desde un segundo tiempo fren\u00e9tico con cuatro goles (termin\u00f3 3-2 a favor del conjunto de Liniers) hasta los incidentes entre los hinchas de ambas instituciones en la Platea Norte Baja del Amalfitani. Y en el medio [&hellip;]<\/p>\n","protected":false},"author":1,"featured_media":46311,"comment_status":"open","ping_status":"closed","sticky":false,"template":"","format":"standard","meta":[],"categories":[16],"tags":[],"_links":{"self":[{"href":"http:\/\/hoycordobaweb.com\/index.php\/wp-json\/wp\/v2\/posts\/46310"}],"collection":[{"href":"http:\/\/hoycordobaweb.com\/index.php\/wp-json\/wp\/v2\/posts"}],"about":[{"href":"http:\/\/hoycordobaweb.com\/index.php\/wp-json\/wp\/v2\/types\/post"}],"author":[{"embeddable":true,"href":"http:\/\/hoycordobaweb.com\/index.php\/wp-json\/wp\/v2\/users\/1"}],"replies":[{"embeddable":true,"href":"http:\/\/hoycordobaweb.com\/index.php\/wp-json\/wp\/v2\/comments?post=46310"}],"version-history":[{"count":0,"href":"http:\/\/hoycordobaweb.com\/index.php\/wp-json\/wp\/v2\/posts\/46310\/revisions"}],"wp:featuredmedia":[{"embeddable":true,"href":"http:\/\/hoycordobaweb.com\/index.php\/wp-json\/wp\/v2\/media\/46311"}],"wp:attachment":[{"href":"http:\/\/hoycordobaweb.com\/index.php\/wp-json\/wp\/v2\/media?parent=46310"}],"wp:term":[{"taxonomy":"category","embeddable":true,"href":"http:\/\/hoycordobaweb.com\/index.php\/wp-json\/wp\/v2\/categories?post=46310"},{"taxonomy":"post_tag","embeddable":true,"href":"http:\/\/hoycordobaweb.com\/index.php\/wp-json\/wp\/v2\/tags?post=46310"}],"curies":[{"name":"wp","href":"https:\/\/api.w.org\/{rel}","templated":true}]}}