{"id":46217,"date":"2022-08-02T18:13:17","date_gmt":"2022-08-02T18:13:17","guid":{"rendered":"https:\/\/www.ole.com.ar\/futbol-internacional\/mundial-2030-argentina-chile-uruguay-par_0_dNb8qb3w00.html"},"modified":"2022-08-02T18:13:17","modified_gmt":"2022-08-02T18:13:17","slug":"lanzan-oficialmente-la-candidatura-para-el-mundial-2030-argentina-uruguay-chile-y-paraguay","status":"publish","type":"post","link":"http:\/\/hoycordobaweb.com\/index.php\/2022\/08\/02\/lanzan-oficialmente-la-candidatura-para-el-mundial-2030-argentina-uruguay-chile-y-paraguay\/","title":{"rendered":"Lanzan oficialmente la candidatura para el Mundial 2030: Argentina, Uruguay, Chile y Paraguay"},"content":{"rendered":"<p><img src=\"http:\/\/hoycordobaweb.com\/wp-content\/uploads\/2022\/08\/lanzan-oficialmente-la-candidatura-para-el-mundial-2030-argentina-uruguay-chile-y-paraguay.jpg\"><\/p>\n<p>Desde hace un tiempo, primero con Argentina y Uruguay como voces cantantes, la Conmebol tiene la idea de albergar el <mark><strong>Mundial de 2030, cuando se cumplan 100 a\u00f1os de la primera competencia mundialista, disputada justamente en terreno charr\u00faa. <\/strong><\/mark>Y con el tiempo, para hacer m\u00e1s redituable este proyecto, se sumaron Chile y Paraguay. Este martes, desde el suelo oriental se lanz\u00f3 oficialmente la <strong>candidatura de estos cuatro pa\u00edses para recibir el certamen dentro de ocho a\u00f1os.<\/strong><\/p>\n<div class=\"sp__SM\">\n<div class=\"content-new \"> <span class=\"tit-mobile\">Mir\u00e1 tambi\u00e9n<\/span> <\/p>\n<div class=\"mg\">\n<div class=\"wrap-figure\"> <picture> <a href=\"https:\/\/www.ole.com.ar\/futbol-internacional\/espana\/riqui-puig-jugador-barcelona-incorporacion-mls-angeles-galaxy-22-anos-promesa_0_zQGk35ifSr.html\" target=\"_self\" rel=\"noopener noreferrer\"> <img class=\"img-responsive\" alt=\"De ser la promesa del Barcelona a irse gratis a la MLS con 22 a\u00f1os\" src=\"http:\/\/hoycordobaweb.com\/wp-content\/uploads\/2022\/08\/lanzan-oficialmente-la-candidatura-para-el-mundial-2030-argentina-uruguay-chile-y-paraguay-2.jpg\" loading=\"lazy\"> <\/a> <\/picture> <\/div><\/div><\/div>\n<\/div>\n<div class=\"sp__Normal\">\n<div class=\"image-embeb image-trigger\" readability=\"6\"> <picture><source media=\"(min-width: 720px)\" srcset=\"http:\/\/hoycordobaweb.com\/wp-content\/uploads\/2022\/08\/lanzan-oficialmente-la-candidatura-para-el-mundial-2030-argentina-uruguay-chile-y-paraguay-3.jpg\"><img itemprop=\"image\" src=\"http:\/\/hoycordobaweb.com\/wp-content\/uploads\/2022\/08\/lanzan-oficialmente-la-candidatura-para-el-mundial-2030-argentina-uruguay-chile-y-paraguay-3.jpg\" loading=\"lazy\" alt=\"D'Onofrio junto a otros dirigentes (AFP).\"> <\/picture><figcaption readability=\"2\">\n<p>D&#8217;Onofrio junto a otros dirigentes (AFP). <\/p>\n<\/figcaption><\/div>\n<\/div>\n<div class=\"sp__Normal htmlLibre\">\n<div class=\"embed-responsive-c\" readability=\"6.5783972125436\">\n<blockquote class=\"twitter-tweet\" readability=\"7.4006968641115\">\n<p lang=\"es\" dir=\"ltr\">En la sesi\u00f3n de trabajo que se est\u00e1 llevando a cabo en el Museo del F\u00fatbol, las autoridades se sit\u00faan en el mobiliario de la fundaci\u00f3n de la AUF, donde se forj\u00f3 la organizaci\u00f3n de la Copa del Mundo de 1930.<a href=\"https:\/\/twitter.com\/hashtag\/2030Juntos?src=hash&amp;ref_src=twsrc%5Etfw\">#2030Juntos<\/a> <a href=\"https:\/\/t.co\/SOf4RjbMmU\">pic.twitter.com\/SOf4RjbMmU<\/a><\/p>\n<p>\u2014 AUF (@AUFOficial) <a href=\"https:\/\/twitter.com\/AUFOficial\/status\/1554515340394102784?ref_src=twsrc%5Etfw\">August 2, 2022<\/a><\/p><\/blockquote><\/div><\/div>\n<p>El acto se llev\u00f3 a cabo en el estadio Centenario de Montevideo. U<strong>n escenario ic\u00f3nico, que alberg\u00f3 justamente el primer Mundial (la final la ganaron los locales por 4-2 a Argentina<\/strong>). En la ceremonia estuvieron diferentes actores deportivos y pol\u00edticos. Alejandro Dom\u00ednguez de Conmebol, el presidente uruguayo Luis Lacalle Pou m\u00e1s otros dirigentes de distintos arcos de Paraguay y Chile. De Argentina estuvieron presentes <mark><strong>Mat\u00edas Lammens (ministro de Turismo y Deportes) y Rodolfo D&#8217;Onofrio, vicepresidente de AFA.<\/strong><\/mark> <\/p>\n<div class=\"sp__SM\">\n<div class=\"content-new \"> <span class=\"tit-mobile\">Mir\u00e1 tambi\u00e9n<\/span> <\/p>\n<div class=\"mg\">\n<div class=\"wrap-figure\"> <picture> <a href=\"https:\/\/www.ole.com.ar\/mundial\/mundial-qatar-202\/francia-seleccion-maximo-candidato_0_ByT2L54VKN.html\" target=\"_self\" rel=\"noopener noreferrer\"> <img class=\"img-responsive\" alt=\"Trezeguet eligi\u00f3 a su m\u00e1ximo candidato para el Mundial... Y no es Argentina\" src=\"http:\/\/hoycordobaweb.com\/wp-content\/uploads\/2022\/08\/lanzan-oficialmente-la-candidatura-para-el-mundial-2030-argentina-uruguay-chile-y-paraguay-4.jpg\" loading=\"lazy\"> <\/a> <\/picture> <\/div><\/div><\/div>\n<\/div>\n<div class=\"sp__Normal htmlLibre\">\n<div class=\"embed-responsive-c\" readability=\"8.2404692082111\">\n<blockquote class=\"twitter-tweet\" readability=\"10.712609970674\">\n<p lang=\"es\" dir=\"ltr\">\ud83e\udd1d Los miembros del Comit\u00e9 Ejecutivo de AUF, encabezado por <a href=\"https:\/\/twitter.com\/nachoalonso33?ref_src=twsrc%5Etfw\">@nachoalonso33<\/a>, junto al presidente de CONMEBOL <a href=\"https:\/\/twitter.com\/agdws?ref_src=twsrc%5Etfw\">@agdws<\/a>, ministros y autoridades de las federaciones de Argentina, Chile y Paraguay, llegan al Museo del F\u00fatbol para el lanzamiento de la candidatura del Mundial 2030. <a href=\"https:\/\/t.co\/t92g6wH9Sb\">pic.twitter.com\/t92g6wH9Sb<\/a><\/p>\n<p>\u2014 AUF (@AUFOficial) <a href=\"https:\/\/twitter.com\/AUFOficial\/status\/1554493398622543873?ref_src=twsrc%5Etfw\">August 2, 2022<\/a><\/p><\/blockquote><\/div><\/div>\n<p><strong>\u00abNosotros no tenemos grandes recursos econ\u00f3micos, pero vamos a recurrir a la historia\u00bb<\/strong>, fue una de las frases del acto. Adem\u00e1s, se destaca el lema \u00abJuntos 2030\u00bb, con la bandera de los pa\u00edses involucrados en lo que ser\u00eda la futura organizaci\u00f3n del certamen. Del otro lado del oc\u00e9ano Atl\u00e1ntico <strong>aparecen Espa\u00f1a y Portugal como competidores directos.<\/strong><\/p>\n<div class=\"sp__Normal\">\n<div class=\"image-embeb image-trigger\" readability=\"6\"> <picture><source media=\"(min-width: 720px)\" srcset=\"http:\/\/hoycordobaweb.com\/wp-content\/uploads\/2022\/08\/lanzan-oficialmente-la-candidatura-para-el-mundial-2030-argentina-uruguay-chile-y-paraguay-5.jpg\"><img itemprop=\"image\" src=\"http:\/\/hoycordobaweb.com\/wp-content\/uploads\/2022\/08\/lanzan-oficialmente-la-candidatura-para-el-mundial-2030-argentina-uruguay-chile-y-paraguay-5.jpg\" loading=\"lazy\" alt=\"El lema para el Mundial 2030.\"> <\/picture><figcaption readability=\"2\">\n<p>El lema para el Mundial 2030. <\/p>\n<\/figcaption><\/div>\n<\/div>\n<p>\u00abEs el sue\u00f1o de un continente. De un pueblo uruguayo, compartido por otros tres pueblos. Sudam\u00e9rica entiende que el f\u00fatbol tiene que reconocer y no disputar. <strong>Van a haber m\u00e1s Mundiales, pero 100 a\u00f1os se van a cumplir por \u00fanica vez y se tiene que volver a la casa. Es m\u00e1s que suficiente el motivo para que la FIFA acepte que sea una sola candidatura.<\/strong> Con el devenir de los a\u00f1os van a haber otras posibilidades para otros continentes\u00bb, expres\u00f3 el citado Dom\u00ednguez.&nbsp;<\/p>\n<div class=\"sp__SM\">\n<div class=\"content-new \"> <span class=\"tit-mobile\">Mir\u00e1 tambi\u00e9n<\/span> <\/p>\n<div class=\"mg\">\n<div class=\"wrap-figure\"> <picture> <a href=\"https:\/\/www.ole.com.ar\/futbol-internacional\/espana\/palmas-cancer-jugador-rodriguez_0_tgImN9VAPE.html\" target=\"_self\" rel=\"noopener noreferrer\"> <img class=\"img-responsive\" alt=\"Conmovedor: jugador de Las Palmas anuncia que padece c\u00e1ncer\" src=\"http:\/\/hoycordobaweb.com\/wp-content\/uploads\/2022\/08\/lanzan-oficialmente-la-candidatura-para-el-mundial-2030-argentina-uruguay-chile-y-paraguay-6.jpg\" loading=\"lazy\"> <\/a> <\/picture> <\/div><\/div><\/div>\n<\/div>\n<div class=\"sp__Normal\">\n<div class=\"image-embeb image-trigger\" readability=\"6\"> <picture><source media=\"(min-width: 720px)\" srcset=\"http:\/\/hoycordobaweb.com\/wp-content\/uploads\/2022\/08\/lanzan-oficialmente-la-candidatura-para-el-mundial-2030-argentina-uruguay-chile-y-paraguay-7.jpg\"><img itemprop=\"image\" src=\"http:\/\/hoycordobaweb.com\/wp-content\/uploads\/2022\/08\/lanzan-oficialmente-la-candidatura-para-el-mundial-2030-argentina-uruguay-chile-y-paraguay-7.jpg\" loading=\"lazy\" alt=\"Alejandro Dom\u00ednguez junto a Luis Lacalle Pou (AFP).\"> <\/picture><figcaption readability=\"2\">\n<p>Alejandro Dom\u00ednguez junto a Luis Lacalle Pou (AFP). <\/p>\n<\/figcaption><\/div>\n<\/div>\n<p>Despu\u00e9s de la cita en Qatar, el Mundial se trasladar\u00e1 a Norteam\u00e9rica en 2026: Canad\u00e1, Estados Unidos y M\u00e9xico. Conmebol no organiza una competencia de este tipo desde <strong>Brasil 2014, donde Argentina lleg\u00f3 a la final y cay\u00f3 contra Alemania por 1-0 con el gol de Mario Gotze.<\/strong>&nbsp;<\/p>\n<div class=\"sp__Normal\">\n<div class=\"image-embeb image-trigger\" readability=\"6.5\"> <picture><source media=\"(min-width: 720px)\" srcset=\"http:\/\/hoycordobaweb.com\/wp-content\/uploads\/2022\/08\/lanzan-oficialmente-la-candidatura-para-el-mundial-2030-argentina-uruguay-chile-y-paraguay-8.jpg\"><img itemprop=\"image\" src=\"http:\/\/hoycordobaweb.com\/wp-content\/uploads\/2022\/08\/lanzan-oficialmente-la-candidatura-para-el-mundial-2030-argentina-uruguay-chile-y-paraguay-8.jpg\" loading=\"lazy\" alt=\"Messi y Su\u00e1rez hace cinco a\u00f1os, en el inicio de esta idea.\"> <\/picture><figcaption readability=\"3\">\n<p>Messi y Su\u00e1rez hace cinco a\u00f1os, en el inicio de esta idea. <\/p>\n<\/figcaption><\/div>\n<\/div>\n<p>A lo largo de la historia, Uruguay alberg\u00f3 el torneo de 1930, Chile el de 1962, Argentina el de 1978 y ser\u00eda la primera vez para Paraguay. \u00bfSe dar\u00e1?<\/p>\n<div class=\"sp__SM\">\n<div class=\"content-new \"> <span class=\"tit-mobile\">Mir\u00e1 tambi\u00e9n<\/span> <\/p>\n<div class=\"mg\">\n<div class=\"wrap-figure\"> <picture> <a href=\"https:\/\/www.ole.com.ar\/ecuador\/internacional\/palmas-cancer-jugador-rodriguez_0_FVbKnm2Lj3.html\" target=\"_self\" rel=\"noopener noreferrer\"> <img class=\"img-responsive\" alt=\"Un jugador de Las Palmas anuncia que padece c\u00e1ncer\" src=\"http:\/\/hoycordobaweb.com\/wp-content\/uploads\/2022\/08\/lanzan-oficialmente-la-candidatura-para-el-mundial-2030-argentina-uruguay-chile-y-paraguay-6.jpg\" loading=\"lazy\"> <\/a> <\/picture> <\/div><\/div><\/div>\n<\/div>\n<div class=\"entry-tags\">\n<h2>TEMAS QUE APARECEN EN ESTA NOTA<\/h2>\n<\/p><\/div>\n","protected":false},"excerpt":{"rendered":"<p>Desde hace un tiempo, primero con Argentina y Uruguay como voces cantantes, la Conmebol tiene la idea de albergar el Mundial de 2030, cuando se cumplan 100 a\u00f1os de la primera competencia mundialista, disputada justamente en terreno charr\u00faa. Y con el tiempo, para hacer m\u00e1s redituable este proyecto, se sumaron Chile y Paraguay. Este martes, [&hellip;]<\/p>\n","protected":false},"author":1,"featured_media":46218,"comment_status":"open","ping_status":"closed","sticky":false,"template":"","format":"standard","meta":[],"categories":[16],"tags":[],"_links":{"self":[{"href":"http:\/\/hoycordobaweb.com\/index.php\/wp-json\/wp\/v2\/posts\/46217"}],"collection":[{"href":"http:\/\/hoycordobaweb.com\/index.php\/wp-json\/wp\/v2\/posts"}],"about":[{"href":"http:\/\/hoycordobaweb.com\/index.php\/wp-json\/wp\/v2\/types\/post"}],"author":[{"embeddable":true,"href":"http:\/\/hoycordobaweb.com\/index.php\/wp-json\/wp\/v2\/users\/1"}],"replies":[{"embeddable":true,"href":"http:\/\/hoycordobaweb.com\/index.php\/wp-json\/wp\/v2\/comments?post=46217"}],"version-history":[{"count":0,"href":"http:\/\/hoycordobaweb.com\/index.php\/wp-json\/wp\/v2\/posts\/46217\/revisions"}],"wp:featuredmedia":[{"embeddable":true,"href":"http:\/\/hoycordobaweb.com\/index.php\/wp-json\/wp\/v2\/media\/46218"}],"wp:attachment":[{"href":"http:\/\/hoycordobaweb.com\/index.php\/wp-json\/wp\/v2\/media?parent=46217"}],"wp:term":[{"taxonomy":"category","embeddable":true,"href":"http:\/\/hoycordobaweb.com\/index.php\/wp-json\/wp\/v2\/categories?post=46217"},{"taxonomy":"post_tag","embeddable":true,"href":"http:\/\/hoycordobaweb.com\/index.php\/wp-json\/wp\/v2\/tags?post=46217"}],"curies":[{"name":"wp","href":"https:\/\/api.w.org\/{rel}","templated":true}]}}