{"id":46213,"date":"2022-08-02T19:04:33","date_gmt":"2022-08-02T19:04:33","guid":{"rendered":"https:\/\/www.ole.com.ar\/futbol-internacional\/manuel-neuer-elogio-memo-ochoa-mexico_0_fuIUNNq0X6.html"},"modified":"2022-08-02T19:04:33","modified_gmt":"2022-08-02T19:04:33","slug":"el-sorpresivo-elogio-de-neuer-al-memo-ochoa","status":"publish","type":"post","link":"http:\/\/hoycordobaweb.com\/index.php\/2022\/08\/02\/el-sorpresivo-elogio-de-neuer-al-memo-ochoa\/","title":{"rendered":"El sorpresivo elogio de Neuer al Memo Ochoa"},"content":{"rendered":"<p><img src=\"http:\/\/hoycordobaweb.com\/wp-content\/uploads\/2022\/08\/el-sorpresivo-elogio-de-neuer-al-memo-ochoa.jpg\"><\/p>\n<p><strong><a alt=\"manuel-neuer\" class=\"slug\" href=\"https:\/\/www.ole.com.ar\/tema\/manuel-neuer.html\" target=\"_blank\" title=\"manuel-neuer\" rel=\"noopener noreferrer\">Manuel Neuer<\/a><\/strong> supo consolidarse como uno de los mejores arqueros del mundo durante los \u00faltimos a\u00f1os. Multicampe\u00f3n con el <a alt=\"bayern-munich\" class=\"slug\" href=\"https:\/\/www.ole.com.ar\/tema\/bayern-munich.html\" target=\"_blank\" title=\"bayern-munich\" rel=\"noopener noreferrer\">Bayern Munich<\/a> y la <a alt=\"seleccion-de-alemania\" class=\"slug\" href=\"https:\/\/www.ole.com.ar\/tema\/seleccion-de-alemania.html\" target=\"_blank\" title=\"seleccion-de-alemania\" rel=\"noopener noreferrer\">selecci\u00f3n de Alemania<\/a>, agiganta su carrera temporada tras temporada. <strong>Una voz autorizada en su puesto, elogi\u00f3 a su colega <a alt=\"guillermo-ochoa\" class=\"slug\" href=\"https:\/\/www.ole.com.ar\/tema\/guillermo-ochoa.html\" target=\"_blank\" title=\"guillermo-ochoa\" rel=\"noopener noreferrer\">Guillermo Ochoa<\/a><\/strong>, quien tambi\u00e9n hizo un enorme recorrido.<\/p>\n<p>El 1 alem\u00e1n brind\u00f3 una entrevista con Fox Sports M\u00e9xico y, adem\u00e1s de hablar bien de Memo, record\u00f3 lo que fue un fat\u00eddico partido ante el Tri en el Mundial de Rusia 2018, donde terminaron cayendo 1-0 por un gol de Chucky Lozano y comenzaron torcidos en el grupo F, donde finalmente ocupar\u00edan la \u00faltima posici\u00f3n y quedar\u00edan eliminados.<\/p>\n<div class=\"sp__Normal\">\n<div class=\"image-embeb image-trigger\" readability=\"6\"> <picture><source media=\"(min-width: 720px)\" srcset=\"http:\/\/hoycordobaweb.com\/wp-content\/uploads\/2022\/08\/el-sorpresivo-elogio-de-neuer-al-memo-ochoa-2.jpg\"><img itemprop=\"image\" src=\"http:\/\/hoycordobaweb.com\/wp-content\/uploads\/2022\/08\/el-sorpresivo-elogio-de-neuer-al-memo-ochoa-2.jpg\" loading=\"lazy\" alt=\"El gol de Lozano para vencer a Alemania. (EFE\/EPA\/ZURAB KURTSIKIDZE)\"> <\/picture><figcaption readability=\"2\">\n<p>El gol de Lozano para vencer a Alemania. (EFE\/EPA\/ZURAB KURTSIKIDZE) <\/p>\n<\/figcaption><\/div>\n<\/div>\n<div class=\"sp__SM\">\n<div class=\"content-new \"> <span class=\"tit-mobile\">Mir\u00e1 tambi\u00e9n<\/span> <\/p>\n<div class=\"mg\">\n<div class=\"wrap-figure\"> <picture> <a href=\"https:\/\/www.ole.com.ar\/fuera-de-juego\/chicharito-hernandez-nego-foto-nino-mls_0_vlmQvZ98R8.html\" target=\"_self\" rel=\"noopener noreferrer\"> <img class=\"img-responsive\" alt=\"Video: Chicharito le neg\u00f3 una foto a un ni\u00f1o y en las redes lo destrozaron\" src=\"http:\/\/hoycordobaweb.com\/wp-content\/uploads\/2022\/08\/el-sorpresivo-elogio-de-neuer-al-memo-ochoa-3.jpg\" loading=\"lazy\"> <\/a> <\/picture> <\/div><\/div><\/div>\n<\/div>\n<h2><strong>ELOGIOS AL MEMO OCHOA<\/strong><\/h2>\n<p><strong>\u00ab<mark>Memo es un s\u00faper jugador<\/mark>, eso est\u00e1 claro y hemos tenido contacto. Siempre me da gusto verlo y jugar contra \u00e9l. Con M\u00e9xico siempre ha tenido actuaciones muy s\u00f3lidas en todas las competencias\u00bb<\/strong>, coment\u00f3 Neuer, ya palpitando lo que ser\u00e1 Qatar 2022.<\/p>\n<div class=\"sp__Normal\">\n<div class=\"image-embeb image-trigger\" readability=\"6.5\"> <picture><source media=\"(min-width: 720px)\" srcset=\"http:\/\/hoycordobaweb.com\/wp-content\/uploads\/2022\/08\/el-sorpresivo-elogio-de-neuer-al-memo-ochoa-4.jpg\"><img itemprop=\"image\" src=\"http:\/\/hoycordobaweb.com\/wp-content\/uploads\/2022\/08\/el-sorpresivo-elogio-de-neuer-al-memo-ochoa-4.jpg\" loading=\"lazy\" alt=\"El Memo, firme contra Alemania. (EFE\/EPA\/PETER POWELL)\"> <\/picture><figcaption readability=\"3\">\n<p>El Memo, firme contra Alemania. (EFE\/EPA\/PETER POWELL) <\/p>\n<\/figcaption><\/div>\n<\/div>\n<div class=\"sp__SM\">\n<div class=\"content-new \"> <span class=\"tit-mobile\">Mir\u00e1 tambi\u00e9n<\/span> <\/p>\n<div class=\"mg\">\n<div class=\"wrap-figure\"> <picture> <a href=\"https:\/\/www.ole.com.ar\/futbol-internacional\/inglaterra\/city-acostumbrado-alemania-van-dijk-premier-league_0_iC5Yd8Imyq.html\" target=\"_self\" rel=\"noopener noreferrer\"> <img class=\"img-responsive\" alt=\"El Kun sobre Haaland: &quot;Estaba demasiado acostumbrado a Alemania&quot;\" src=\"http:\/\/hoycordobaweb.com\/wp-content\/uploads\/2022\/08\/el-sorpresivo-elogio-de-neuer-al-memo-ochoa-5.jpg\" loading=\"lazy\"> <\/a> <\/picture> <\/div><\/div><\/div>\n<\/div>\n<p>Ochoa no fue el \u00fanico arquero mexicano que tiene un buen lugar en la consideraci\u00f3n del elegido cinco veces Mejor Portero del Mundo por la IFFHS (2013, 2014, 2015, 2016, 2020): tambi\u00e9n habl\u00f3 sobre el hist\u00f3rico y colorido <strong>Jorge Campos<\/strong>. <strong>\u00abEra un loco, pero de forma positiva. Fue un s\u00faper portero que siempre llev\u00f3 uniformes muy bonitos<\/strong>\u00ab.<\/p>\n<h2><strong>LA DERROTA ANTE M\u00c9XICO<\/strong><\/h2>\n<p>Neuer tambi\u00e9n habl\u00f3 sobre la dura ca\u00edda vs. M\u00e9xico en el debut de Rusia 2018, que signific\u00f3 un duro golpe y donde terminar\u00edan recibiendo la \u00faltima estocada ante Corea del Sur: <strong>\u00abAquello no fue una sorpresa para nosotros porque M\u00e9xico funciona muy bien como equipo, fueron muy compactos y agresivos. No tienen un jugador que sobresalga, pero su fortaleza fue el equipo. Funcionaron muy bien como conjunto\u00bb<\/strong>.<\/p>\n<h2><strong>LA CHARLA DE NEUER SOBRE M\u00c9XICO<\/strong><\/h2>\n<div class=\"sp__SM\">\n<div class=\"content-new \"> <span class=\"tit-mobile\">Mir\u00e1 tambi\u00e9n<\/span> <\/p>\n<div class=\"mg\">\n<div class=\"wrap-figure\"> <picture> <a href=\"https:\/\/www.ole.com.ar\/futbol-internacional\/espana\/riqui-puig-jugador-barcelona-incorporacion-mls-angeles-galaxy-22-anos-promesa_0_zQGk35ifSr.html\" target=\"_self\" rel=\"noopener noreferrer\"> <img class=\"img-responsive\" alt=\"De ser la promesa del Barcelona a irse gratis a la MLS con 22 a\u00f1os\" src=\"http:\/\/hoycordobaweb.com\/wp-content\/uploads\/2022\/08\/el-sorpresivo-elogio-de-neuer-al-memo-ochoa-6.jpg\" loading=\"lazy\"> <\/a> <\/picture> <\/div><\/div><\/div>\n<\/div>\n<div class=\"entry-tags\">\n<h2>TEMAS QUE APARECEN EN ESTA NOTA<\/h2>\n<\/p><\/div>\n","protected":false},"excerpt":{"rendered":"<p>Manuel Neuer supo consolidarse como uno de los mejores arqueros del mundo durante los \u00faltimos a\u00f1os. Multicampe\u00f3n con el Bayern Munich y la selecci\u00f3n de Alemania, agiganta su carrera temporada tras temporada. Una voz autorizada en su puesto, elogi\u00f3 a su colega Guillermo Ochoa, quien tambi\u00e9n hizo un enorme recorrido. El 1 alem\u00e1n brind\u00f3 una [&hellip;]<\/p>\n","protected":false},"author":1,"featured_media":46214,"comment_status":"open","ping_status":"closed","sticky":false,"template":"","format":"standard","meta":[],"categories":[16],"tags":[],"_links":{"self":[{"href":"http:\/\/hoycordobaweb.com\/index.php\/wp-json\/wp\/v2\/posts\/46213"}],"collection":[{"href":"http:\/\/hoycordobaweb.com\/index.php\/wp-json\/wp\/v2\/posts"}],"about":[{"href":"http:\/\/hoycordobaweb.com\/index.php\/wp-json\/wp\/v2\/types\/post"}],"author":[{"embeddable":true,"href":"http:\/\/hoycordobaweb.com\/index.php\/wp-json\/wp\/v2\/users\/1"}],"replies":[{"embeddable":true,"href":"http:\/\/hoycordobaweb.com\/index.php\/wp-json\/wp\/v2\/comments?post=46213"}],"version-history":[{"count":0,"href":"http:\/\/hoycordobaweb.com\/index.php\/wp-json\/wp\/v2\/posts\/46213\/revisions"}],"wp:featuredmedia":[{"embeddable":true,"href":"http:\/\/hoycordobaweb.com\/index.php\/wp-json\/wp\/v2\/media\/46214"}],"wp:attachment":[{"href":"http:\/\/hoycordobaweb.com\/index.php\/wp-json\/wp\/v2\/media?parent=46213"}],"wp:term":[{"taxonomy":"category","embeddable":true,"href":"http:\/\/hoycordobaweb.com\/index.php\/wp-json\/wp\/v2\/categories?post=46213"},{"taxonomy":"post_tag","embeddable":true,"href":"http:\/\/hoycordobaweb.com\/index.php\/wp-json\/wp\/v2\/tags?post=46213"}],"curies":[{"name":"wp","href":"https:\/\/api.w.org\/{rel}","templated":true}]}}