{"id":46211,"date":"2022-08-02T19:13:36","date_gmt":"2022-08-02T19:13:36","guid":{"rendered":"https:\/\/www.ole.com.ar\/futbol-ascenso\/ascenso-primera-b-andes_0_vPuqeXDvKP.html"},"modified":"2022-08-02T19:13:36","modified_gmt":"2022-08-02T19:13:36","slug":"los-andes-jugara-a-puertas-cerradas","status":"publish","type":"post","link":"http:\/\/hoycordobaweb.com\/index.php\/2022\/08\/02\/los-andes-jugara-a-puertas-cerradas\/","title":{"rendered":"Los Andes jugar\u00e1 a puertas cerradas"},"content":{"rendered":"<p><img src=\"http:\/\/hoycordobaweb.com\/wp-content\/uploads\/2022\/08\/los-andes-jugara-a-puertas-cerradas.jpg\"><\/p>\n<p><strong>Los Andes<\/strong> no levanta cabeza desde lo futbol\u00edstico y el descenso le respira en la nuca. A su vez, a Lomas se le suman m\u00e1s conflictos. Tras los disturbios entre la polic\u00eda, los barras y socios del club en la derrota frente a <strong>Colegiales,<\/strong> Aprevide sancion\u00f3 por tres fechas sin p\u00fablico en el <strong>Gallard\u00f3n.<\/strong><\/p>\n<div class=\"sp__SM\">\n<div class=\"content-new \"> <span class=\"tit-mobile\">Mir\u00e1 tambi\u00e9n<\/span> <\/p>\n<div class=\"mg\">\n<div class=\"wrap-figure\"> <picture> <a href=\"https:\/\/www.ole.com.ar\/futbol-ascenso\/ferro-belgrano_0_pZHEDfyiXD.html\" target=\"_self\" rel=\"noopener noreferrer\"> <img class=\"img-responsive\" alt=\"Ferro jug\u00f3 un partidazo y le gan\u00f3 al l\u00edder Belgrano\" src=\"http:\/\/hoycordobaweb.com\/wp-content\/uploads\/2022\/08\/los-andes-jugara-a-puertas-cerradas-2.jpg\" loading=\"lazy\"> <\/a> <\/picture> <\/div><\/div><\/div>\n<\/div>\n<p>Faltan ocho fechas para que termine el <strong>Torneo Clausura<\/strong> y a pesar de que a\u00fan depende de s\u00ed mismo la ca\u00edda parece insostenible. Tras esta sanci\u00f3n desde la Comisi\u00f3n Directiva decidieron sacar un comunicado dando a entender, en teor\u00eda, los motivos por lo cual se hab\u00edan causado dichos disturbios que terminaron la sanci\u00f3n.&nbsp;<\/p>\n<div class=\"sp__SM\">\n<div class=\"content-new \"> <span class=\"tit-mobile\">Mir\u00e1 tambi\u00e9n<\/span> <\/p>\n<div class=\"mg\">\n<div class=\"wrap-figure\"> <picture> <a href=\"https:\/\/www.ole.com.ar\/futbol-ascenso\/p-nacional-alvarado-moron_0_heTw3D3Zaa.html\" target=\"_self\" rel=\"noopener noreferrer\"> <img class=\"img-responsive\" alt=\"El Gallito creci\u00f3 en Mar del Plata\" src=\"http:\/\/hoycordobaweb.com\/wp-content\/uploads\/2022\/08\/los-andes-jugara-a-puertas-cerradas-3.jpg\" loading=\"lazy\"> <\/a> <\/picture> <\/div><\/div><\/div>\n<\/div>\n<h2><strong><u>LOS HINCHAS ALZARON LA VOZ:&nbsp;<\/u><\/strong><\/h2>\n<div class=\"sp__Normal\">\n<div class=\"image-embeb image-trigger\" readability=\"6\"> <picture><source media=\"(min-width: 720px)\" srcset=\"http:\/\/hoycordobaweb.com\/wp-content\/uploads\/2022\/08\/los-andes-jugara-a-puertas-cerradas-4.jpg\"><img itemprop=\"image\" src=\"http:\/\/hoycordobaweb.com\/wp-content\/uploads\/2022\/08\/los-andes-jugara-a-puertas-cerradas-4.jpg\" loading=\"lazy\" alt=\"Los hinchas exigen elecciones.\"> <\/picture><figcaption readability=\"2\">\n<p>Los hinchas exigen elecciones. <\/p>\n<\/figcaption><\/div>\n<\/div>\n<p>Menos de una semana donde hubo una gran convocatoria de hinchas que colmaron los alrededores de la Municipalidad de Lomas con c\u00e1nticos y banderas en contra de los dirigentes con la idea de \u201crecuperar el club\u201d. Muchos de ellos, fueron amenazados y golpeados, luego del encuentro ante Cole. <\/p>\n<div class=\"sp__Normal\">\n<div class=\"image-embeb image-trigger\" readability=\"6\"> <picture><source media=\"(min-width: 720px)\" srcset=\"http:\/\/hoycordobaweb.com\/wp-content\/uploads\/2022\/08\/los-andes-jugara-a-puertas-cerradas-5.jpg\"><img itemprop=\"image\" src=\"http:\/\/hoycordobaweb.com\/wp-content\/uploads\/2022\/08\/los-andes-jugara-a-puertas-cerradas-5.jpg\" loading=\"lazy\" alt=\"La convocatoria de los hinchas\"> <\/picture><figcaption readability=\"2\">\n<p>La convocatoria de los hinchas <\/p>\n<\/figcaption><\/div>\n<\/div>\n<p> Uno de los simpatizantes, triste por la situaci\u00f3n que atraviesa la instituci\u00f3n, expres\u00f3 su malestar :\u201c<mark>Esta movilizaci\u00f3n es para recuperar el poder pol\u00edtico del club que hoy est\u00e1 tomado. Queremos democracia y recuperar el club. En las \u00faltimas elecciones no nos dejaron votar y amedrentaron a todas las agrupaciones\u201d<\/mark>, dec\u00eda uno de los socios aquella tarde en Cr\u00f3nica TV.<\/p>\n<div class=\"entry-tags\">\n<h2>TEMAS QUE APARECEN EN ESTA NOTA<\/h2>\n<\/p><\/div>\n","protected":false},"excerpt":{"rendered":"<p>Los Andes no levanta cabeza desde lo futbol\u00edstico y el descenso le respira en la nuca. A su vez, a Lomas se le suman m\u00e1s conflictos. Tras los disturbios entre la polic\u00eda, los barras y socios del club en la derrota frente a Colegiales, Aprevide sancion\u00f3 por tres fechas sin p\u00fablico en el Gallard\u00f3n. Mir\u00e1 [&hellip;]<\/p>\n","protected":false},"author":1,"featured_media":46212,"comment_status":"open","ping_status":"closed","sticky":false,"template":"","format":"standard","meta":[],"categories":[16],"tags":[],"_links":{"self":[{"href":"http:\/\/hoycordobaweb.com\/index.php\/wp-json\/wp\/v2\/posts\/46211"}],"collection":[{"href":"http:\/\/hoycordobaweb.com\/index.php\/wp-json\/wp\/v2\/posts"}],"about":[{"href":"http:\/\/hoycordobaweb.com\/index.php\/wp-json\/wp\/v2\/types\/post"}],"author":[{"embeddable":true,"href":"http:\/\/hoycordobaweb.com\/index.php\/wp-json\/wp\/v2\/users\/1"}],"replies":[{"embeddable":true,"href":"http:\/\/hoycordobaweb.com\/index.php\/wp-json\/wp\/v2\/comments?post=46211"}],"version-history":[{"count":0,"href":"http:\/\/hoycordobaweb.com\/index.php\/wp-json\/wp\/v2\/posts\/46211\/revisions"}],"wp:featuredmedia":[{"embeddable":true,"href":"http:\/\/hoycordobaweb.com\/index.php\/wp-json\/wp\/v2\/media\/46212"}],"wp:attachment":[{"href":"http:\/\/hoycordobaweb.com\/index.php\/wp-json\/wp\/v2\/media?parent=46211"}],"wp:term":[{"taxonomy":"category","embeddable":true,"href":"http:\/\/hoycordobaweb.com\/index.php\/wp-json\/wp\/v2\/categories?post=46211"},{"taxonomy":"post_tag","embeddable":true,"href":"http:\/\/hoycordobaweb.com\/index.php\/wp-json\/wp\/v2\/tags?post=46211"}],"curies":[{"name":"wp","href":"https:\/\/api.w.org\/{rel}","templated":true}]}}