{"id":46207,"date":"2022-08-02T15:46:24","date_gmt":"2022-08-02T15:46:24","guid":{"rendered":"https:\/\/manoamanocba.com.ar\/?p=5589"},"modified":"2022-08-02T15:46:24","modified_gmt":"2022-08-02T15:46:24","slug":"jhon-boretto-asumio-como-nuevo-rector-de-la-unc","status":"publish","type":"post","link":"http:\/\/hoycordobaweb.com\/index.php\/2022\/08\/02\/jhon-boretto-asumio-como-nuevo-rector-de-la-unc\/","title":{"rendered":"Jhon Boretto asumi\u00f3 como nuevo rector de la UNC"},"content":{"rendered":"<p>El contador Jhon Boretto asumi\u00f3 este lunes como rector de la Universidad Nacional de C\u00f3rdoba (UNC), luego de imponerse en las elecciones que se realizaron entre el 31 y de mayo y el 2 de junio \u00faltimo.<\/p>\n<p>El nuevo rector, acompa\u00f1ado por la vicerrectora Mariela Marchisio, asumi\u00f3 en una ceremonia que se realiz\u00f3 en la Sala de las Am\u00e9ricas, Pabell\u00f3n Argentina de la UNC, y expuso que su gesti\u00f3n tendr\u00e1 tres ejes: \u201cla transformaci\u00f3n educativa, la mejora en el modo en que habitamos la Universidad y la profundizaci\u00f3n de un modelo de universidad abierta a la sociedad\u201d.<\/p>\n<p>Asimismo, Boretto plante\u00f3 la necesidad de que \u201clas universidades sean protagonistas activas ante las transformaciones globales, aportando a su construcci\u00f3n desde una l\u00f3gica de equidad y solidaridad\u201d.<\/p>\n<p><a href=\"http:\/\/manoamanocba.com.ar\/wp-content\/uploads\/2022\/08\/2022-08-01-Asuncion-Boretto-Marchisio-02_0.jpg\"><img loading=\"lazy\" class=\"size-medium wp-image-5591 aligncenter\" src=\"http:\/\/hoycordobaweb.com\/wp-content\/uploads\/2022\/08\/jhon-boretto-asumio-como-nuevo-rector-de-la-unc.jpg\" alt width=\"300\" height=\"157\" srcset=\"http:\/\/hoycordobaweb.com\/wp-content\/uploads\/2022\/08\/jhon-boretto-asumio-como-nuevo-rector-de-la-unc.jpg 300w, http:\/\/hoycordobaweb.com\/wp-content\/uploads\/2022\/08\/jhon-boretto-asumio-como-nuevo-rector-de-la-unc-1.jpg 670w\" sizes=\"(max-width: 300px) 100vw, 300px\"><\/a><\/p>\n<p>Tambi\u00e9n abog\u00f3 por el fortalecimiento de las redes de \u201cmovilidad e intercambio con universidades de Argentina, la regi\u00f3n y el mundo, para estudiantes, docentes, no docentes, graduados y graduadas\u201d.<\/p>\n<p>En esa l\u00ednea dijo que \u201cno es tiempo de seguir fragmentando el conocimiento, sino de articularlo, interrelacionarlo y potenciarlo para producir respuestas innovadoras a los retos que tenemos por delante\u201d.<\/p>\n<p>\u201cLos problemas asociados a la crisis clim\u00e1tica, la pobreza, la creciente desigualdad y la falta de desarrollo sostenido de nuestro pa\u00eds, requieren m\u00e1s que nunca que la educaci\u00f3n y la ciencia sean protagonistas de la b\u00fasqueda de soluciones\u201d, remarc\u00f3 el nuevo rector.<\/p>\n<p>En su discurso, Boretto hizo un reconocimiento al rector saliente, Hugo Juri, por su \u201cliderazgo de transformaci\u00f3n, por cuestionar los viejos dogmas, por impulsar discusiones y debates no solo al interior de nuestra casa, sino tambi\u00e9n hacia todo el sistema universitario\u201d.<\/p>\n<p>El binomio Boretto-Marchisio se impuso con el 63,26% de los votos sobre la lista que integraban Alberto Le\u00f3n-Mar\u00eda In\u00e9s Peralta.<\/p>\n","protected":false},"excerpt":{"rendered":"<p>El contador Jhon Boretto asumi\u00f3 este lunes como rector de la Universidad Nacional de C\u00f3rdoba (UNC), luego de imponerse en las elecciones que se realizaron entre el 31 y de mayo y el 2 de junio \u00faltimo. El nuevo rector, acompa\u00f1ado por la vicerrectora Mariela Marchisio, asumi\u00f3 en una ceremonia que se realiz\u00f3 en la [&hellip;]<\/p>\n","protected":false},"author":1,"featured_media":46208,"comment_status":"closed","ping_status":"closed","sticky":false,"template":"","format":"standard","meta":[],"categories":[19],"tags":[],"_links":{"self":[{"href":"http:\/\/hoycordobaweb.com\/index.php\/wp-json\/wp\/v2\/posts\/46207"}],"collection":[{"href":"http:\/\/hoycordobaweb.com\/index.php\/wp-json\/wp\/v2\/posts"}],"about":[{"href":"http:\/\/hoycordobaweb.com\/index.php\/wp-json\/wp\/v2\/types\/post"}],"author":[{"embeddable":true,"href":"http:\/\/hoycordobaweb.com\/index.php\/wp-json\/wp\/v2\/users\/1"}],"replies":[{"embeddable":true,"href":"http:\/\/hoycordobaweb.com\/index.php\/wp-json\/wp\/v2\/comments?post=46207"}],"version-history":[{"count":0,"href":"http:\/\/hoycordobaweb.com\/index.php\/wp-json\/wp\/v2\/posts\/46207\/revisions"}],"wp:featuredmedia":[{"embeddable":true,"href":"http:\/\/hoycordobaweb.com\/index.php\/wp-json\/wp\/v2\/media\/46208"}],"wp:attachment":[{"href":"http:\/\/hoycordobaweb.com\/index.php\/wp-json\/wp\/v2\/media?parent=46207"}],"wp:term":[{"taxonomy":"category","embeddable":true,"href":"http:\/\/hoycordobaweb.com\/index.php\/wp-json\/wp\/v2\/categories?post=46207"},{"taxonomy":"post_tag","embeddable":true,"href":"http:\/\/hoycordobaweb.com\/index.php\/wp-json\/wp\/v2\/tags?post=46207"}],"curies":[{"name":"wp","href":"https:\/\/api.w.org\/{rel}","templated":true}]}}