{"id":46183,"date":"2022-08-01T20:24:00","date_gmt":"2022-08-01T20:24:00","guid":{"rendered":"http:\/\/hoycordobaweb.com\/index.php\/2022\/08\/01\/con-un-acto-piden-justicia-a-cinco-anos-de-la-muerte-de-santiago-maldonado\/"},"modified":"2022-08-01T20:24:00","modified_gmt":"2022-08-01T20:24:00","slug":"con-un-acto-piden-justicia-a-cinco-anos-de-la-muerte-de-santiago-maldonado","status":"publish","type":"post","link":"http:\/\/hoycordobaweb.com\/index.php\/2022\/08\/01\/con-un-acto-piden-justicia-a-cinco-anos-de-la-muerte-de-santiago-maldonado\/","title":{"rendered":"Con un acto, piden justicia a cinco a\u00f1os de la muerte de Santiago Maldonado"},"content":{"rendered":"<p><img src=\"http:\/\/hoycordobaweb.com\/wp-content\/uploads\/2022\/08\/con-un-acto-piden-justicia-a-cinco-anos-de-la-muerte-de-santiago-maldonado.jpg\"><\/p>\n<figure class=\"mb-3\"><img loading=\"lazy\" src=\"http:\/\/hoycordobaweb.com\/wp-content\/uploads\/2022\/08\/con-un-acto-piden-justicia-a-cinco-anos-de-la-muerte-de-santiago-maldonado-2.jpg\" width=\"100%\" height=\"100%\" alt=\"Foto Paula Ribas\"><figcaption> Foto: Paula Ribas. <\/figcaption><\/figure>\n<p>Familiares y amigos de Santiago Maldonado realizan este lunes un acto en Plaza de Mayo para reiterar el pedido de \u00abjusticia y verdad\u00bb, al cumplirse cinco a\u00f1os de la desaparici\u00f3n y muerte del joven artesano.<\/p>\n<p>La concentraci\u00f3n comenz\u00f3 a las 17 con presentaciones musicales de bandas como \u00abLas Manos de Filippi\u00bb, \u00abLa Delio Valdez\u00bb y \u00abLa Chilinga\u00bb, mientras que el acto central se concreta a partir de las 18.<\/p>\n<p><strong>Sergio Maldonado, hermano de Santiago, asegur\u00f3 este domingo en declaraciones a T\u00e9lam que la causa <\/strong>que investiga la muerte del joven, hallado sin vida luego de haber estado 78 d\u00edas desaparecido tras una represi\u00f3n ejecutada en agosto de 2017 en Chubut por agentes de la Gendarmer\u00eda,<strong> \u00abest\u00e1 paralizada en la Corte Suprema desde marzo de 2020\u00bb<\/strong>.<\/p>\n<p>Acompa\u00f1an la convocatoria Abuelas de Plaza de Mayo, Madres de Plaza de Mayo L\u00ednea Fundadora, Familiares de Desaparecidos y Detenidos por Razones Pol\u00edticas, H.I.J.O.S. Capital, Asamblea Permanente por los Derechos Humanos (APDH), Liga Argentina por los Derechos Humanos (LADH), Centro de Estudios Legales y Sociales (CELS).<\/p>\n<p>Asimismo<strong>, se sumar\u00e1n al reclamo la Central de Trabajadores Argentinos (CTA) y ATE Capital<\/strong>, que a trav\u00e9s de sus redes sociales se refirieron a los \u00ab5 a\u00f1os de impunidad\u00bb y acompa\u00f1aron el pedido de justicia de los familiares <\/p>\n","protected":false},"excerpt":{"rendered":"<p>Foto: Paula Ribas. Familiares y amigos de Santiago Maldonado realizan este lunes un acto en Plaza de Mayo para reiterar el pedido de \u00abjusticia y verdad\u00bb, al cumplirse cinco a\u00f1os de la desaparici\u00f3n y muerte del joven artesano. La concentraci\u00f3n comenz\u00f3 a las 17 con presentaciones musicales de bandas como \u00abLas Manos de Filippi\u00bb, \u00abLa [&hellip;]<\/p>\n","protected":false},"author":1,"featured_media":46184,"comment_status":"open","ping_status":"closed","sticky":false,"template":"","format":"standard","meta":[],"categories":[19],"tags":[],"_links":{"self":[{"href":"http:\/\/hoycordobaweb.com\/index.php\/wp-json\/wp\/v2\/posts\/46183"}],"collection":[{"href":"http:\/\/hoycordobaweb.com\/index.php\/wp-json\/wp\/v2\/posts"}],"about":[{"href":"http:\/\/hoycordobaweb.com\/index.php\/wp-json\/wp\/v2\/types\/post"}],"author":[{"embeddable":true,"href":"http:\/\/hoycordobaweb.com\/index.php\/wp-json\/wp\/v2\/users\/1"}],"replies":[{"embeddable":true,"href":"http:\/\/hoycordobaweb.com\/index.php\/wp-json\/wp\/v2\/comments?post=46183"}],"version-history":[{"count":0,"href":"http:\/\/hoycordobaweb.com\/index.php\/wp-json\/wp\/v2\/posts\/46183\/revisions"}],"wp:featuredmedia":[{"embeddable":true,"href":"http:\/\/hoycordobaweb.com\/index.php\/wp-json\/wp\/v2\/media\/46184"}],"wp:attachment":[{"href":"http:\/\/hoycordobaweb.com\/index.php\/wp-json\/wp\/v2\/media?parent=46183"}],"wp:term":[{"taxonomy":"category","embeddable":true,"href":"http:\/\/hoycordobaweb.com\/index.php\/wp-json\/wp\/v2\/categories?post=46183"},{"taxonomy":"post_tag","embeddable":true,"href":"http:\/\/hoycordobaweb.com\/index.php\/wp-json\/wp\/v2\/tags?post=46183"}],"curies":[{"name":"wp","href":"https:\/\/api.w.org\/{rel}","templated":true}]}}