{"id":46175,"date":"2022-08-01T19:15:05","date_gmt":"2022-08-01T19:15:05","guid":{"rendered":"https:\/\/www.mujerhoy.com\/moda\/no-te-pierdas\/reina-letizia-falda-midi-estampada-favorece-look-posado-verano-mallorca-20220801200910-nt.html"},"modified":"2022-08-01T19:15:05","modified_gmt":"2022-08-01T19:15:05","slug":"la-reina-letizia-estrena-una-favorecedora-falda-midi-estampada-con-alpargatas-planas-en-el-posado-de-verano-en-mallorca","status":"publish","type":"post","link":"http:\/\/hoycordobaweb.com\/index.php\/2022\/08\/01\/la-reina-letizia-estrena-una-favorecedora-falda-midi-estampada-con-alpargatas-planas-en-el-posado-de-verano-en-mallorca\/","title":{"rendered":"La reina Letizia estrena una favorecedora falda midi estampada con alpargatas planas en el posado de verano en Mallorca"},"content":{"rendered":"<p><!-- AUTHOR --><!-- COMPONENTS --><\/p>\n<p class=\"voc-paragraph\">La familia real ya ha arrancado sus <strong>vacaciones en Mallorca<\/strong> y con ellas ha llegado el habitual posado oficial de los reyes junto a sus hijas. Despu\u00e9s de que <strong>la reina Letizia<\/strong> inaugurara este periodo vacacional asistiendo a la clausura de un festival con <a data-voc-vtm-id=\"in-text-traffic\" href=\"https:\/\/www.mujerhoy.com\/moda\/no-te-pierdas\/letizia-vestido-negro-satinado-lencero-rejuvenece-a-los-50-copia-barata-zara-festival-cine-mallorca-20220731213749-nt.html\">este vestido negro<\/a> y <a data-voc-vtm-id=\"in-text-traffic\" href=\"https:\/\/www.mujerhoy.com\/moda\/no-te-pierdas\/reina-letizia-sandalias-planas-joya-copia-barata-rebajadas-made-in-spain-comodas-20220801123026-nt.html\">sandalias planas<\/a>, los monarcas, <strong>la princesa Leonor y la infanta Sof\u00eda<\/strong> han hecho su primera salida en la isla balear.\n<\/p>\n<p class=\"voc-paragraph\">El escenario elegido para esta primera fotograf\u00eda oficial en Mallorca ha sido <strong>Valldemossa<\/strong>, una localidad de la isla en la que <strong>han visitado La Cartuja <\/strong>de Valldemossa que es un conjunto monumental erigido inicialmente como un palacio real de la dinast\u00eda mallorquina en 1309 y cedido a los monjes cartujos en 1399.\n<\/p>\n<div class=\"voc-detail__cmp\">\n<div class=\"voc-article-container\">\n<article class=\"voc-article voc-article--cmp-photo-text\" readability=\"26\">\n<div class=\"voc-img-container\" readability=\"7\"><picture>\n<div class=\"voc-horizontal voc-img-icon-link\"><img class=\"lazy\" loading=\"lazy\" data-original=\"\/\/static2.mujerhoy.com\/www\/multimedia\/202208\/01\/media\/cortadas\/posado-familia-real-mallorca-kDo--624x624@MujerHoy.jpg\" alt=\"La familia real en Valldemossa.\"><\/div>\n<\/picture>\n<p class=\"figure-caption \"> La familia real en Valldemossa. \/ <span class=\"voc-photo-author\"> gtres <\/span><\/p>\n<\/div>\n<\/article>\n<\/div>\n<\/div>\n<p class=\"voc-paragraph\">Perfectamente coordinados con sus looks, como viene siendo habitual, la familia real espa\u00f1ola ha lucido para esta cita estilismos de lo m\u00e1s veraniegos. Y la reina Letizia ha sorprendido especialmente escogiendo un outfit ideal protagonizado por <strong>una falda midi estampada<\/strong> que no hemos dudado en fichar.\n<\/p>\n<p class=\"voc-paragraph\">Y no, no se trata de una falda de algunas de las firmas internacionales por las que ella suele apostar. Tampoco es un modelo de ninguna otra marca low cost como Zara o Massimo Dutti de la que es habitual. Se trata de un dise\u00f1o hecho a medida especialmente para ella.\n<\/p>\n<div class=\"voc-detail-photo-zoom\"><picture data-toggle=\"modal\" data-target=\"#photoZoomModal-784\" target=\"modal\">\n<div class=\"voc-img-icon-link\"><img loading=\"lazy\" data-original=\"\/\/static1.mujerhoy.com\/www\/multimedia\/202208\/01\/media\/cortadas\/infanta-sofia-reina-letizia-mallorca-kx4E--460x637@MujerHoy.jpg\" class=\"lazy\" alt=\"La infanta Sof\u00eda y la reina Letizia. \/ GTRES\"><noscript><img src=\"http:\/\/hoycordobaweb.com\/wp-content\/uploads\/2022\/08\/la-reina-letizia-estrena-una-favorecedora-falda-midi-estampada-con-alpargatas-planas-en-el-posado-de-verano-en-mallorca.jpg\" alt=\"La infanta Sof\u00eda y la reina Letizia. \/ GTRES\"><\/noscript><i class=\"voc-icons zoom voc-multimedia-box voc-ico-l\"><\/i><\/div><figcaption class=\"figure-caption\">La infanta Sof\u00eda y la reina Letizia. \/ GTRES<\/figcaption><\/picture><\/div>\n<div id=\"photoZoomModal-784\" class=\"voc-lightbox modal fade voc-lightbox--photo-zoom\" role=\"dialog\" data-voc-photozoom-lightbox>\n<div class=\"voc-lightbox__dialog\" role=\"document\">\n<div class=\"voc-lightbox__content\"><!-- Modal header --><!-- Modal content --><\/p>\n<div class=\"voc-lightbox__photo-container\"><picture class><img loading=\"lazy\" data-original=\"\/\/static1.mujerhoy.com\/www\/multimedia\/202208\/01\/media\/cortadas\/infanta-sofia-reina-letizia-mallorca-kx4E--460x637@MujerHoy.jpg\" alt=\"La infanta Sof\u00eda y la reina Letizia. \/ GTRES\" class=\"lazy\"><noscript><img src=\"http:\/\/hoycordobaweb.com\/wp-content\/uploads\/2022\/08\/la-reina-letizia-estrena-una-favorecedora-falda-midi-estampada-con-alpargatas-planas-en-el-posado-de-verano-en-mallorca.jpg\" alt=\"La infanta Sof\u00eda y la reina Letizia. \/ GTRES\"><\/noscript><\/picture><\/div>\n<\/div>\n<\/div>\n<\/div>\n<p class=\"voc-paragraph\">Al parecer, la monarca ha aprovechado esta ocasi\u00f3n especial para lucir una pieza diferente y exclusiva. Es una falda de <strong>Pablo Erroz<\/strong> de talle alto y silueta de vuelo en color blanco que tiene un discreto y sencillo estampado en color verde y que est\u00e1 confeccionada a partir de uno de los vestidos que la firma present\u00f3 en su \u00faltima colecci\u00f3n.\n<\/p>\n<p class=\"voc-paragraph\">La falda tiene una cinturilla ajustada y con una silueta en V que favorece much\u00edsimo, marca las curvas y define la figura. La reina dio todo el protagonismo a esta prenda combin\u00e1ndola con una camiseta de tirantes en el mismo tono de verde que el del print de la falda y a\u00f1adi\u00f3 complementos t\u00edpicos de la regi\u00f3n.\n<\/p>\n<p class=\"voc-paragraph\">De esta forma, Letizia complet\u00f3 el estilismo con unas <strong>alpargatas planas de la firma de moda y decoraci\u00f3n Sabellar<\/strong>, un modelo que estren\u00f3 en las vacaciones del a\u00f1o pasado y que caus\u00f3 furor. La monarca ha activado el &#8216;mood&#8217; turista y ha se ha bajado de las cu\u00f1as apostando por este dise\u00f1o plano mucho m\u00e1s c\u00f3modo.\n<\/p>\n<p class=\"voc-paragraph\">Se nota que la reina est\u00e1 de vacaciones y tambi\u00e9n ha dejado a un lado sus habituales bolsos de mano y ha escogido esta vez un <strong>capazo <\/strong>que iba en perfecta sinton\u00eda con el resto de prendas escogidas. Un modelo en color natural y asa larga en marr\u00f3n con el que estaba ideal.\n<\/p>\n<p class=\"voc-paragraph\">Unos <strong>pendientes dorados de Gold&amp;Roses <\/strong>y su anillo favorito de Karen Hallam culminaban este outfit de la reina al que le damos una matr\u00edcula de honor. Nos encanta ver a do\u00f1a Letizia apostar por piezas &#8216;made in Spain&#8217;, de dise\u00f1adores espa\u00f1oles y por dise\u00f1os m\u00e1s informales. \u00a1Un s\u00ed en toda regla!\n<\/p>\n<p><!-- TOPICS --><\/p>\n","protected":false},"excerpt":{"rendered":"<p>La familia real ya ha arrancado sus vacaciones en Mallorca y con ellas ha llegado el habitual posado oficial de los reyes junto a sus hijas. Despu\u00e9s de que la reina Letizia inaugurara este periodo vacacional asistiendo a la clausura de un festival con este vestido negro y sandalias planas, los monarcas, la princesa Leonor [&hellip;]<\/p>\n","protected":false},"author":1,"featured_media":46176,"comment_status":"closed","ping_status":"closed","sticky":false,"template":"","format":"standard","meta":[],"categories":[1],"tags":[],"_links":{"self":[{"href":"http:\/\/hoycordobaweb.com\/index.php\/wp-json\/wp\/v2\/posts\/46175"}],"collection":[{"href":"http:\/\/hoycordobaweb.com\/index.php\/wp-json\/wp\/v2\/posts"}],"about":[{"href":"http:\/\/hoycordobaweb.com\/index.php\/wp-json\/wp\/v2\/types\/post"}],"author":[{"embeddable":true,"href":"http:\/\/hoycordobaweb.com\/index.php\/wp-json\/wp\/v2\/users\/1"}],"replies":[{"embeddable":true,"href":"http:\/\/hoycordobaweb.com\/index.php\/wp-json\/wp\/v2\/comments?post=46175"}],"version-history":[{"count":0,"href":"http:\/\/hoycordobaweb.com\/index.php\/wp-json\/wp\/v2\/posts\/46175\/revisions"}],"wp:featuredmedia":[{"embeddable":true,"href":"http:\/\/hoycordobaweb.com\/index.php\/wp-json\/wp\/v2\/media\/46176"}],"wp:attachment":[{"href":"http:\/\/hoycordobaweb.com\/index.php\/wp-json\/wp\/v2\/media?parent=46175"}],"wp:term":[{"taxonomy":"category","embeddable":true,"href":"http:\/\/hoycordobaweb.com\/index.php\/wp-json\/wp\/v2\/categories?post=46175"},{"taxonomy":"post_tag","embeddable":true,"href":"http:\/\/hoycordobaweb.com\/index.php\/wp-json\/wp\/v2\/tags?post=46175"}],"curies":[{"name":"wp","href":"https:\/\/api.w.org\/{rel}","templated":true}]}}