{"id":46157,"date":"2022-08-01T19:16:29","date_gmt":"2022-08-01T19:16:29","guid":{"rendered":"https:\/\/www.ole.com.ar\/fuera-de-juego\/repudio-condena-afa-agresion-cristian-tirone_0_jibepvvm5u.html"},"modified":"2022-08-01T19:16:29","modified_gmt":"2022-08-01T19:16:29","slug":"repudio-y-condena-de-la-afa-por-la-agresion-de-cristian-tirone-a-una-referi","status":"publish","type":"post","link":"http:\/\/hoycordobaweb.com\/index.php\/2022\/08\/01\/repudio-y-condena-de-la-afa-por-la-agresion-de-cristian-tirone-a-una-referi\/","title":{"rendered":"Repudio y condena de la AFA por la agresi\u00f3n de Cristian Tirone a una refer\u00ed"},"content":{"rendered":"<p><img src=\"http:\/\/hoycordobaweb.com\/wp-content\/uploads\/2022\/08\/repudio-y-condena-de-la-afa-por-la-agresion-de-cristian-tirone-a-una-referi.jpg\"><\/p>\n<p>Tras<a href=\"https:\/\/www.ole.com.ar\/futbol-ascenso\/brutal-agresion-referi-gonzales-chaves_0_CHO3AZy8Fg.html\" target=\"_blank\" rel=\"noopener noreferrer\"><strong> la brutal agresi\u00f3n de Cristian Tirone a la arbitra Dalma Magal\u00ed Cortadi (le peg\u00f3 una trompada en la cabeza y por la espalda)<\/strong><\/a>, la Asociaci\u00f3n del F\u00fatbol Argentino emiti\u00f3 un comunicado en el que repudi\u00f3 \u00aben\u00e9rgicamente\u00bb la violencia que sufri\u00f3 la jueza este domingo, en el partido entre Club Deportivo Independencia y Club Deportivo Garmense.<\/p>\n<p>\u00abLa AFA repudia y condena el accionar del jugador Cristian Tirone (Dep. Garmense) hacia la \u00e1rbitra Dalma Cortadi, quien fue v\u00edctima de violencia f\u00edsica mientras se disputaba el segundo tiempo del encuentro. Esta Casa, junto al Consejo Federal, abordar\u00e1&nbsp;el tema y acompa\u00f1ar\u00e1&nbsp;a la jueza en todo el proceso afianzando los lineamientos sobre este tipo de conductas que nuestra asociaci\u00f3n no tolerar\u00e1\u00bb, public\u00f3 la casa madre del f\u00fatbol argentino en su web oficial.<\/p>\n<div class=\"sp__SM\">\n<div class=\"content-new \"> <span class=\"tit-mobile\">Mir\u00e1 tambi\u00e9n<\/span> <\/p>\n<div class=\"mg\">\n<div class=\"wrap-figure\"> <picture> <a href=\"https:\/\/www.ole.com.ar\/futbol-ascenso\/brutal-agresion-referi-gonzales-chaves_0_CHO3AZy8Fg.html\" target=\"_self\" rel=\"noopener noreferrer\"> <img class=\"img-responsive\" alt=\"Brutal agresi\u00f3n por la espalda a una refer\u00ed\" src=\"http:\/\/hoycordobaweb.com\/wp-content\/uploads\/2022\/08\/repudio-y-condena-de-la-afa-por-la-agresion-de-cristian-tirone-a-una-referi-2.jpg\" loading=\"lazy\"> <\/a> <\/picture> <\/div><\/div><\/div>\n<\/div>\n<h2><strong>EL COMUNICADO DE LA AFA<\/strong><\/h2>\n<p><em>La Asociaci\u00f3n del F\u00fatbol Argentino repudia en\u00e9rgicamente el hecho de violencia acontecido este domingo en el partido entre Club Deportivo Independencia y Club Deportivo Garmense.<\/em><\/p>\n<p> <em>La AFA repudia y condena el accionar del jugador Cristian Tirone (Dep. Garmense) hacia la \u00e1rbitra Dalma Cortadi, qui\u00e9n fue v\u00edctima de violencia f\u00edsica mientras se disputaba el segundo tiempo del encuentro.<\/em><\/p>\n<p> <em>\u00c9sta Casa, junto al Consejo Federal, abordar\u00e1n el tema y acompa\u00f1ar\u00e1n a la jueza en todo el proceso afianzando los lineamientos sobre este tipo de conductas que nuestra asociaci\u00f3n no tolerar\u00e1.<\/em><\/p>\n<p> <em>Cabe se\u00f1alar que se le dar\u00e1 traslado al Tribunal de Disciplina para aplicarle la sanci\u00f3n correspondiente al jugador y que estos hechos aberrantes no vuelvan a repetirse en ning\u00fan otro estadio de Nuestro F\u00fatbol. Asimismo, el Departamento de Equidad y G\u00e9nero que conduce la Dra. Paula Ojeda, se encuentra en constante di\u00e1logo con la v\u00edctima y a completa disposici\u00f3n.<\/em><\/p>\n<div class=\"sp__Normal\">\n<div class=\"image-embeb image-trigger\"> <picture><source media=\"(min-width: 720px)\" srcset=\"http:\/\/hoycordobaweb.com\/wp-content\/uploads\/2022\/08\/repudio-y-condena-de-la-afa-por-la-agresion-de-cristian-tirone-a-una-referi-3.jpg\"><img itemprop=\"image\" src=\"http:\/\/hoycordobaweb.com\/wp-content\/uploads\/2022\/08\/repudio-y-condena-de-la-afa-por-la-agresion-de-cristian-tirone-a-una-referi-3.jpg\" loading=\"lazy\" alt=\"El comunicado de la AFA.\"> <\/picture><figcaption>\n<p>El comunicado de la AFA. <\/p>\n<\/figcaption><\/div>\n<\/div>\n<h2><strong>EL AGRESOR FUE SUSPENDIDO DE POR VIDA<\/strong><\/h2>\n<p><a data-cke-saved-href=\"https:\/\/www.ole.com.ar\/futbol-ascenso\/garmense-suspension-vida-agresor_0_uIDcD6KNUh.html\" target=\"_blank\" href=\"https:\/\/www.ole.com.ar\/futbol-ascenso\/garmense-suspension-vida-agresor_0_uIDcD6KNUh.html\" rel=\"noopener noreferrer\"><strong>El club Deportivo Garmense suspendi\u00f3 de por vida por vida al jugador Cristian Tirone<\/strong><\/a> por su agresi\u00f3n a una refer\u00ed durante un encuentro de la Liga Regional de F\u00fatbol de Tres Arroyos. Tirone, de 34 a\u00f1os, hab\u00eda sido detenido el domingo luego de pegarle por la espalda a Dalma Magal\u00ed Cortadi, quien termin\u00f3 siendo atendida en un centro asistencial.<\/p>\n<p>\u00abEs un hecho lamentable, duele mucho como integrante de la comisi\u00f3n directiva y de la subcomisi\u00f3n de f\u00fatbol\u00bb, expres\u00f3 Jos\u00e9 del R\u00edo, el presidente de Deportivo Garmense, que luego asegur\u00f3 que la decisi\u00f3n se tom\u00f3 de manera autom\u00e1tica, ya que no hab\u00eda manera de calificar lo que hizo su jugador.<\/p>\n<div class=\"sp__Normal\">\n<div class=\"image-embeb image-trigger\" readability=\"6.5\"> <picture><source media=\"(min-width: 720px)\" srcset=\"http:\/\/hoycordobaweb.com\/wp-content\/uploads\/2022\/08\/repudio-y-condena-de-la-afa-por-la-agresion-de-cristian-tirone-a-una-referi-4.jpg\"><img itemprop=\"image\" src=\"http:\/\/hoycordobaweb.com\/wp-content\/uploads\/2022\/08\/repudio-y-condena-de-la-afa-por-la-agresion-de-cristian-tirone-a-una-referi-4.jpg\" loading=\"lazy\" alt=\"Dalma Cortadi, la juez agredida.\"> <\/picture><figcaption readability=\"3\">\n<p>Dalma Cortadi, la juez agredida. <\/p>\n<\/figcaption><\/div>\n<\/div>\n<div class=\"sp__SM\">\n<div class=\"content-new \"> <span class=\"tit-mobile\">Mir\u00e1 tambi\u00e9n<\/span> <\/p>\n<div class=\"mg\">\n<div class=\"wrap-figure\"> <picture> <a href=\"https:\/\/www.ole.com.ar\/futbol-ascenso\/garmense-suspension-vida-agresor_0_uIDcD6KNUh.html\" target=\"_self\" rel=\"noopener noreferrer\"> <img class=\"img-responsive\" alt=\"Suspenden de por vida al jugador que le peg\u00f3 a la refer\u00ed\" src=\"http:\/\/hoycordobaweb.com\/wp-content\/uploads\/2022\/08\/repudio-y-condena-de-la-afa-por-la-agresion-de-cristian-tirone-a-una-referi-5.jpg\" loading=\"lazy\"> <\/a> <\/picture> <\/div><\/div><\/div>\n<\/div>\n<div class=\"entry-tags\">\n<h2>TEMAS QUE APARECEN EN ESTA NOTA<\/h2>\n<\/p><\/div>\n","protected":false},"excerpt":{"rendered":"<p>Tras la brutal agresi\u00f3n de Cristian Tirone a la arbitra Dalma Magal\u00ed Cortadi (le peg\u00f3 una trompada en la cabeza y por la espalda), la Asociaci\u00f3n del F\u00fatbol Argentino emiti\u00f3 un comunicado en el que repudi\u00f3 \u00aben\u00e9rgicamente\u00bb la violencia que sufri\u00f3 la jueza este domingo, en el partido entre Club Deportivo Independencia y Club Deportivo [&hellip;]<\/p>\n","protected":false},"author":1,"featured_media":46158,"comment_status":"open","ping_status":"closed","sticky":false,"template":"","format":"standard","meta":[],"categories":[16],"tags":[],"_links":{"self":[{"href":"http:\/\/hoycordobaweb.com\/index.php\/wp-json\/wp\/v2\/posts\/46157"}],"collection":[{"href":"http:\/\/hoycordobaweb.com\/index.php\/wp-json\/wp\/v2\/posts"}],"about":[{"href":"http:\/\/hoycordobaweb.com\/index.php\/wp-json\/wp\/v2\/types\/post"}],"author":[{"embeddable":true,"href":"http:\/\/hoycordobaweb.com\/index.php\/wp-json\/wp\/v2\/users\/1"}],"replies":[{"embeddable":true,"href":"http:\/\/hoycordobaweb.com\/index.php\/wp-json\/wp\/v2\/comments?post=46157"}],"version-history":[{"count":0,"href":"http:\/\/hoycordobaweb.com\/index.php\/wp-json\/wp\/v2\/posts\/46157\/revisions"}],"wp:featuredmedia":[{"embeddable":true,"href":"http:\/\/hoycordobaweb.com\/index.php\/wp-json\/wp\/v2\/media\/46158"}],"wp:attachment":[{"href":"http:\/\/hoycordobaweb.com\/index.php\/wp-json\/wp\/v2\/media?parent=46157"}],"wp:term":[{"taxonomy":"category","embeddable":true,"href":"http:\/\/hoycordobaweb.com\/index.php\/wp-json\/wp\/v2\/categories?post=46157"},{"taxonomy":"post_tag","embeddable":true,"href":"http:\/\/hoycordobaweb.com\/index.php\/wp-json\/wp\/v2\/tags?post=46157"}],"curies":[{"name":"wp","href":"https:\/\/api.w.org\/{rel}","templated":true}]}}