{"id":46136,"date":"2022-07-31T19:52:00","date_gmt":"2022-07-31T19:52:00","guid":{"rendered":"http:\/\/hoycordobaweb.com\/index.php\/2022\/07\/31\/el-conductor-que-choco-en-la-general-paz-de-contramano-y-alcoholizado-nunca-tuvo-registro\/"},"modified":"2022-07-31T19:52:00","modified_gmt":"2022-07-31T19:52:00","slug":"el-conductor-que-choco-en-la-general-paz-de-contramano-y-alcoholizado-nunca-tuvo-registro","status":"publish","type":"post","link":"http:\/\/hoycordobaweb.com\/index.php\/2022\/07\/31\/el-conductor-que-choco-en-la-general-paz-de-contramano-y-alcoholizado-nunca-tuvo-registro\/","title":{"rendered":"El conductor que choc\u00f3 en la General Paz de contramano y alcoholizado nunca tuvo registro"},"content":{"rendered":"<p><img src=\"http:\/\/hoycordobaweb.com\/wp-content\/uploads\/2022\/07\/el-conductor-que-choco-en-la-general-paz-de-contramano-y-alcoholizado-nunca-tuvo-registro.jpg\"><\/p>\n<figure class=\"mb-3\"><img loading=\"lazy\" src=\"http:\/\/hoycordobaweb.com\/wp-content\/uploads\/2022\/07\/el-conductor-que-choco-en-la-general-paz-de-contramano-y-alcoholizado-nunca-tuvo-registro-2.jpg\" width=\"100%\" height=\"100%\" alt=\"El Volskwagen Gol que circulaba de contramano impact de frente contra una camioneta Berlingo aleginart\"><figcaption> El Volskwagen Gol que circulaba de contramano impact\u00f3 de frente contra una camioneta Berlingo. (@aleginart) <\/figcaption><\/figure>\n<p>Un automovilista que circulaba alcoholizado, sin licencia registrada y a contramano por la avenida General Paz choc\u00f3 esta madrugada de domingo a otro veh\u00edculo, en el barrio porte\u00f1o de Mataderos, con un saldo de tres personas heridas, confirm\u00f3 esta tarde el director ejecutivo de la Agencia Nacional de Seguridad Vial (ANSV), <strong>Pablo Mart\u00ednez Carignano.<\/strong><\/p>\n<p>\u201c\u00bfQu\u00e9 puede causar que un auto vaya de contramano por la General Paz? Respuesta: el alcohol. Esta locura -que afortunadamente no mat\u00f3 a nadie- fue provocada por un conductor de 25 a\u00f1os, de Lomas, totalmente borracho\u201d, tuite\u00f3 Carignano.<\/p>\n<p>\u201cSeg\u00fan nos confirm\u00f3 el ministro de Seguridad de la Ciudad de Buenos Aires, Marcelo D\u2019Alessandro, <strong>el conductor estaba dormido cuando lleg\u00f3 la polic\u00eda y hubo que sacarle sangre en el hospital para confirmar lo evidente<\/strong>\u201d, agreg\u00f3.<\/p>\n<p>El siniestro tuvo lugar antes de las 6, cuando un autom\u00f3vil Volkswagen Gol subi\u00f3 a la autopista por el ingreso Alberdi en direcci\u00f3n contraria a la circulaci\u00f3n vehicular y a poco de andar impact\u00f3 a un utilitario marca Citro\u00ebn Berlingo en la mano que va hacia el Riachuelo, a la altura de Emilio Castro.<\/p>\n<p>Producto del choque, <strong>ambos conductores y un acompa\u00f1ante debieron ser asistidos por el SAME<\/strong> y fueron trasladados al hospital Santojanni, donde se recuperan de los politraumatismos sufridos, sin riesgo de vida.<\/p>\n<figure class=\"mb-3\"><img loading=\"lazy\" src=\"http:\/\/hoycordobaweb.com\/wp-content\/uploads\/2022\/07\/el-conductor-que-choco-en-la-general-paz-de-contramano-y-alcoholizado-nunca-tuvo-registro-3.jpg\" width=\"100%\" height=\"100%\" alt=\"El utilitario qued semidestrozado Imagen de tv\"><figcaption> El utilitario qued\u00f3 semidestrozado. (Imagen de tv) <\/figcaption><\/figure>\n<p>El conductor del Gol, un joven de 23 a\u00f1os de la localidad bonaerense de Lomas de Zamora, fue sometido a un test de alcoholemia y narcotest para determinar si su conducta imprudente estuvo motivada por el consumo de sustancias, lo que posteriormente se confirm\u00f3 para el alcohol.<\/p>\n<p>\u201cSabemos que hay muchos problemas por resolver en nuestro amado pa\u00eds, pero no perdamos de vista que <strong>el alcohol causa 1 de 4 cada muertos en siniestros viales. <\/strong>Es urgente tratar la ley de #AlcoholCero en Diputados para que pesadillas como estas no vuelvan a ocurrir\u201d, continu\u00f3 Carignano en un hilo de tuits.<\/p>\n<p>\u201cEl conductor no tiene licencia registrada, por esto desde Agencia Nacional de Seguridad Vial vamos a emitir un alerta a todos los CELs (Centros de emisi\u00f3n de licencias de conducir) del pa\u00eds para que al momento de presentarse no la pueda obtener\u201d, a\u00f1adi\u00f3.<\/p>\n<p>En la causa interviene la Fiscal\u00eda Penal, Contravencional y de Faltas N\u00ba 35, que imput\u00f3 al conductor del Volkswagen Gol por lesiones. <\/p>\n","protected":false},"excerpt":{"rendered":"<p>El Volskwagen Gol que circulaba de contramano impact\u00f3 de frente contra una camioneta Berlingo. (@aleginart) Un automovilista que circulaba alcoholizado, sin licencia registrada y a contramano por la avenida General Paz choc\u00f3 esta madrugada de domingo a otro veh\u00edculo, en el barrio porte\u00f1o de Mataderos, con un saldo de tres personas heridas, confirm\u00f3 esta tarde [&hellip;]<\/p>\n","protected":false},"author":1,"featured_media":46137,"comment_status":"open","ping_status":"closed","sticky":false,"template":"","format":"standard","meta":[],"categories":[19],"tags":[],"_links":{"self":[{"href":"http:\/\/hoycordobaweb.com\/index.php\/wp-json\/wp\/v2\/posts\/46136"}],"collection":[{"href":"http:\/\/hoycordobaweb.com\/index.php\/wp-json\/wp\/v2\/posts"}],"about":[{"href":"http:\/\/hoycordobaweb.com\/index.php\/wp-json\/wp\/v2\/types\/post"}],"author":[{"embeddable":true,"href":"http:\/\/hoycordobaweb.com\/index.php\/wp-json\/wp\/v2\/users\/1"}],"replies":[{"embeddable":true,"href":"http:\/\/hoycordobaweb.com\/index.php\/wp-json\/wp\/v2\/comments?post=46136"}],"version-history":[{"count":0,"href":"http:\/\/hoycordobaweb.com\/index.php\/wp-json\/wp\/v2\/posts\/46136\/revisions"}],"wp:featuredmedia":[{"embeddable":true,"href":"http:\/\/hoycordobaweb.com\/index.php\/wp-json\/wp\/v2\/media\/46137"}],"wp:attachment":[{"href":"http:\/\/hoycordobaweb.com\/index.php\/wp-json\/wp\/v2\/media?parent=46136"}],"wp:term":[{"taxonomy":"category","embeddable":true,"href":"http:\/\/hoycordobaweb.com\/index.php\/wp-json\/wp\/v2\/categories?post=46136"},{"taxonomy":"post_tag","embeddable":true,"href":"http:\/\/hoycordobaweb.com\/index.php\/wp-json\/wp\/v2\/tags?post=46136"}],"curies":[{"name":"wp","href":"https:\/\/api.w.org\/{rel}","templated":true}]}}