{"id":46022,"date":"2022-07-28T00:35:00","date_gmt":"2022-07-28T00:35:00","guid":{"rendered":"https:\/\/www.ole.com.ar\/river-plate\/braian-romero-prestamo-inter-porto-alegr_0_JgqRPVMY5N.html"},"modified":"2022-07-28T00:35:00","modified_gmt":"2022-07-28T00:35:00","slug":"braian-romero-a-inter-de-porto-alegre","status":"publish","type":"post","link":"http:\/\/hoycordobaweb.com\/index.php\/2022\/07\/28\/braian-romero-a-inter-de-porto-alegre\/","title":{"rendered":"Braian Romero, a Inter de Porto Alegre"},"content":{"rendered":"<p><img src=\"http:\/\/hoycordobaweb.com\/wp-content\/uploads\/2022\/07\/braian-romero-a-inter-de-porto-alegre.jpg\"><\/p>\n<p>Lo que hab\u00eda comenzado como el sue\u00f1o cumplido del hincha fan\u00e1tico all\u00e1 por la primera semana de julio del 2021 y seguido como la confirmaci\u00f3n de que no tendr\u00eda problemas en ser el 9 de <strong><a alt=\"river-plate\" class=\"slug\" href=\"https:\/\/www.ole.com.ar\/tema\/river-plate.html\" target=\"_blank\" title=\"river-plate\" rel=\"noopener noreferrer\">River <\/a><\/strong>por una r\u00e1pida seguidilla de goles, <strong>termin\u00f3 con niveles bajos, escasos minutos y una venta<\/strong>. El camino de <strong><a alt=\"braian-romero\" class=\"slug\" href=\"https:\/\/www.ole.com.ar\/tema\/braian-romero.html\" target=\"_blank\" title=\"braian-romero\" rel=\"noopener noreferrer\">Braian Romero<\/a><\/strong>, que pas\u00f3 por casi todos los estados, <strong>lleg\u00f3 a su fin. <\/strong><\/p>\n<p>\u200bEste mi\u00e9rcoles a la noche, <strong>el club&nbsp;lleg\u00f3 a un principio de acuerdo con el Inter de Porto Alegre, que adquiere el 50% del pase por un mill\u00f3n de d\u00f3lares netos. <\/strong>Adem\u00e1s,<strong> en N\u00fa\u00f1ez podr\u00edan llegar a embolsar un mill\u00f3n m\u00e1s de la moneda estadounidense<\/strong> por objetivos. A la espera de someterse a la revisi\u00f3n m\u00e9dica, el delantero firmar\u00eda por dos a\u00f1os, con opci\u00f3n a uno m\u00e1s.<\/p>\n<div class=\"sp__SM\">\n<div class=\"content-new \"> <span class=\"tit-mobile\">Mir\u00e1 tambi\u00e9n<\/span> <\/p>\n<div class=\"mg\">\n<div class=\"wrap-figure\"> <picture> <a href=\"https:\/\/www.ole.com.ar\/river-plate\/descubridor-borja-historia-gallardo-nivel_0_Fhtxtm4pyW.html\" target=\"_self\" rel=\"noopener noreferrer\"> <img class=\"img-responsive\" alt=\"El mentor de Borja: &quot;Con Gallardo, triplicar\u00e1 su nivel&quot;\" src=\"http:\/\/hoycordobaweb.com\/wp-content\/uploads\/2022\/07\/braian-romero-a-inter-de-porto-alegre-2.jpg\" loading=\"lazy\"> <\/a> <\/picture> <\/div><\/div><\/div>\n<\/div>\n<p>Este a\u00f1o, <strong>Romero fue casi la ant\u00edtesis de lo que hab\u00eda sido en el pasado<\/strong>: los 12 goles en 25 partidos del 2021 se diferencian bastante de los tres en 26 del 2022 (65&#8242; promedio por juego vs. 38&#8242;). Su flojo rendimiento, sumado a las llegadas de <strong>Lucas Beltr\u00e1n y Miguel Borja<\/strong>&nbsp;a un plantel que ya contaba con&nbsp;<strong>Mat\u00edas Su\u00e1rez<\/strong> (a\u00fan con sus problemas f\u00edsicos) y en breve puede sumar a&nbsp;<strong>Flabian Londo\u00f1o<\/strong> (quien no debut\u00f3 en Primera, aunque la idea es que lo haga en el corto plazo), <strong>le sacaron tiempo en cancha y aceleraron su salida en este mercado de pases.<\/strong><\/p>\n<div class=\"sp__Normal\">\n<div class=\"image-embeb image-trigger\" readability=\"6\"> <picture><source media=\"(min-width: 720px)\" srcset=\"http:\/\/hoycordobaweb.com\/wp-content\/uploads\/2022\/07\/braian-romero-a-inter-de-porto-alegre-3.jpg\"><img itemprop=\"image\" src=\"http:\/\/hoycordobaweb.com\/wp-content\/uploads\/2022\/07\/braian-romero-a-inter-de-porto-alegre-3.jpg\" loading=\"lazy\" alt=\"Contra V\u00e9lez no tuvo una buena serie (Reuters).\"> <\/picture><figcaption readability=\"2\">\n<p>Contra V\u00e9lez no tuvo una buena serie (Reuters). <\/p>\n<\/figcaption><\/div>\n<\/div>\n<div class=\"sp__SM\">\n<div class=\"content-new \"> <span class=\"tit-mobile\">Mir\u00e1 tambi\u00e9n<\/span> <\/p>\n<div class=\"mg\">\n<div class=\"wrap-figure\"> <picture> <a href=\"https:\/\/www.ole.com.ar\/futbol-primera\/beligoy-camara-7-patronato-penal-barraca_0_yt2YmJZw5A.html\" target=\"_self\" rel=\"noopener noreferrer\"> <img class=\"img-responsive\" alt=\"Video: la c\u00e1mara 7 que Bali\u00f1o, el VAR y Beligoy utilizaron para una de las pol\u00e9micas en Floresta\" src=\"http:\/\/hoycordobaweb.com\/wp-content\/uploads\/2022\/07\/braian-romero-a-inter-de-porto-alegre-4.jpg\" loading=\"lazy\"> <\/a> <\/picture> <\/div><\/div><\/div>\n<\/div>\n<p>As\u00ed, <strong>River<\/strong> al menos recuperar\u00e1 parte de los <strong>2,5 millones de d\u00f3lares que le hab\u00eda pagado a Defensa y Justicia por el 80% del pase<\/strong> y se quedar\u00e1 con un 30% del jugador que con sus goles en la serie de octavos de la Libertadores pasada contra Argentinos se gan\u00f3 parte del coraz\u00f3n de bastantes hinchas del Millonario. <strong>Pero lo dicho: este a\u00f1o no pudo ratificar nada de lo que supo hacer y <a alt=\"marcelo-gallardo\" class=\"slug\" href=\"https:\/\/www.ole.com.ar\/tema\/marcelo-gallardo.html\" target=\"_blank\" title=\"marcelo-gallardo\" rel=\"noopener noreferrer\">Gallardo<\/a> dej\u00f3 de considerarlo. <\/strong><\/p>\n<div class=\"sp__SM\">\n<div class=\"content-new \"> <span class=\"tit-mobile\">Mir\u00e1 tambi\u00e9n<\/span> <\/p>\n<div class=\"mg\">\n<div class=\"wrap-figure\"> <picture> <a href=\"https:\/\/www.ole.com.ar\/river-plate\/encuesta-river-borja-beltran_0_jFs0BnobiF.html\" target=\"_self\" rel=\"noopener noreferrer\"> <img class=\"img-responsive\" alt=\"Encuesta River: \u00bfBorja y Beltr\u00e1n deben jugar juntos ante Sarmiento?\" src=\"http:\/\/hoycordobaweb.com\/wp-content\/uploads\/2022\/07\/braian-romero-a-inter-de-porto-alegre-5.jpg\" loading=\"lazy\"> <\/a> <\/picture> <\/div><\/div><\/div>\n<\/div>\n<p><strong>\u200b<\/strong>En el <strong>Inter<\/strong>, que marcha <strong>s\u00e9ptimo en el Brasileirao<\/strong> con 30 puntos en 19 fechas (a nueve del l\u00edder Palmeiras), por el momento <strong>no llega al repechaje de la Libertadores<\/strong> por diferencia de gol y <strong>juega cuartos de la Sudamericana<\/strong> contra el Melgar el 4 y 11 de agosto, compartir\u00e1 plantel con <strong>Gabriel Mercado<\/strong> y <strong>Fabricio Bustos<\/strong>. Su DT, <strong>Mano Menezes<\/strong>, lleg\u00f3 en abril de este a\u00f1o y actualmente se encuentra en charlas con la dirigencia dado que quieren que extienda su contrato que vence a fin de a\u00f1o y contin\u00fae en el 2023. <\/p>\n<p><strong>Ese gol errado en la vuelta contra V\u00e9lez marc\u00f3 pr\u00e1cticamente su final en River<\/strong>. Uno que estuvo muy lejos de ser el que so\u00f1\u00f3 de ni\u00f1o o el que imagin\u00f3 cuando se puso la Banda hace un a\u00f1o&#8230;<\/p>\n<h2>Los goles vs. Argentinos, su mejor momento<\/h2>\n<div class=\"sp__SM\">\n<div class=\"content-new \"> <span class=\"tit-mobile\">Mir\u00e1 tambi\u00e9n<\/span> <\/p>\n<div class=\"mg\">\n<div class=\"wrap-figure\"> <picture> <a href=\"https:\/\/www.ole.com.ar\/copa-argentina\/llave-octavos-copa-argentina-primera_0_8ybJ48njQM.html\" target=\"_self\" rel=\"noopener noreferrer\"> <img class=\"img-responsive\" alt=\"La llave de la Copa Argentina: cuatro del ascenso en octavos de final y pueden ser cinco\" src=\"http:\/\/hoycordobaweb.com\/wp-content\/uploads\/2022\/07\/braian-romero-a-inter-de-porto-alegre-6.jpg\" loading=\"lazy\"> <\/a> <\/picture> <\/div><\/div><\/div>\n<\/div>\n<div class=\"sp__SM\">\n<div class=\"content-new \"> <span class=\"tit-mobile\">Mir\u00e1 tambi\u00e9n<\/span> <\/p>\n<div class=\"mg\">\n<div class=\"wrap-figure\"> <picture> <a href=\"https:\/\/www.ole.com.ar\/river-plate\/francescoli-cruz-suarez-quintero_0_5phhpaFuId.html\" target=\"_self\" rel=\"noopener noreferrer\"> <img class=\"img-responsive\" alt=\"Francescoli: la firma de De la Cruz, qu\u00e9 pasa con Quintero y Luis Su\u00e1rez a Nacional\" src=\"http:\/\/hoycordobaweb.com\/wp-content\/uploads\/2022\/07\/braian-romero-a-inter-de-porto-alegre-7.jpg\" loading=\"lazy\"> <\/a> <\/picture> <\/div><\/div><\/div>\n<\/div>\n<div class=\"entry-tags\">\n<h2>TEMAS QUE APARECEN EN ESTA NOTA<\/h2>\n<\/p><\/div>\n","protected":false},"excerpt":{"rendered":"<p>Lo que hab\u00eda comenzado como el sue\u00f1o cumplido del hincha fan\u00e1tico all\u00e1 por la primera semana de julio del 2021 y seguido como la confirmaci\u00f3n de que no tendr\u00eda problemas en ser el 9 de River por una r\u00e1pida seguidilla de goles, termin\u00f3 con niveles bajos, escasos minutos y una venta. El camino de Braian [&hellip;]<\/p>\n","protected":false},"author":1,"featured_media":46023,"comment_status":"open","ping_status":"closed","sticky":false,"template":"","format":"standard","meta":[],"categories":[16],"tags":[],"_links":{"self":[{"href":"http:\/\/hoycordobaweb.com\/index.php\/wp-json\/wp\/v2\/posts\/46022"}],"collection":[{"href":"http:\/\/hoycordobaweb.com\/index.php\/wp-json\/wp\/v2\/posts"}],"about":[{"href":"http:\/\/hoycordobaweb.com\/index.php\/wp-json\/wp\/v2\/types\/post"}],"author":[{"embeddable":true,"href":"http:\/\/hoycordobaweb.com\/index.php\/wp-json\/wp\/v2\/users\/1"}],"replies":[{"embeddable":true,"href":"http:\/\/hoycordobaweb.com\/index.php\/wp-json\/wp\/v2\/comments?post=46022"}],"version-history":[{"count":0,"href":"http:\/\/hoycordobaweb.com\/index.php\/wp-json\/wp\/v2\/posts\/46022\/revisions"}],"wp:featuredmedia":[{"embeddable":true,"href":"http:\/\/hoycordobaweb.com\/index.php\/wp-json\/wp\/v2\/media\/46023"}],"wp:attachment":[{"href":"http:\/\/hoycordobaweb.com\/index.php\/wp-json\/wp\/v2\/media?parent=46022"}],"wp:term":[{"taxonomy":"category","embeddable":true,"href":"http:\/\/hoycordobaweb.com\/index.php\/wp-json\/wp\/v2\/categories?post=46022"},{"taxonomy":"post_tag","embeddable":true,"href":"http:\/\/hoycordobaweb.com\/index.php\/wp-json\/wp\/v2\/tags?post=46022"}],"curies":[{"name":"wp","href":"https:\/\/api.w.org\/{rel}","templated":true}]}}