{"id":46014,"date":"2022-07-28T20:35:37","date_gmt":"2022-07-28T20:35:37","guid":{"rendered":"https:\/\/manoamanocba.com.ar\/?p=5577"},"modified":"2022-07-28T20:35:37","modified_gmt":"2022-07-28T20:35:37","slug":"renuncio-gustavo-beliz-secretario-de-asuntos-estrategicos","status":"publish","type":"post","link":"http:\/\/hoycordobaweb.com\/index.php\/2022\/07\/28\/renuncio-gustavo-beliz-secretario-de-asuntos-estrategicos\/","title":{"rendered":"Renunci\u00f3 Gustavo Beliz, secretario de Asuntos Estrat\u00e9gicos"},"content":{"rendered":"<div><img src=\"http:\/\/hoycordobaweb.com\/wp-content\/uploads\/2022\/07\/renuncio-gustavo-beliz-secretario-de-asuntos-estrategicos.png\" class=\"ff-og-image-inserted\"><\/div>\n<p>El secretario de Asuntos Estrat\u00e9gicos de la Presidencia,&nbsp;<strong>Gustavo Beliz, renunci\u00f3 a su cargo \u00abde manera indeclinable\u00bb<\/strong>, informaron fuentes oficiales.<\/p>\n<p>Beliz le present\u00f3 este jueves al mediod\u00eda su renuncia al presidente Alberto Fern\u00e1ndez en Casa Rosada, adonde el mandatario lleg\u00f3 a las 11.35.<\/p>\n<p><strong>\u00abEsta confirmada la renuncia\u00bb, dijo a T\u00e9lam una fuente cercana al ahora exsecretario<\/strong>, y apunt\u00f3 que \u00abrenunci\u00f3 al cargo de Asuntos Estrat\u00e9gicos, de manera indeclinable\u00bb.<\/p>\n<p>Beliz fue ministro del Interior entre 4 de diciembre de 1992 y el 1\u00b0 de agosto de 1993 durante la primera presidencia de Carlos Menem; y ministro de Justicia, Seguridad y Derechos Humanos desde el 25 de mayo de 2003 y hasta el 24 de julio de 2004, ya en la gesti\u00f3n de N\u00e9stor Kirchner.<\/p>\n<p><strong>Hab\u00eda asumido el cargo que hoy dej\u00f3 el 10 de diciembre de 2019, en el inicio de la presidencia de Alberto Fern\u00e1ndez<\/strong>, y desde su designaci\u00f3n asumi\u00f3 distintas tareas encomendadas directamente por el jefe de Estado, como la direcci\u00f3n del Consejo Econ\u00f3mico y Social.<br \/>Adem\u00e1s, Beliz ten\u00eda bajo su \u00f3rbita el monitoreo de la gesti\u00f3n de cr\u00e9ditos con los bancos multilaterales, como la CAF-Banco de Desarrollo de Am\u00e9rica Latina, el Banco Mundial y el Banco Interamericano de Desarrollo (BID).<\/p>\n<p>Con la salida de Beliz, el Presidente pierde a otro de los colaboradores de mayor confianza que lo acompa\u00f1aba desde el inicio de la gesti\u00f3n.<\/p>\n<p>Ya hab\u00eda renunciado&nbsp;<strong>Juan Pablo Biondi<\/strong>, su hist\u00f3rico vocero, durante la crisis electoral de septiembre del a\u00f1o pasado, y hab\u00eda tenido que cederle la Jefatura de Gabinete a Juan Manzur en desmedro de&nbsp;<strong>Santiago Cafiero<\/strong>, que de todos modos fue a parar a la Canciller\u00eda.<\/p>\n<p>En esas horas, tras la derrota en las elecciones primarias,<strong>&nbsp;Beliz hab\u00eda sido uno de los m\u00e1s vehementes a la hora de plantear un quiebre en la sociedad con el kirchnerismo<\/strong>&nbsp;una vez que todos los funcionarios referenciados en Cristina Kirchner presentaron sus renuncias en forma masiva.<\/p>\n<p>En los \u00faltimos meses, en medio de los cruses discursivos de la vicepresidenta, <strong>Fern\u00e1ndez tuvo que pedirle la renuncia a Mat\u00edas Kulfas<\/strong>, otro de sus m\u00e1s cercanos.<\/p>\n<p>Y hace casi un mes fue la renuncia de <strong>Mart\u00edn Guzm\u00e1n<\/strong> al Ministerio de Econom\u00eda, a quien hab\u00eda sostenido de manera f\u00e9rrea a pesar de los constantes ataques del kirchnerismo.<\/p>\n<p>Beliz es recordado por haber mostrado la foto del por entonces agente de la Side Antonio \u00abJaime\u00bb Stiuso en televisi\u00f3n. Eso lo llev\u00f3 a renunciar al Ministerio de Justicia durante la presidencia de N\u00e9stor Kirchner y dejar el pa\u00eds.<\/p>\n","protected":false},"excerpt":{"rendered":"<p>El secretario de Asuntos Estrat\u00e9gicos de la Presidencia,&nbsp;Gustavo Beliz, renunci\u00f3 a su cargo \u00abde manera indeclinable\u00bb, informaron fuentes oficiales. Beliz le present\u00f3 este jueves al mediod\u00eda su renuncia al presidente Alberto Fern\u00e1ndez en Casa Rosada, adonde el mandatario lleg\u00f3 a las 11.35. \u00abEsta confirmada la renuncia\u00bb, dijo a T\u00e9lam una fuente cercana al ahora exsecretario, [&hellip;]<\/p>\n","protected":false},"author":1,"featured_media":46015,"comment_status":"closed","ping_status":"closed","sticky":false,"template":"","format":"standard","meta":[],"categories":[19],"tags":[],"_links":{"self":[{"href":"http:\/\/hoycordobaweb.com\/index.php\/wp-json\/wp\/v2\/posts\/46014"}],"collection":[{"href":"http:\/\/hoycordobaweb.com\/index.php\/wp-json\/wp\/v2\/posts"}],"about":[{"href":"http:\/\/hoycordobaweb.com\/index.php\/wp-json\/wp\/v2\/types\/post"}],"author":[{"embeddable":true,"href":"http:\/\/hoycordobaweb.com\/index.php\/wp-json\/wp\/v2\/users\/1"}],"replies":[{"embeddable":true,"href":"http:\/\/hoycordobaweb.com\/index.php\/wp-json\/wp\/v2\/comments?post=46014"}],"version-history":[{"count":0,"href":"http:\/\/hoycordobaweb.com\/index.php\/wp-json\/wp\/v2\/posts\/46014\/revisions"}],"wp:featuredmedia":[{"embeddable":true,"href":"http:\/\/hoycordobaweb.com\/index.php\/wp-json\/wp\/v2\/media\/46015"}],"wp:attachment":[{"href":"http:\/\/hoycordobaweb.com\/index.php\/wp-json\/wp\/v2\/media?parent=46014"}],"wp:term":[{"taxonomy":"category","embeddable":true,"href":"http:\/\/hoycordobaweb.com\/index.php\/wp-json\/wp\/v2\/categories?post=46014"},{"taxonomy":"post_tag","embeddable":true,"href":"http:\/\/hoycordobaweb.com\/index.php\/wp-json\/wp\/v2\/tags?post=46014"}],"curies":[{"name":"wp","href":"https:\/\/api.w.org\/{rel}","templated":true}]}}