{"id":46008,"date":"2022-07-29T18:18:00","date_gmt":"2022-07-29T18:18:00","guid":{"rendered":"http:\/\/hoycordobaweb.com\/index.php\/2022\/07\/29\/rusia-y-ucrania-se-acusan-mutuamente-por-el-ataque-a-una-carcel-con-prisioneros-ucranianos\/"},"modified":"2022-07-29T18:18:00","modified_gmt":"2022-07-29T18:18:00","slug":"rusia-y-ucrania-se-acusan-mutuamente-por-el-ataque-a-una-carcel-con-prisioneros-ucranianos","status":"publish","type":"post","link":"http:\/\/hoycordobaweb.com\/index.php\/2022\/07\/29\/rusia-y-ucrania-se-acusan-mutuamente-por-el-ataque-a-una-carcel-con-prisioneros-ucranianos\/","title":{"rendered":"Rusia y Ucrania se acusan mutuamente por el ataque a una c\u00e1rcel con prisioneros ucranianos"},"content":{"rendered":"<p><img src=\"http:\/\/hoycordobaweb.com\/wp-content\/uploads\/2022\/07\/rusia-y-ucrania-se-acusan-mutuamente-por-el-ataque-a-una-carcel-con-prisioneros-ucranianos.jpg\"><\/p>\n<figure class=\"mb-3\"><img loading=\"lazy\" src=\"http:\/\/hoycordobaweb.com\/wp-content\/uploads\/2022\/07\/rusia-y-ucrania-se-acusan-mutuamente-por-el-ataque-a-una-carcel-con-prisioneros-ucranianos-2.jpg\" width=\"100%\" height=\"100%\" alt=\"La prisin est cerca de la localidad de Olenivka a unos 30 kilmetros al sudoeste de Donetsk Foto AFP\"><figcaption> La prisi\u00f3n est\u00e1 cerca de la localidad de Olenivka a unos 30 kil\u00f3metros al sudoeste de Donetsk \/ Foto: AFP. <\/figcaption><\/figure>\n<p>Rusia acus\u00f3 este viernes a Ucrania de matar a m\u00e1s de 50 prisioneros de guerra ucranianos al bombardear una c\u00e1rcel ubicada en la regi\u00f3n controlada en parte por separatistas prorrusos, en el este del pa\u00eds, lo que fue rechazado por Kiev, que a su vez culp\u00f3 a Mosc\u00fa por el ataque.<\/p>\n<p>El Ministerio de Defensa ruso afirm\u00f3 en un comunicado que <strong>los tiros de un sistema de artiller\u00eda Himars, entregado a Ucrania por Estados Unidos, impactaron una prisi\u00f3n en la provincia de Donetsk<\/strong>, donde estaban encarcelados soldados ucranianos.<\/p>\n<p>Seg\u00fan la cartera, la prisi\u00f3n est\u00e1 cerca de la localidad de Olenivka (denominada Elenovka en ruso), unos 30 kil\u00f3metros al sudoeste de Donetsk, la capital de la provincia hom\u00f3nima que junto a la de Lugansk conforman la regi\u00f3n del Donbass, en el este de Ucrania.<\/p>\n<blockquote class><p>\u00abEsta provocaci\u00f3n escandalosa tiene como objetivo asustar a los soldados ucranianos y a disuadirlos de rendirse\u00bb<cite class=\"author\">Ministerio de Defensa de Rusia<\/cite><\/p><\/blockquote>\n<p>\u00abEsta provocaci\u00f3n escandalosa tiene como objetivo asustar a los soldados ucranianos y a disuadirlos de rendirse\u00bb, afirm\u00f3 el ministerio, citado por la agencia de noticias AFP.<\/p>\n<p><strong>\u00abEl ataque se sald\u00f3 con 53 muertos y 75 heridos\u00bb<\/strong>, public\u00f3 en la plataforma Telegram la plana mayor de Defensa Territorial de la autoproclamada Rep\u00fablica Popular de Donetsk, reconocida por el Kremlin antes de lanzar la invasi\u00f3n el 24 de febrero pasado.<\/p>\n<p>Ucrania neg\u00f3 las acusaciones al afirmar que \u00abnunca\u00bb atac\u00f3 infraestructuras civiles o de prisioneros de guerra.<\/p>\n<p>\u00abLas Fuerzas Armadas de Ucrania, que adhieren plenamente a los principios y normas del derecho internacional humanitario, nunca han llevado a cabo ni llevan a cabo bombardeos de infraestructuras civiles, especialmente en lugares donde es probable que se encuentren prisioneros de guerra\u00bb, dijo el ej\u00e9rcito en un comunicado.<\/p>\n<figure class=\"mb-3\"><img loading=\"lazy\" src=\"http:\/\/hoycordobaweb.com\/wp-content\/uploads\/2022\/07\/rusia-y-ucrania-se-acusan-mutuamente-por-el-ataque-a-una-carcel-con-prisioneros-ucranianos-3.jpg\" width=\"100%\" height=\"100%\" alt=\"Foto AFP\"><figcaption> Foto: AFP <\/figcaption><\/figure>\n<p><strong>El Estado Mayor de las Fuerzas Armadas ucranianas responsabiliz\u00f3 a Mosc\u00fa por el ataque<\/strong>: \u00abRusia llev\u00f3 a cabo un bombardeo de artiller\u00eda selectivo contra una instituci\u00f3n penitenciaria en el asentamiento de Olenivka, en la provincia de Donetsk, donde tambi\u00e9n hab\u00eda prisioneros ucranianos\u00bb.<\/p>\n<p>\u00abDe este modo, los ocupantes rusos persiguieron sus objetivos criminales: acusar a Ucrania de cometer cr\u00edmenes de guerra, as\u00ed como ocultar la tortura de prisioneros y las ejecuciones\u00bb, indicaron las fuerzas de Kiev en un comunicado citado por el diario brit\u00e1nico The Guardian.<\/p>\n<p>\u00abRusia cometi\u00f3 otro horrendo crimen de guerra al bombardear un centro penitenciario en la regi\u00f3n ocupada de Olenivka donde manten\u00eda retenidos a prisioneros de guerra ucranianos\u00bb, escribi\u00f3 el ministro de Relaciones Exteriores ucraniano, Dmytro Kuleba, en su cuenta de Twitter.<\/p>\n<blockquote class=\"twitter-tweet\" readability=\"9.7719298245614\">\n<p lang=\"uk\" dir=\"ltr\">\u0420\u043e\u0441\u0456\u044f\u043d\u0438 \u0432\u0447\u0438\u043d\u0438\u043b\u0438 \u0449\u0435 \u043e\u0434\u0438\u043d \u0436\u0430\u0445\u043b\u0438\u0432\u0438\u0439 \u0432\u043e\u0454\u043d\u043d\u0438\u0439 \u0437\u043b\u043e\u0447\u0438\u043d, \u043e\u0431\u0441\u0442\u0440\u0456\u043b\u044f\u0432\u0448\u0438 \u0432\u0438\u043f\u0440\u0430\u0432\u043d\u0443 \u0443\u0441\u0442\u0430\u043d\u043e\u0432\u0443 \u0432 \u043e\u043a\u0443\u043f\u043e\u0432\u0430\u043d\u0456\u0439 \u041e\u043b\u0435\u043d\u0456\u0432\u0446\u0456, \u0434\u0435 \u0432\u043e\u043d\u0438 \u0442\u0440\u0438\u043c\u0430\u043b\u0438 \u0443\u043a\u0440\u0430\u0457\u043d\u0441\u044c\u043a\u0438\u0445 \u0432\u0456\u0439\u0441\u044c\u043a\u043e\u0432\u043e\u043f\u043e\u043b\u043e\u043d\u0435\u043d\u0438\u0445. \u0417\u0430\u043a\u043b\u0438\u043a\u0430\u044e \u0432\u0441\u0456\u0445 \u043f\u0430\u0440\u0442\u043d\u0435\u0440\u0456\u0432 \u0436\u043e\u0440\u0441\u0442\u043a\u043e \u0437\u0430\u0441\u0443\u0434\u0438\u0442\u0438 \u0446\u0435 \u0431\u0440\u0443\u0442\u0430\u043b\u044c\u043d\u0435 \u043f\u043e\u0440\u0443\u0448\u0435\u043d\u043d\u044f \u043c\u0456\u0436\u043d\u0430\u0440\u043e\u0434\u043d\u043e\u0433\u043e \u0433\u0443\u043c\u0430\u043d\u0456\u0442\u0430\u0440\u043d\u043e\u0433\u043e \u043f\u0440\u0430\u0432\u0430 \u0456 \u0432\u0438\u0437\u043d\u0430\u0442\u0438 \u0420\u0424 \u0434\u0435\u0440\u0436\u0430\u0432\u043e\u044e-\u0442\u0435\u0440\u043e\u0440\u0438\u0441\u0442\u043e\u043c.<\/p>\n<p>\u2014 Dmytro Kuleba (@DmytroKuleba) <a href=\"https:\/\/twitter.com\/DmytroKuleba\/status\/1552978986891968512?ref_src=twsrc%5Etfw\">July 29, 2022<\/a><\/p><\/blockquote>\n<p>De acuerdo al Ministerio de Defensa ruso,<strong> la prisi\u00f3n albergaba, entre otros, a miembros del batall\u00f3n de Azov, una divisi\u00f3n que gan\u00f3 notoriedad por su defensa de la ciudad de Mariupol <\/strong>y que Mosc\u00fa acus\u00f3 de ser una formaci\u00f3n neonazi.<\/p>\n<p>Tras semanas de asedio y resistencia en la plata sider\u00fargica de Azovstal en Mariupol, cerca de 2.500 combatientes ucranianos se rindieron en mayo y las autoridades rusas hab\u00edan indicado que iban a ser encarcelados en Olenivka.<\/p>\n<p>El cruce de acusaciones se produjo mientras el presidente ucraniano Volodimir Zelenski visitaba un puerto en Odesa, en el sur del pa\u00eds, para supervisar la carga de un barco con cereales para su exportaci\u00f3n, en el marco de un plan respaldado por la ONU.<\/p>\n<p>La presidencia ucraniana dijo que<strong> las exportaciones podr\u00edan reanudarse en los \u00abpr\u00f3ximos d\u00edas\u00bb<\/strong> siguiendo el acuerdo destinado a llevar a los mercados mundiales millones de toneladas de grano ucraniano varado por el bloqueo naval de Rusia.<\/p>\n<p>El mandatario dijo que Kiev estaba \u00abesperando una se\u00f1al\u00bb de Ankara y la ONU para iniciar las exportaciones, que se espera ayuden a mitigar una crisis alimentaria mundial que ha visto dispararse los precios.<\/p>\n<p>Los cereales ser\u00e1n sacados por el mar Negro hacia el Mediterr\u00e1neo a trav\u00e9s del estrecho del B\u00f3sforo, en la ciudad turca de Estambul, donde personal de la ONU y funcionarios turcos, rusos y ucranianos coordinar\u00e1n las exportaciones antes de su salida a los mercados mundiales.<\/p>\n<div class=\"video_repositive\"> <a class=\"video_sticky\" href=\"javascript:void();\" onclick=\"removeStuckVideo(true);\"><i class=\"far fa-window-close\"><\/i><\/a> <\/p>\n<div id=\"WJ2OYJ4WHlM\" class=\"video_telam\" readability=\"6\">\n<div class=\"feature_article_inner\" readability=\"32\">\n<p><h2 class=\"text-center\">Zelenski supervisa reanudaci\u00f3n de exportaciones de grano desde el puerto ucraniano de Odesa<\/h2>\n<\/p><\/div>\n<p>VER VIDEO <i class=\"fas fa-play\"><\/i><\/p>\n<\/p><\/div><\/div>\n<h2 class>Contin\u00faan los ataques<\/h2>\n<p>En el sur de Ucrania, al menos cinco personas murieron y siete resultaron heridas tras un bombardeo ruso que alcanz\u00f3 una parada de micros en la ciudad de Mikolaiv, cerca del mar Negro, seg\u00fan el gobernador regional Vitaly Kim.<\/p>\n<p>Mikolaiv es el mayor n\u00facleo urbano controlado por Ucrania cerca de las l\u00edneas del frente en la regi\u00f3n de Jerson, donde el ej\u00e9rcito ucraniano lanz\u00f3 una contraofensiva para recuperar el control del territorio costero de importancia econ\u00f3mica y estrat\u00e9gica.<\/p>\n<p><strong>Es en el sur y en el este de Ucrania donde se concentra la ofensiva<\/strong>, luego de que las tropas enviadas por el Kremlin decidieran retirarse a fines de marzo de las zonas cercanas a Kiev y otros centros urbanos del norte.<\/p>\n<p>En la capital, un tribunal decidi\u00f3 reducir a 15 a\u00f1os de prisi\u00f3n lo que fue la primera cadena perpetua dictada contra un soldado ruso, condenado en mayo por matar a un civil.<\/p>\n<p>El sargento Vadim Shishimarin, de 21 a\u00f1os, hab\u00eda admitido haber matado a tiros a Oleksandre Chelipov, un civil de 62 a\u00f1os, en el noreste del pa\u00eds durante los primeros d\u00edas de la invasi\u00f3n lanzada el 24 de febrero.<\/p>\n<p>Al declararse culpable, fue condenado el 23 de mayo por cr\u00edmenes de guerra y asesinato premeditado.<\/p>\n<p>El soldado asegur\u00f3 frente al tribunal que le dispar\u00f3 al hombre siguiendo la orden de un superior, quien le dijo que el civil estaba manipulando su tel\u00e9fono celular, con el cual podr\u00eda estar se\u00f1alando su ubicaci\u00f3n a las fuerzas ucranianas.<\/p>\n<p>En una de las audiencias, el militar mir\u00f3 a los ojos a la viuda del hombre que asesin\u00f3 y le pidi\u00f3 disculpas.<\/p>\n<p>El abogado defensor de Shishimarin, Victor Ovsianikov, hab\u00eda pedido su absoluci\u00f3n amparando la acci\u00f3n criminal en la orden del superior. <\/p>\n","protected":false},"excerpt":{"rendered":"<p>La prisi\u00f3n est\u00e1 cerca de la localidad de Olenivka a unos 30 kil\u00f3metros al sudoeste de Donetsk \/ Foto: AFP. Rusia acus\u00f3 este viernes a Ucrania de matar a m\u00e1s de 50 prisioneros de guerra ucranianos al bombardear una c\u00e1rcel ubicada en la regi\u00f3n controlada en parte por separatistas prorrusos, en el este del pa\u00eds, [&hellip;]<\/p>\n","protected":false},"author":1,"featured_media":46009,"comment_status":"open","ping_status":"closed","sticky":false,"template":"","format":"standard","meta":[],"categories":[24],"tags":[],"_links":{"self":[{"href":"http:\/\/hoycordobaweb.com\/index.php\/wp-json\/wp\/v2\/posts\/46008"}],"collection":[{"href":"http:\/\/hoycordobaweb.com\/index.php\/wp-json\/wp\/v2\/posts"}],"about":[{"href":"http:\/\/hoycordobaweb.com\/index.php\/wp-json\/wp\/v2\/types\/post"}],"author":[{"embeddable":true,"href":"http:\/\/hoycordobaweb.com\/index.php\/wp-json\/wp\/v2\/users\/1"}],"replies":[{"embeddable":true,"href":"http:\/\/hoycordobaweb.com\/index.php\/wp-json\/wp\/v2\/comments?post=46008"}],"version-history":[{"count":0,"href":"http:\/\/hoycordobaweb.com\/index.php\/wp-json\/wp\/v2\/posts\/46008\/revisions"}],"wp:featuredmedia":[{"embeddable":true,"href":"http:\/\/hoycordobaweb.com\/index.php\/wp-json\/wp\/v2\/media\/46009"}],"wp:attachment":[{"href":"http:\/\/hoycordobaweb.com\/index.php\/wp-json\/wp\/v2\/media?parent=46008"}],"wp:term":[{"taxonomy":"category","embeddable":true,"href":"http:\/\/hoycordobaweb.com\/index.php\/wp-json\/wp\/v2\/categories?post=46008"},{"taxonomy":"post_tag","embeddable":true,"href":"http:\/\/hoycordobaweb.com\/index.php\/wp-json\/wp\/v2\/tags?post=46008"}],"curies":[{"name":"wp","href":"https:\/\/api.w.org\/{rel}","templated":true}]}}