{"id":45995,"date":"2022-07-29T11:11:44","date_gmt":"2022-07-29T11:11:44","guid":{"rendered":"https:\/\/www.espinof.com\/actores-y-actrices\/batfleck-vuelve-ben-affleck-interpretara-nuevo-a-batman-aquaman-and-the-lost-kingdom"},"modified":"2022-07-29T11:11:44","modified_gmt":"2022-07-29T11:11:44","slug":"batfleck-vuelve-ben-affleck-interpretara-de-nuevo-a-batman-en-aquaman-and-the-lost-kingdom","status":"publish","type":"post","link":"http:\/\/hoycordobaweb.com\/index.php\/2022\/07\/29\/batfleck-vuelve-ben-affleck-interpretara-de-nuevo-a-batman-en-aquaman-and-the-lost-kingdom\/","title":{"rendered":"\u00a1Batfleck vuelve! Ben Affleck interpretar\u00e1 de nuevo a Batman en &#8216;Aquaman and the Lost Kingdom&#8217;"},"content":{"rendered":"<p>No cabe duda de que la <a href=\"https:\/\/www.espinof.com\/trailers\/anuncios-trailers-alucinantes-comic-2022-saga-multiverso-marvel-austeridad-dc-mucho\">San Diego Comic-Con 2022<\/a> fue un jarro de agua ya no fr\u00eda, sino helada, para los fans de <strong>DC<\/strong> en lo que respecta a su divisi\u00f3n cinematogr\u00e1fica. El panel de la compa\u00f1\u00eda se limit\u00f3 a mostrar un par de avances sobre sus estrenos inminentes <a href=\"https:\/\/www.espinof.com\/fecha-de-estreno\/black-adam-fecha-estreno-trailer-reparto\">&#8216;Black Adam&#8217;<\/a> y <a href=\"https:\/\/www.espinof.com\/trailers\/shazam-furia-dioses-genial-trailer-pelicula-dc-que-enfrenta-al-superheroe-zachary-levy-helen-mirren\">&#8216;\u00a1Shazam! La furia de los dioses&#8217;<\/a>, dejando fuera de la ecuaci\u00f3n t\u00edtulos como una &#8216;The Flash&#8217; que contin\u00faa acumulando retrasos o <strong>una &#8216;Aquaman and the Lost Kingdom&#8217; que recuperar\u00e1 a uno de los rostros conocidos de la franquicia<\/strong>.<\/p>\n<p><!-- BREAK 1 --><\/p>\n<h2>Batfleck vuelve<\/h2>\n<p>Despu\u00e9s de que Ben Affleck calificase su participaci\u00f3n en la pel\u00edcula del Velocista Escarlata como <em>\u00abun final realmente bueno para mi experiencia con el personaje\u00bb,<\/em> hemos conocido que <strong>el actor volver\u00e1 a interpretar a Batman una vez m\u00e1s en el largometraje del superh\u00e9roe atlante<\/strong> dirigido por James Wan gracias a una publicaci\u00f3n de Jason Momoa en su cuenta de Instagram.<\/p>\n<p><!-- BREAK 2 --> <\/p>\n<p>En ella puede verse al d\u00fao de int\u00e9rpretes <strong>bromeando en un par de fotograf\u00edas<\/strong> y en un v\u00eddeo en el que un grupo de visitantes a los estudios de Warner Bros. fotograf\u00edan a los actores mientras Momoa comenta entre risas <em>\u00abYa no es un puto secreto, \u00bfverdad? Esto es lo que pasa, Warner Brothers, cuando sales del set y tienes ah\u00ed a tus fans\u00bb<\/em>.<\/p>\n<p><!-- BREAK 3 --> <\/p>\n<p>El regreso de Batfleck y su mand\u00edbula de superh\u00e9roe llega despu\u00e9s de que Affleck manifestase en m\u00faltiples ocasiones su <a href=\"https:\/\/www.espinof.com\/actores-y-actrices\/liga-justicia-fue-peor-experiencia-mi-carrera-ben-affleck-recuerda-horrible-que-fue-hacer-pelicula-dc-como-hizo-que-sus-prioridades-cambiasen\">desencanto<\/a> con la experiencia rodando bajo las \u00f3rdenes de Joss Whedon los reshoots de <a href=\"https:\/\/www.espinof.com\/criticas\/liga-de-la-justicia-una-punalada-directa-al-corazon-para-los-fans-del-universo-cinematografico-dc\">&#8216;Liga de la Justicia&#8217;<\/a> y de que <strong>volviese a vestir el manto del murci\u00e9lago<\/strong> para completar <a href=\"https:\/\/www.espinof.com\/criticas\/liga-justicia-zack-snyder-brutal-consagracion-hbo-estilo-unico-cine-superheroes\">&#8216;La Liga de la Justicia de Zack Snyder&#8217;<\/a>.<\/p>\n<p><!-- BREAK 4 --><\/p>\n<div class=\"article-asset article-asset-normal article-asset-center\">\n<div class=\"desvio-container\">\n<div class=\"desvio\">\n<div class=\"desvio-figure js-desvio-figure\"> <a href=\"https:\/\/www.espinof.com\/otros\/marvel-ha-eclipsado-a-dc-comic-2022-su-avalancha-titulos-podria-estar-anticipando-fin-burbuja-superheroes\"> <img alt=\"Marvel ha eclipsado a DC en la Comic-con 2022, pero su avalancha de t\u00edtulos podr\u00eda estar anticipando el fin de la burbuja de los superh\u00e9roes\" src=\"http:\/\/hoycordobaweb.com\/wp-content\/uploads\/2022\/07\/batfleck-vuelve-ben-affleck-interpretara-de-nuevo-a-batman-en-aquaman-and-the-lost-kingdom.jpg\"> <\/a> <\/div><\/div><\/div>\n<\/div>\n<p>Podremos disfrutar del bueno de Ben y su aproximaci\u00f3n al justiciero de Gotham el pr\u00f3ximo <strong>17 de marzo de 2023<\/strong>, fecha en la que se estrenar\u00e1 &#8216;Aquaman and the Lost Kingdom&#8217;<\/p>\n<p><!-- BREAK 5 --> <\/p>\n","protected":false},"excerpt":{"rendered":"<p>No cabe duda de que la San Diego Comic-Con 2022 fue un jarro de agua ya no fr\u00eda, sino helada, para los fans de DC en lo que respecta a su divisi\u00f3n cinematogr\u00e1fica. El panel de la compa\u00f1\u00eda se limit\u00f3 a mostrar un par de avances sobre sus estrenos inminentes &#8216;Black Adam&#8217; y &#8216;\u00a1Shazam! La [&hellip;]<\/p>\n","protected":false},"author":1,"featured_media":45996,"comment_status":"open","ping_status":"closed","sticky":false,"template":"","format":"standard","meta":[],"categories":[1],"tags":[],"_links":{"self":[{"href":"http:\/\/hoycordobaweb.com\/index.php\/wp-json\/wp\/v2\/posts\/45995"}],"collection":[{"href":"http:\/\/hoycordobaweb.com\/index.php\/wp-json\/wp\/v2\/posts"}],"about":[{"href":"http:\/\/hoycordobaweb.com\/index.php\/wp-json\/wp\/v2\/types\/post"}],"author":[{"embeddable":true,"href":"http:\/\/hoycordobaweb.com\/index.php\/wp-json\/wp\/v2\/users\/1"}],"replies":[{"embeddable":true,"href":"http:\/\/hoycordobaweb.com\/index.php\/wp-json\/wp\/v2\/comments?post=45995"}],"version-history":[{"count":0,"href":"http:\/\/hoycordobaweb.com\/index.php\/wp-json\/wp\/v2\/posts\/45995\/revisions"}],"wp:featuredmedia":[{"embeddable":true,"href":"http:\/\/hoycordobaweb.com\/index.php\/wp-json\/wp\/v2\/media\/45996"}],"wp:attachment":[{"href":"http:\/\/hoycordobaweb.com\/index.php\/wp-json\/wp\/v2\/media?parent=45995"}],"wp:term":[{"taxonomy":"category","embeddable":true,"href":"http:\/\/hoycordobaweb.com\/index.php\/wp-json\/wp\/v2\/categories?post=45995"},{"taxonomy":"post_tag","embeddable":true,"href":"http:\/\/hoycordobaweb.com\/index.php\/wp-json\/wp\/v2\/tags?post=45995"}],"curies":[{"name":"wp","href":"https:\/\/api.w.org\/{rel}","templated":true}]}}