{"id":45974,"date":"2022-07-28T13:03:13","date_gmt":"2022-07-28T13:03:13","guid":{"rendered":"https:\/\/www.ole.com.ar\/futbol-internacional\/brasil-boom-futbol-argentino-romero_0_afCoQE4nHr.html"},"modified":"2022-07-28T13:03:13","modified_gmt":"2022-07-28T13:03:13","slug":"el-boom-de-brasil-uno-de-los-destinos-mas-elegidos-por-los-jugadores-del-futbol-argentino","status":"publish","type":"post","link":"http:\/\/hoycordobaweb.com\/index.php\/2022\/07\/28\/el-boom-de-brasil-uno-de-los-destinos-mas-elegidos-por-los-jugadores-del-futbol-argentino\/","title":{"rendered":"El boom de Brasil: uno de los destinos m\u00e1s elegidos por los jugadores del f\u00fatbol argentino"},"content":{"rendered":"<p><img src=\"http:\/\/hoycordobaweb.com\/wp-content\/uploads\/2022\/07\/el-boom-de-brasil-uno-de-los-destinos-mas-elegidos-por-los-jugadores-del-futbol-argentino.jpg\"><\/p>\n<p>Con presupuestos y sueldos muchos m\u00e1s elevados que en el resto de Sudam\u00e9rica, y ante la continua devaluaci\u00f3n de nuestra moneda, cada vez son m\u00e1s los jugadores del f\u00fatbol argentino que eligen a Brasil como nuevo destino para continuar con su carrera fuera del pa\u00eds. Y la prueba est\u00e1 a la vista:<strong> en este mercado, ya fueron seis los jugadores del f\u00fatbol local que armaron las valijas para desembarcar en el <a alt=\"brasileirao\" class=\"slug\" href=\"https:\/\/www.ole.com.ar\/tema\/brasileirao.html\" target=\"_blank\" title=\"brasileirao\" rel=\"noopener noreferrer\">Brasileirao<\/a>.<\/strong><\/p>\n<p>Y eso no es todo, porque en las pr\u00f3ximas horas podr\u00edan sumarse m\u00e1s nombres, entre ellos el de<a alt=\"braian-romero\" class=\"slug\" href=\"https:\/\/www.ole.com.ar\/tema\/braian-romero.html\" target=\"_blank\" title=\"braian-romero\" rel=\"noopener noreferrer\"> <strong>Braian Romero<\/strong><\/a>. Si bien a\u00fan falta la confirmaci\u00f3n oficial, <strong><a alt=\"river-plate\" class=\"slug\" href=\"https:\/\/www.ole.com.ar\/tema\/river-plate.html\" target=\"_blank\" title=\"river-plate\" rel=\"noopener noreferrer\">River <\/a><\/strong>lleg\u00f3 a un principio de acuerdo con el <strong><a alt=\"internacional-de-porto-alegre\" class=\"slug\" href=\"https:\/\/www.ole.com.ar\/tema\/internacional-de-porto-alegre.html\" target=\"_blank\" title=\"internacional-de-porto-alegre\" rel=\"noopener noreferrer\">Inter de Porto Alegre<\/a><\/strong> por el 50% del pase del delantero. Ante la baja de su nivel, sumado a las llegadas de <strong>Lucas Beltr\u00e1n y Miguel Borja<\/strong>, el Millonario vio con buenos ojos la posibilidad de dejarlo salir ante el inter\u00e9s del conjunto brasile\u00f1o.<\/p>\n<div class=\"sp__Normal\">\n<div class=\"image-embeb image-trigger\" readability=\"6\"> <picture><source media=\"(min-width: 720px)\" srcset=\"http:\/\/hoycordobaweb.com\/wp-content\/uploads\/2022\/07\/el-boom-de-brasil-uno-de-los-destinos-mas-elegidos-por-los-jugadores-del-futbol-argentino-2.jpg\"><img itemprop=\"image\" src=\"http:\/\/hoycordobaweb.com\/wp-content\/uploads\/2022\/07\/el-boom-de-brasil-uno-de-los-destinos-mas-elegidos-por-los-jugadores-del-futbol-argentino-2.jpg\" loading=\"lazy\" alt=\"Braian Romero se ir\u00eda al Inter.\"> <\/picture><figcaption readability=\"2\">\n<p>Braian Romero se ir\u00eda al Inter. <\/p>\n<\/figcaption><\/div>\n<\/div>\n<p>Por otro lado, ante la primera negativa de<strong> Tigre, el Santos elev\u00f3 su oferta por Lucas Blondel, quien tambi\u00e9n podr\u00eda anotar su nombre en la lista.<\/strong> Y seg\u00fan cuentan desde Brasil, <strong>el mismo Peixe tambi\u00e9n estar\u00eda tras los pasos de <a alt=\"juan-fernando-quintero\" class=\"slug\" href=\"https:\/\/www.ole.com.ar\/tema\/juan-fernando-quintero.html\" target=\"_blank\" title=\"juan-fernando-quintero\" rel=\"noopener noreferrer\">Juan Fernando Quintero<\/a><\/strong>. Pese a que es el refuerzo del 2022 que m\u00e1s goles convirti\u00f3 en River, Juanfer no suma el rodaje esperado y su futuro es incierto.<\/p>\n<div class=\"sp__Normal\">\n<div class=\"image-embeb image-trigger\" readability=\"6.5\"> <picture><source media=\"(min-width: 720px)\" srcset=\"http:\/\/hoycordobaweb.com\/wp-content\/uploads\/2022\/07\/el-boom-de-brasil-uno-de-los-destinos-mas-elegidos-por-los-jugadores-del-futbol-argentino-3.jpg\"><img itemprop=\"image\" src=\"http:\/\/hoycordobaweb.com\/wp-content\/uploads\/2022\/07\/el-boom-de-brasil-uno-de-los-destinos-mas-elegidos-por-los-jugadores-del-futbol-argentino-3.jpg\" loading=\"lazy\" alt=\"Juanfer, apuntado por el Santos.\"> <\/picture><figcaption readability=\"3\">\n<p>Juanfer, apuntado por el Santos. <\/p>\n<\/figcaption><\/div>\n<\/div>\n<p>En Mendoza, adem\u00e1s, la presi\u00f3n del Botafogo por <strong><a alt=\"martin-ojeda\" class=\"slug\" href=\"https:\/\/www.ole.com.ar\/tema\/martin-ojeda.html\" target=\"_blank\" title=\"martin-ojeda\" rel=\"noopener noreferrer\">Mart\u00edn Ojeda<\/a><\/strong> cada vez es m\u00e1s fuerte. La \u00faltima oferta del equipo de R\u00edo de Janeiro a <strong><a alt=\"godoy-cruz\" class=\"slug\" href=\"https:\/\/www.ole.com.ar\/tema\/godoy-cruz.html\" target=\"_blank\" title=\"godoy-cruz\" rel=\"noopener noreferrer\">Godoy Cruz<\/a><\/strong> fue de<strong> 6.000.000 de d\u00f3lares. <\/strong><\/p>\n<div class=\"sp__Normal\">\n<div class=\"image-embeb image-trigger\" readability=\"6\"> <picture><source media=\"(min-width: 720px)\" srcset=\"http:\/\/hoycordobaweb.com\/wp-content\/uploads\/2022\/07\/el-boom-de-brasil-uno-de-los-destinos-mas-elegidos-por-los-jugadores-del-futbol-argentino-4.jpg\"><img itemprop=\"image\" src=\"http:\/\/hoycordobaweb.com\/wp-content\/uploads\/2022\/07\/el-boom-de-brasil-uno-de-los-destinos-mas-elegidos-por-los-jugadores-del-futbol-argentino-4.jpg\" loading=\"lazy\" alt=\"El Botafogo est\u00e1 tras los pasos de Ojeda.\"> <\/picture><figcaption readability=\"2\">\n<p>El Botafogo est\u00e1 tras los pasos de Ojeda. <\/p>\n<\/figcaption><\/div>\n<\/div>\n<p>As\u00ed, partiendo de todos ellos, te invitamos a repasar qui\u00e9nes fueron los jugadores del f\u00fatbol local que ya eligieron a Brasil como nuevo destino en este mercado.&nbsp;<\/p>\n<h2><strong>Todos los jugadores que se fueron a Brasil en este mercado<\/strong><\/h2>\n<p><strong><a alt=\"miguel-merentiel\" class=\"slug\" href=\"https:\/\/www.ole.com.ar\/tema\/miguel-merentiel.html\" target=\"_blank\" title=\"miguel-merentiel\" rel=\"noopener noreferrer\">Miguel Merentiel:<\/a> <\/strong>El delantero uruguayo dej\u00f3 <strong><a alt=\"defensa-y-justicia\" class=\"slug\" href=\"https:\/\/www.ole.com.ar\/tema\/defensa-y-justicia.html\" target=\"_blank\" title=\"defensa-y-justicia\" rel=\"noopener noreferrer\">Defensa y Justicia<\/a><\/strong> y<strong> se sum\u00f3 al <a alt=\"palmeiras\" class=\"slug\" href=\"https:\/\/www.ole.com.ar\/tema\/palmeiras.html\" target=\"_blank\" title=\"palmeiras\" rel=\"noopener noreferrer\">Palmeiras <\/a>a cambio de 1.500.000 d\u00f3lares por el 80% del pase.<\/strong><\/p>\n<div class=\"sp__Normal\">\n<div class=\"image-embeb image-trigger\" readability=\"6\"> <picture><source media=\"(min-width: 720px)\" srcset=\"http:\/\/hoycordobaweb.com\/wp-content\/uploads\/2022\/07\/el-boom-de-brasil-uno-de-los-destinos-mas-elegidos-por-los-jugadores-del-futbol-argentino-5.jpg\"><img itemprop=\"image\" src=\"http:\/\/hoycordobaweb.com\/wp-content\/uploads\/2022\/07\/el-boom-de-brasil-uno-de-los-destinos-mas-elegidos-por-los-jugadores-del-futbol-argentino-5.jpg\" loading=\"lazy\" alt=\"L\u00f3pez y Merentiel fueron presentados en Palmeiras.\"> <\/picture><figcaption readability=\"2\">\n<p>L\u00f3pez y Merentiel fueron presentados en Palmeiras. <\/p>\n<\/figcaption><\/div>\n<\/div>\n<p><strong><a alt=\"jose-lopez\" class=\"slug\" href=\"https:\/\/www.ole.com.ar\/tema\/jose-lopez.html\" target=\"_blank\" title=\"jose-lopez\" rel=\"noopener noreferrer\">Jos\u00e9 L\u00f3pez<\/a>: <\/strong>tambi\u00e9n fue uno de los refuerzos del bicampe\u00f3n de la <strong><a alt=\"copa-libertadores\" class=\"slug\" href=\"https:\/\/www.ole.com.ar\/tema\/copa-libertadores.html\" target=\"_blank\" title=\"copa-libertadores\" rel=\"noopener noreferrer\">Libertadores <\/a><\/strong>en este mercado. El&nbsp;<strong>Verdao le abon\u00f3 a Lan\u00fas una cifra cercana a los 10 millones de d\u00f3lares por el pase del delantero.<\/strong> Un n\u00famero que hoy por hoy es impagable para el f\u00fatbol argentino.&nbsp;<\/p>\n<p><strong><a alt=\"giuliano-galoppo\" class=\"slug\" href=\"https:\/\/www.ole.com.ar\/tema\/giuliano-galoppo.html\" target=\"_blank\" title=\"giuliano-galoppo\" rel=\"noopener noreferrer\">Giuliano Galoppo<\/a>:&nbsp;<\/strong>A sus 23 a\u00f1os reci\u00e9n cumplidos, Giuliano Galoppo firm\u00f3 contrato hasta 2026 con el San Pablo que dirige Rogerio Ceni y donde juega Jonathan Calleri.<strong> La venta se hizo en 8.000.000 de d\u00f3lares m\u00e1s bonus por objetivos cumplidos, y Banfield se quedar\u00e1 con un 10% del pase en caso de otra eventual venta.<\/strong><\/p>\n<div class=\"sp__Normal\">\n<div class=\"image-embeb image-trigger\" readability=\"6\"> <picture><source media=\"(min-width: 720px)\" srcset=\"http:\/\/hoycordobaweb.com\/wp-content\/uploads\/2022\/07\/el-boom-de-brasil-uno-de-los-destinos-mas-elegidos-por-los-jugadores-del-futbol-argentino-6.jpg\"><img itemprop=\"image\" src=\"http:\/\/hoycordobaweb.com\/wp-content\/uploads\/2022\/07\/el-boom-de-brasil-uno-de-los-destinos-mas-elegidos-por-los-jugadores-del-futbol-argentino-6.jpg\" loading=\"lazy\" alt=\"Giuliano Galoppo se incorpor\u00f3 al Sao Paulo.\"> <\/picture><figcaption readability=\"2\">\n<p>Giuliano Galoppo se incorpor\u00f3 al Sao Paulo. <\/p>\n<\/figcaption><\/div>\n<\/div>\n<p><strong><a alt=\"emmanuel-britez\" class=\"slug\" href=\"https:\/\/www.ole.com.ar\/tema\/emmanuel-britez.html\" target=\"_blank\" title=\"emmanuel-britez\" rel=\"noopener noreferrer\">Emanuel Br\u00edtez:<\/a>&nbsp;<\/strong>El defensor de 30 a\u00f1os lleg\u00f3 al f\u00fatbol brasile\u00f1o despu\u00e9s de que <strong>Defensa y Justicia<\/strong>, club al cual pertenec\u00eda su pase, lo repescara de Uni\u00f3n (donde se encontraba a pr\u00e9stamo) y <strong>luego vendiera&nbsp;el 60% su ficha al Le\u00f3n.<\/strong> De esta manera, el ex I<strong>ndependiente y Rosario Central<\/strong> llega al Tricolor brasile\u00f1o, donde firm\u00f3&nbsp;contrato por dos a\u00f1os y medio. Ya meti\u00f3 un gol en su debut.&nbsp;<\/p>\n<div class=\"sp__Normal\">\n<div class=\"image-embeb image-trigger\" readability=\"6\"> <picture><source media=\"(min-width: 720px)\" srcset=\"http:\/\/hoycordobaweb.com\/wp-content\/uploads\/2022\/07\/el-boom-de-brasil-uno-de-los-destinos-mas-elegidos-por-los-jugadores-del-futbol-argentino-7.jpg\"><img itemprop=\"image\" src=\"http:\/\/hoycordobaweb.com\/wp-content\/uploads\/2022\/07\/el-boom-de-brasil-uno-de-los-destinos-mas-elegidos-por-los-jugadores-del-futbol-argentino-7.jpg\" loading=\"lazy\" alt=\"Emanuel Br\u00edtez se sum\u00f3 al Fortaleza.\"> <\/picture><figcaption readability=\"2\">\n<p>Emanuel Br\u00edtez se sum\u00f3 al Fortaleza. <\/p>\n<\/figcaption><\/div>\n<\/div>\n<p><strong><a alt=\"cristian-pavon\" class=\"slug\" href=\"https:\/\/www.ole.com.ar\/tema\/cristian-pavon.html\" target=\"_blank\" title=\"cristian-pavon\" rel=\"noopener noreferrer\">Cristian Pav\u00f3n<\/a>: <\/strong>El delantero surgido de las inferiores de Talleres, de 26 a\u00f1os, <strong>sell\u00f3 su incorporaci\u00f3n al Atl\u00e9tico Mineiro&nbsp;tras haber quedado en libre de Boca, <\/strong>que meses antes de que se fuera a jugar el Mundial de Rusia 2018 con la Selecci\u00f3n Argentina, <strong>lo hab\u00eda tasado en 50 millones de d\u00f3lares. Firm\u00f3 hasta junio de 2025.<\/strong><\/p>\n<div class=\"sp__Normal\">\n<div class=\"image-embeb image-trigger\" readability=\"6\"> <picture><source media=\"(min-width: 720px)\" srcset=\"http:\/\/hoycordobaweb.com\/wp-content\/uploads\/2022\/07\/el-boom-de-brasil-uno-de-los-destinos-mas-elegidos-por-los-jugadores-del-futbol-argentino-8.jpg\"><img itemprop=\"image\" src=\"http:\/\/hoycordobaweb.com\/wp-content\/uploads\/2022\/07\/el-boom-de-brasil-uno-de-los-destinos-mas-elegidos-por-los-jugadores-del-futbol-argentino-8.jpg\" loading=\"lazy\" alt=\"Cristian Pav\u00f3n fue presentado como refuerzo en Atl\u00e9tico Mineiro.\"> <\/picture><figcaption readability=\"2\">\n<p>Cristian Pav\u00f3n fue presentado como refuerzo en Atl\u00e9tico Mineiro. <\/p>\n<\/figcaption><\/div>\n<\/div>\n<p><strong><a alt=\"fausto-vera\" class=\"slug\" href=\"https:\/\/www.ole.com.ar\/tema\/fausto-vera.html\" target=\"_blank\" title=\"fausto-vera\" rel=\"noopener noreferrer\">Fausto Vera:<\/a> <a alt=\"argentinos-juniors\" class=\"slug\" href=\"https:\/\/www.ole.com.ar\/tema\/argentinos-juniors.html\" target=\"_blank\" title=\"argentinos-juniors\" rel=\"noopener noreferrer\">Argentinos <\/a><\/strong>lleg\u00f3 a un acuerdo con el Corinthians a cambio de 7.500.000 millones de d\u00f3lares por el&nbsp;70% de una de las joyitas del f\u00fatbol argentino. El club se queda con un 20% de su ficha y el jugador y la familia, el 10% restante.&nbsp;<\/p>\n<div class=\"sp__Normal\">\n<div class=\"image-embeb image-trigger\" readability=\"6.5\"> <picture><source media=\"(min-width: 720px)\" srcset=\"http:\/\/hoycordobaweb.com\/wp-content\/uploads\/2022\/07\/el-boom-de-brasil-uno-de-los-destinos-mas-elegidos-por-los-jugadores-del-futbol-argentino-9.jpg\"><img itemprop=\"image\" src=\"http:\/\/hoycordobaweb.com\/wp-content\/uploads\/2022\/07\/el-boom-de-brasil-uno-de-los-destinos-mas-elegidos-por-los-jugadores-del-futbol-argentino-9.jpg\" loading=\"lazy\" alt=\"Fausto Vera, nuevo refuerzo del Corinthians.\"> <\/picture><figcaption readability=\"3\">\n<p>Fausto Vera, nuevo refuerzo del Corinthians. <\/p>\n<\/figcaption><\/div>\n<\/div>\n<div class=\"entry-tags\">\n<h2>TEMAS QUE APARECEN EN ESTA NOTA<\/h2>\n<\/p><\/div>\n","protected":false},"excerpt":{"rendered":"<p>Con presupuestos y sueldos muchos m\u00e1s elevados que en el resto de Sudam\u00e9rica, y ante la continua devaluaci\u00f3n de nuestra moneda, cada vez son m\u00e1s los jugadores del f\u00fatbol argentino que eligen a Brasil como nuevo destino para continuar con su carrera fuera del pa\u00eds. Y la prueba est\u00e1 a la vista: en este mercado, [&hellip;]<\/p>\n","protected":false},"author":1,"featured_media":45975,"comment_status":"open","ping_status":"closed","sticky":false,"template":"","format":"standard","meta":[],"categories":[16],"tags":[],"_links":{"self":[{"href":"http:\/\/hoycordobaweb.com\/index.php\/wp-json\/wp\/v2\/posts\/45974"}],"collection":[{"href":"http:\/\/hoycordobaweb.com\/index.php\/wp-json\/wp\/v2\/posts"}],"about":[{"href":"http:\/\/hoycordobaweb.com\/index.php\/wp-json\/wp\/v2\/types\/post"}],"author":[{"embeddable":true,"href":"http:\/\/hoycordobaweb.com\/index.php\/wp-json\/wp\/v2\/users\/1"}],"replies":[{"embeddable":true,"href":"http:\/\/hoycordobaweb.com\/index.php\/wp-json\/wp\/v2\/comments?post=45974"}],"version-history":[{"count":0,"href":"http:\/\/hoycordobaweb.com\/index.php\/wp-json\/wp\/v2\/posts\/45974\/revisions"}],"wp:featuredmedia":[{"embeddable":true,"href":"http:\/\/hoycordobaweb.com\/index.php\/wp-json\/wp\/v2\/media\/45975"}],"wp:attachment":[{"href":"http:\/\/hoycordobaweb.com\/index.php\/wp-json\/wp\/v2\/media?parent=45974"}],"wp:term":[{"taxonomy":"category","embeddable":true,"href":"http:\/\/hoycordobaweb.com\/index.php\/wp-json\/wp\/v2\/categories?post=45974"},{"taxonomy":"post_tag","embeddable":true,"href":"http:\/\/hoycordobaweb.com\/index.php\/wp-json\/wp\/v2\/tags?post=45974"}],"curies":[{"name":"wp","href":"https:\/\/api.w.org\/{rel}","templated":true}]}}