{"id":45966,"date":"2022-07-28T02:12:13","date_gmt":"2022-07-28T02:12:13","guid":{"rendered":"https:\/\/www.ole.com.ar\/barracas-central\/barracas-patronato_0_UOfRxVM6F1.html"},"modified":"2022-07-28T02:12:13","modified_gmt":"2022-07-28T02:12:13","slug":"es-un-afano","status":"publish","type":"post","link":"http:\/\/hoycordobaweb.com\/index.php\/2022\/07\/28\/es-un-afano\/","title":{"rendered":"\u00bfEs un afano?"},"content":{"rendered":"<p><img src=\"http:\/\/hoycordobaweb.com\/wp-content\/uploads\/2022\/07\/es-un-afano.jpg\"><\/p>\n<p>El esc\u00e1ndalo de la noche del martes en la victoria de<a data-cke-saved-href=\"https:\/\/www.ole.com.ar\/barracas-central\/barracas-balino-baligoy-tapia-error-abal_0_1I8Ng5bu9s.html\" target=\"_blank\" href=\"https:\/\/www.ole.com.ar\/barracas-central\/barracas-balino-baligoy-tapia-error-abal_0_1I8Ng5bu9s.html\" rel=\"noopener noreferrer\"><strong> Barracas Central<\/strong><\/a> ante Patronato no signific\u00f3 la aparici\u00f3n de un nuevo fen\u00f3meno que lleg\u00f3 para enturbiar m\u00e1s un f\u00fatbol argentino que tiene goteras por todos lados. Eso que pudo haber sorprendido a los distra\u00eddos fan\u00e1ticos que siguen el torneo elite de nuestro pa\u00eds, fue una pel\u00edcula repetida para los hinchas&nbsp;del Ascenso.<\/p>\n<p><mark>Apenas unos meses atr\u00e1s, a fines de 2021, todo el mundo hablaba, cuestionaba, se\u00f1alaba, pataleaba y se golpeaba la cabeza por los pol\u00e9micos arbitrajes que se suced\u00edan fecha a&nbsp;fecha cuando el equipo de Ricardo Chiqui Tapia, el flamante presidente de la AFA, sal\u00eda a la cancha<\/mark>. El manto de sospecha fue la pilcha con la que lleg\u00f3 a Primera. Y eso que parec\u00eda en el pasado, sali\u00f3 a flote en Floresta&#8230;<\/p>\n<div class=\"sp__Normal\">\n<div class=\"image-embeb image-trigger\" readability=\"6\"> <picture><source media=\"(min-width: 720px)\" srcset=\"http:\/\/hoycordobaweb.com\/wp-content\/uploads\/2022\/07\/es-un-afano-2.jpg\"><img itemprop=\"image\" src=\"http:\/\/hoycordobaweb.com\/wp-content\/uploads\/2022\/07\/es-un-afano-2.jpg\" loading=\"lazy\" alt=\"Bali\u00f1o qued\u00f3 en la mira...\"> <\/picture><figcaption readability=\"2\">\n<p>Bali\u00f1o qued\u00f3 en la mira&#8230; <\/p>\n<\/figcaption><\/div>\n<\/div>\n<h2>Bali\u00f1o y Barracas<\/h2>\n<p><strong>El \u00e1rbitro Jorge Bali\u00f1o, de mala&nbsp;actuaci\u00f3n pese a que \u00e9l en el espejo se apreci\u00f3 impecable, hab\u00eda tenido un partido pol\u00e9mico con Barracas que gener\u00f3 el enojo de&nbsp;San Lorenzo por un penal que no vio&nbsp;por agarr\u00f3n&nbsp;a Bareiro<\/strong>. Por supuesto que pudo haber entendido que no era falta o, tal vez, la rapidez de la acci\u00f3n no le permiti\u00f3 captar el&nbsp;momento: lo extra\u00f1o es que el VAR no lo llam\u00f3 y no dijo ni mu&#8230;<\/p>\n<p>\u00bfQui\u00e9n estaba en la sala de videos? Yael Falc\u00f3n P\u00e9rez. \u201cBali\u00f1o nos dijo que \u00e9l ve la sujeci\u00f3n, pero que no alcanzaba para tirar al delantero. Si hay sujeci\u00f3n en el \u00e1rea, es penal. Pero adem\u00e1s no entiendo por qu\u00e9 el VAR no llam\u00f3 a Bali\u00f1o para ver la jugada, estoy tratando de que alguien me explique por qu\u00e9 no pas\u00f3\u201d, se pregunt\u00f3 Ruben Dar\u00edo Insua, DT de CASLA.<\/p>\n<p>En ese partido, al Cicl\u00f3n le anularon un gol por un offside finito, fin\u00edsimo, \u00ednfimo: las l\u00edneas de colores del VAR tiraron unas paralelas astrof\u00edsicas para fundamentar la decisi\u00f3n: si las l\u00edneas lo marcan, y las im\u00e1genes no son claras, pues le dan la derecha a la tecnolog\u00eda. Para eso lleg\u00f3&#8230;<\/p>\n<h2>El pasado, \u00bfpisado?<\/h2>\n<p>Al partido siguiente, el mismo hombre del VAR que omiti\u00f3 el agarr\u00f3n a Bareiro, fue designado para dirigir a&#8230; Barracas Central, que gan\u00f3 en su visita a Talleres. De todos modos, tuvo un buen arbitraje. Pero m\u00e1s de uno que padeci\u00f3 la Primera Nacional en el 2021 habr\u00e1 sentido un puntazo en el pecho.<mark> En esa traves\u00eda fren\u00e9tica y sin escalas que tuvo el Guapo, hubo un sinf\u00edn de pol\u00e9micas.<\/mark><\/p>\n<p> En pleno torneo, el presidente de Gimnasia de Mendoza, Luis Vila, estall\u00f3:<mark> \u201cHay tres delincuentes que no pueden dirigir m\u00e1s. Nelson Sosa es un corrupto y delincuente, y me hago cargo de lo que digo; Yael Falc\u00f3n es el peor \u00e1rbitro de la categor\u00eda; y el se\u00f1or Ceballos&nbsp;es otro corrupto. Muchos dirigentes del f\u00fatbol argentino piensan lo mismo\u201d<\/mark>. Eran d\u00edas en que t\u00e9cnicos, jugadores y directivos se quejaban de fallos inexplicables&#8230;<\/p>\n<p>Volvamos a la noche espectral en cancha de All Boys. Como el club no tiene fibra \u00f3ptica, el VAR estuvo en un cami\u00f3n equipado con toda la tecnolog\u00eda, que, adem\u00e1s de <a data-cke-saved-href=\"https:\/\/www.ole.com.ar\/barracas-central\/var-diferente-barracas-local-all-boys_0_U7KESCi2vT.html\" target=\"_blank\" href=\"https:\/\/www.ole.com.ar\/barracas-central\/var-diferente-barracas-local-all-boys_0_U7KESCi2vT.html\" rel=\"noopener noreferrer\"><strong>Diego Abal y Diego Ceballos<\/strong><\/a>, cont\u00f3 con la presencia de Federico Beligoy, el Director Nacional de Arbitraje. \u00bfQu\u00e9 vio \u00e9l? Que sus muchachos tuvieron un partido impecable. <a data-cke-saved-href=\"https:\/\/www.ole.com.ar\/patronato\/patronato-barracas-central-arbitro-_0_ZJFoOYG5Ko.html\" target=\"_blank\" href=\"https:\/\/www.ole.com.ar\/patronato\/patronato-barracas-central-arbitro-_0_ZJFoOYG5Ko.html\" rel=\"noopener noreferrer\"><strong>Apoy\u00f3 cada decisi\u00f3n de Bali\u00f1o y el VAR.<\/strong><\/a><\/p>\n<p><a data-cke-saved-href=\"https:\/\/www.ole.com.ar\/patronato\/balino-polemicas-barracas-patronato_0_a4rjxubIts.html\" target=\"_blank\" href=\"https:\/\/www.ole.com.ar\/patronato\/balino-polemicas-barracas-patronato_0_a4rjxubIts.html\" rel=\"noopener noreferrer\"><mark>En el primer gol anulado a Axel Rodr\u00edguez, por offside tras un rechazo de un rival -Salvareschi-, habr\u00eda visto un imperceptible roce en un jugador de Patronato. En el penal que le dan a Barracas, podr\u00eda haber un toquecito a Calderara, que vol\u00f3 como si le hubiesen amputado las piernas.<\/mark><\/a> Eso, claro, en cuanto a las dos jugadas m\u00e1s pol\u00e9micas, aunque a lo largo del partido ocurrieron un mont\u00f3n de fallos ins\u00f3litos:faltas que no eran o posiciones adelantadas inexistentes&#8230;<\/p>\n<div class=\"sp__SM\">\n<div class=\"content-new \"> <span class=\"tit-mobile\">Mir\u00e1 tambi\u00e9n<\/span> <\/p>\n<div class=\"mg\">\n<div class=\"wrap-figure\"> <picture> <a href=\"https:\/\/www.ole.com.ar\/ecuador\/internacional\/futbol-argentino-escandalo-peleas-var-detenidos-policias-barracas-patronato_0_P5c9onLQhS.html\" target=\"_self\" rel=\"noopener noreferrer\"> <img class=\"img-responsive\" alt=\"Esc\u00e1ndalo en el f\u00fatbol argentino: detenidos y pol\u00e9micas por el VAR\" src=\"http:\/\/hoycordobaweb.com\/wp-content\/uploads\/2022\/07\/es-un-afano-3.jpg\" loading=\"lazy\"> <\/a> <\/picture> <\/div><\/div><\/div>\n<\/div>\n<h2>Cosas de Guapo<\/h2>\n<p>En tiempos de PN, <strong>otro apuntado cada vez que lo designaban para pitar a Barracas era Andr\u00e9s Merlos, que lo salv\u00f3 en un duelo clave ante Brown de Adrogu\u00e9. <\/strong>El hombre que lleg\u00f3 a juez internacional con Chiqui Tapia, qued\u00f3 observado por el ambiente del f\u00f3bal&#8230;<\/p>\n<div class=\"sp__SM\">\n<div class=\"content-new \"> <span class=\"tit-mobile\">Mir\u00e1 tambi\u00e9n<\/span> <\/p>\n<div class=\"mg\">\n<div class=\"wrap-figure\"> <picture> <a href=\"https:\/\/www.ole.com.ar\/futbol-ascenso\/merlos-barracas-brown_0_0m0So2oq8.html\" target=\"_self\" rel=\"noopener noreferrer\"> <img class=\"img-responsive\" alt=\"Merlos dirige a Barracas, al que no le dio un alevoso penal en contra\" src=\"http:\/\/hoycordobaweb.com\/wp-content\/uploads\/2022\/07\/es-un-afano-4.jpg\" loading=\"lazy\"> <\/a> <\/picture> <\/div><\/div><\/div>\n<\/div>\n<p> <mark>No fue casual que hace un mes, cuando River elimin\u00f3 al Guapo de la Copa Argentina, el Mu\u00f1eco Gallardo dijera post victoria: \u201cEl equipo hizo un buen partido pese a Merlos\u201d<\/mark>. La batalla campal que vivieron los jugadores de Patronato en Floresta revivi\u00f3 los fantasmas del Ascenso. \u00bfEs un afano?<\/p>\n<div class=\"sp__SM\">\n<div class=\"content-new \"> <span class=\"tit-mobile\">Mir\u00e1 tambi\u00e9n<\/span> <\/p>\n<div class=\"mg\">\n<div class=\"wrap-figure\"> <picture> <a href=\"https:\/\/www.ole.com.ar\/copa-argentina\/gallardo-river-barracas-conferencia_0_v8c712I0Id.html\" target=\"_self\" rel=\"noopener noreferrer\"> <img class=\"img-responsive\" alt=\"Gallardo: &quot;Pese a Merlos hicimos un buen partido&quot;\" src=\"http:\/\/hoycordobaweb.com\/wp-content\/uploads\/2022\/07\/es-un-afano-5.jpg\" loading=\"lazy\"> <\/a> <\/picture> <\/div><\/div><\/div>\n<\/div>\n<div class=\"entry-tags\">\n<h2>TEMAS QUE APARECEN EN ESTA NOTA<\/h2>\n<\/p><\/div>\n","protected":false},"excerpt":{"rendered":"<p>El esc\u00e1ndalo de la noche del martes en la victoria de Barracas Central ante Patronato no signific\u00f3 la aparici\u00f3n de un nuevo fen\u00f3meno que lleg\u00f3 para enturbiar m\u00e1s un f\u00fatbol argentino que tiene goteras por todos lados. Eso que pudo haber sorprendido a los distra\u00eddos fan\u00e1ticos que siguen el torneo elite de nuestro pa\u00eds, fue [&hellip;]<\/p>\n","protected":false},"author":1,"featured_media":45967,"comment_status":"open","ping_status":"closed","sticky":false,"template":"","format":"standard","meta":[],"categories":[16],"tags":[],"_links":{"self":[{"href":"http:\/\/hoycordobaweb.com\/index.php\/wp-json\/wp\/v2\/posts\/45966"}],"collection":[{"href":"http:\/\/hoycordobaweb.com\/index.php\/wp-json\/wp\/v2\/posts"}],"about":[{"href":"http:\/\/hoycordobaweb.com\/index.php\/wp-json\/wp\/v2\/types\/post"}],"author":[{"embeddable":true,"href":"http:\/\/hoycordobaweb.com\/index.php\/wp-json\/wp\/v2\/users\/1"}],"replies":[{"embeddable":true,"href":"http:\/\/hoycordobaweb.com\/index.php\/wp-json\/wp\/v2\/comments?post=45966"}],"version-history":[{"count":0,"href":"http:\/\/hoycordobaweb.com\/index.php\/wp-json\/wp\/v2\/posts\/45966\/revisions"}],"wp:featuredmedia":[{"embeddable":true,"href":"http:\/\/hoycordobaweb.com\/index.php\/wp-json\/wp\/v2\/media\/45967"}],"wp:attachment":[{"href":"http:\/\/hoycordobaweb.com\/index.php\/wp-json\/wp\/v2\/media?parent=45966"}],"wp:term":[{"taxonomy":"category","embeddable":true,"href":"http:\/\/hoycordobaweb.com\/index.php\/wp-json\/wp\/v2\/categories?post=45966"},{"taxonomy":"post_tag","embeddable":true,"href":"http:\/\/hoycordobaweb.com\/index.php\/wp-json\/wp\/v2\/tags?post=45966"}],"curies":[{"name":"wp","href":"https:\/\/api.w.org\/{rel}","templated":true}]}}