{"id":45946,"date":"2022-07-28T12:58:00","date_gmt":"2022-07-28T12:58:00","guid":{"rendered":"http:\/\/hoycordobaweb.com\/index.php\/2022\/07\/28\/sebastian-vettel-anuncio-su-retiro-de-la-formula1-a-fin-de-ano\/"},"modified":"2022-07-28T12:58:00","modified_gmt":"2022-07-28T12:58:00","slug":"sebastian-vettel-anuncio-su-retiro-de-la-formula1-a-fin-de-ano","status":"publish","type":"post","link":"http:\/\/hoycordobaweb.com\/index.php\/2022\/07\/28\/sebastian-vettel-anuncio-su-retiro-de-la-formula1-a-fin-de-ano\/","title":{"rendered":"Sebastian Vettel anunci\u00f3 su retiro de la F\u00f3rmula1 a fin de a\u00f1o"},"content":{"rendered":"<p><img src=\"http:\/\/hoycordobaweb.com\/wp-content\/uploads\/2022\/07\/sebastian-vettel-anuncio-su-retiro-de-la-formula1-a-fin-de-ano.jpg\"><\/p>\n<figure class=\"mb-3\"><img loading=\"lazy\" src=\"http:\/\/hoycordobaweb.com\/wp-content\/uploads\/2022\/07\/sebastian-vettel-anuncio-su-retiro-de-la-formula1-a-fin-de-ano-2.jpg\" width=\"100%\" height=\"100%\" alt=\"Vettel fue el campen ms joven de la Frmula 1 con 23 aos en 2010\"><figcaption> Vettel fue el campe\u00f3n m\u00e1s joven de la F\u00f3rmula 1 (con 23 a\u00f1os en 2010). <\/figcaption><\/figure>\n<p>El piloto alem\u00e1n Sebastian Vettel, cuatro veces campe\u00f3n mundial de la F\u00f3rmula 1, anunci\u00f3 este jueves que se retirar\u00e1 de la actividad a fin de a\u00f1o.<\/p>\n<p>\u00abQuiero anunciar mi retiro de la F\u00f3rmula 1 al final de la temporada 2022. Probablemente podr\u00eda empezar con una larga lista de gente a la que darle las gracias en este momento, pero siento que es m\u00e1s importante explicar las razones que tras de mi decisi\u00f3n\u00bb, comunic\u00f3 Vettel, de 35 a\u00f1os, en Instagram.<\/p>\n<blockquote class=\"instagram-media\" data-instgrm-captioned data-instgrm-permalink=\"https:\/\/www.instagram.com\/reel\/CgjUE5xKW-B\/?utm_source=ig_embed&amp;utm_campaign=loading\" data-instgrm-version=\"14\" readability=\"-0.20792079207921\"><\/blockquote>\n<p>El piloto comunic\u00f3 su decisi\u00f3n a trav\u00e9s de una nueva cuenta oficial en esa red social creada especialmente para ese anuncio.<\/p>\n<p>El teut\u00f3n se retirar\u00e1 habiendo sido el campe\u00f3n m\u00e1s joven de la m\u00e1xima categor\u00eda del automovilismo (con 23 a\u00f1os en 2010).<\/p>\n<figure class=\"mb-3\"><img loading=\"lazy\" src=\"http:\/\/hoycordobaweb.com\/wp-content\/uploads\/2022\/07\/sebastian-vettel-anuncio-su-retiro-de-la-formula1-a-fin-de-ano-3.jpg\" width=\"100%\" height=\"100%\" alt=\"Vettel fue el campen ms joven de la Frmula 1 con 23 aos en 2010\"><figcaption> Vettel fue el campe\u00f3n m\u00e1s joven de la F\u00f3rmula 1 (con 23 a\u00f1os en 2010). <\/figcaption><\/figure>\n<p>\u00abComprometerme con mi pasi\u00f3n de la forma en que lo hice y la forma en que pens\u00e9 que era correcta, ya no va de la mano con mi deseo de ser un gran padre y esposo\u00bb, continu\u00f3 el deportista alem\u00e1n, y agreg\u00f3: \u00abLas marcas que dej\u00e9 en el camino se quedar\u00e1n y la lluvia las lavar\u00e1. Habr\u00e1 nuevas\u00bb.<\/p>\n<p>El alem\u00e1n obtuvo 53 victorias, 57 poles positions, 122 podios y 4 coronas de campe\u00f3n, solo superado por n\u00famero de t\u00edtulos por Michael Schumacher y Lewis Hamilton (7) y Juan Manuel Fangio (5). <\/p>\n","protected":false},"excerpt":{"rendered":"<p>Vettel fue el campe\u00f3n m\u00e1s joven de la F\u00f3rmula 1 (con 23 a\u00f1os en 2010). El piloto alem\u00e1n Sebastian Vettel, cuatro veces campe\u00f3n mundial de la F\u00f3rmula 1, anunci\u00f3 este jueves que se retirar\u00e1 de la actividad a fin de a\u00f1o. \u00abQuiero anunciar mi retiro de la F\u00f3rmula 1 al final de la temporada 2022. [&hellip;]<\/p>\n","protected":false},"author":1,"featured_media":45947,"comment_status":"open","ping_status":"closed","sticky":false,"template":"","format":"standard","meta":[],"categories":[16],"tags":[],"_links":{"self":[{"href":"http:\/\/hoycordobaweb.com\/index.php\/wp-json\/wp\/v2\/posts\/45946"}],"collection":[{"href":"http:\/\/hoycordobaweb.com\/index.php\/wp-json\/wp\/v2\/posts"}],"about":[{"href":"http:\/\/hoycordobaweb.com\/index.php\/wp-json\/wp\/v2\/types\/post"}],"author":[{"embeddable":true,"href":"http:\/\/hoycordobaweb.com\/index.php\/wp-json\/wp\/v2\/users\/1"}],"replies":[{"embeddable":true,"href":"http:\/\/hoycordobaweb.com\/index.php\/wp-json\/wp\/v2\/comments?post=45946"}],"version-history":[{"count":0,"href":"http:\/\/hoycordobaweb.com\/index.php\/wp-json\/wp\/v2\/posts\/45946\/revisions"}],"wp:featuredmedia":[{"embeddable":true,"href":"http:\/\/hoycordobaweb.com\/index.php\/wp-json\/wp\/v2\/media\/45947"}],"wp:attachment":[{"href":"http:\/\/hoycordobaweb.com\/index.php\/wp-json\/wp\/v2\/media?parent=45946"}],"wp:term":[{"taxonomy":"category","embeddable":true,"href":"http:\/\/hoycordobaweb.com\/index.php\/wp-json\/wp\/v2\/categories?post=45946"},{"taxonomy":"post_tag","embeddable":true,"href":"http:\/\/hoycordobaweb.com\/index.php\/wp-json\/wp\/v2\/tags?post=45946"}],"curies":[{"name":"wp","href":"https:\/\/api.w.org\/{rel}","templated":true}]}}