{"id":45924,"date":"2022-07-27T17:47:27","date_gmt":"2022-07-27T17:47:27","guid":{"rendered":"https:\/\/www.ole.com.ar\/patronato\/picantes-posteos-geminiani-balino-tapia_0_5K5vBCmyBJ.html"},"modified":"2022-07-27T17:47:27","modified_gmt":"2022-07-27T17:47:27","slug":"los-picantes-posteos-de-geminiani-balino-tapia-la-policia-y-mas","status":"publish","type":"post","link":"http:\/\/hoycordobaweb.com\/index.php\/2022\/07\/27\/los-picantes-posteos-de-geminiani-balino-tapia-la-policia-y-mas\/","title":{"rendered":"Los picantes posteos de Geminiani: Bali\u00f1o, Tapia, la polic\u00eda y m\u00e1s"},"content":{"rendered":"<p><img src=\"http:\/\/hoycordobaweb.com\/wp-content\/uploads\/2022\/07\/los-picantes-posteos-de-geminiani-balino-tapia-la-policia-y-mas.jpg\"><\/p>\n<p>A \u00faltima hora del martes y en los primeros instantes del mi\u00e9rcoles, cuando las pol\u00e9micas de <a data-cke-saved-href=\"https:\/\/www.ole.com.ar\/futbol-primera\/barracas-patronato-promedios_0_urCOcTGnI9.html\" target=\"_blank\" href=\"https:\/\/www.ole.com.ar\/futbol-primera\/barracas-patronato-promedios_0_urCOcTGnI9.html\" rel=\"noopener noreferrer\"><strong>Barracas &#8211; Patronato<\/strong><\/a> y los incidentes posteriores pr\u00e1cticamente dominaban gran parte de las tendencias en Argentina, desde dentro del vestuario del Patr\u00f3n, <strong><a alt=\"lautaro-geminiani\" class=\"slug\" href=\"https:\/\/www.ole.com.ar\/tema\/lautaro-geminiani.html\" target=\"_blank\" title=\"lautaro-geminiani\" rel=\"noopener noreferrer\">Lautaro Geminiani<\/a> <\/strong>ofici\u00f3 de cronista en sus redes sociales y<strong> no s\u00f3lo cont\u00f3 lo que se estaba viviendo en el Islas Malvinas, sino que adem\u00e1s hizo un fuerte reclamo.<\/strong><\/p>\n<p><strong>\u00abSeguimos demorados. Toda tuya Bali\u00f1o. La polic\u00eda, unos fen\u00f3menos. Y vos, Tapia, siga siga la joda\u00bb,<\/strong> escribi\u00f3 el defensor en una primera publicaci\u00f3n. Adem\u00e1s, en la misma historia, agreg\u00f3: \u00ab<strong>M\u00e1s enteros que nunca. Vamos a dar pelea hasta lo \u00faltimo por nuestro objetivo\u00bb.<\/strong> <\/p>\n<div class=\"sp__Normal\">\n<div class=\"image-embeb image-trigger\" readability=\"6\"> <picture><source media=\"(min-width: 720px)\" srcset=\"http:\/\/hoycordobaweb.com\/wp-content\/uploads\/2022\/07\/los-picantes-posteos-de-geminiani-balino-tapia-la-policia-y-mas-2.jpg\"><img itemprop=\"image\" src=\"http:\/\/hoycordobaweb.com\/wp-content\/uploads\/2022\/07\/los-picantes-posteos-de-geminiani-balino-tapia-la-policia-y-mas-2.jpg\" loading=\"lazy\" alt=\"Las publicaciones de Lautaro Geminiani luego de los incidentes.\"> <\/picture><figcaption readability=\"2\">\n<p>Las publicaciones de Lautaro Geminiani luego de los incidentes. <\/p>\n<\/figcaption><\/div>\n<\/div>\n<p>M\u00e1s tarde, cuando el plantel ya hab\u00eda subido al micro y estaba por iniciar su regreso a Paran\u00e1, detall\u00f3: <strong>\u00abDespu\u00e9s de 3 horas demorados nos volvemos sin cinco compa\u00f1eros que quedaron detenidos por la ineficiencia y abuso de poder de algunos.<\/strong> Qu\u00e9 hermoso pa\u00eds\u00bb. \u200b<\/p>\n<div class=\"sp__SM\">\n<div class=\"content-new no-img\"> <span class=\"tit-mobile\">Mir\u00e1 tambi\u00e9n<\/span> <\/div>\n<\/div>\n<p>Luego de la publicaci\u00f3n de Geminiani, se conoci\u00f3 el nombre de los jugadores detenidos:&nbsp;<strong>Mat\u00edas Pardo, Axel Rodr\u00edguez, Juan Barinaga, Justo Giani y Dami\u00e1n Gonz\u00e1lez, el entrenador de arqueros.<\/strong> As\u00ed&nbsp;As\u00ed lo dispuso la Fiscal especializada en Eventos Masivos y Espect\u00e1culos Deportivos, Celsa Ram\u00edrez, quien&nbsp;orden\u00f3 la detenci\u00f3n \u00abpor el delito de lesiones y atentado y resistencia a la autoridad\u00bb.&nbsp;<\/p>\n<div class=\"sp__Normal\">\n<div class=\"image-embeb image-trigger\" readability=\"6\"> <picture><source media=\"(min-width: 720px)\" srcset=\"http:\/\/hoycordobaweb.com\/wp-content\/uploads\/2022\/07\/los-picantes-posteos-de-geminiani-balino-tapia-la-policia-y-mas-3.jpg\"><img itemprop=\"image\" src=\"http:\/\/hoycordobaweb.com\/wp-content\/uploads\/2022\/07\/los-picantes-posteos-de-geminiani-balino-tapia-la-policia-y-mas-3.jpg\" loading=\"lazy\" alt=\"Las publicaciones de Lautaro Geminiani luego de los incidentes.\"> <\/picture><figcaption readability=\"2\">\n<p>Las publicaciones de Lautaro Geminiani luego de los incidentes. <\/p>\n<\/figcaption><\/div>\n<\/div>\n<p>\u200bLos cinco detenidos fueron derivados a la sede del Ministerio Publico Fiscal (MPF), mientras, el resto de la delegaci\u00f3n regres\u00f3 a Paran\u00e1. <strong>S\u00f3lo se qued\u00f3 en Buenos aires parte de la dirigencia de la entidad rojinegra para acompa\u00f1ar a los demorados.<\/strong><\/p>\n<div class=\"sp__SM\">\n<div class=\"content-new \"> <span class=\"tit-mobile\">Mir\u00e1 tambi\u00e9n<\/span> <\/p>\n<div class=\"mg\">\n<div class=\"wrap-figure\"> <picture> <a href=\"https:\/\/www.ole.com.ar\/patronato\/balino-polemicas-barracas-patronato_0_a4rjxubIts.html\" target=\"_self\" rel=\"noopener noreferrer\"> <img class=\"img-responsive\" alt=\"\u00bfQu\u00e9 dijo Bali\u00f1o de las dos grandes pol\u00e9micas en Barracas-Patronato?\" src=\"http:\/\/hoycordobaweb.com\/wp-content\/uploads\/2022\/07\/los-picantes-posteos-de-geminiani-balino-tapia-la-policia-y-mas-4.jpg\" loading=\"lazy\"> <\/a> <\/picture> <\/div><\/div><\/div>\n<\/div>\n<p>Luego de permanecer <strong>bastante tiempo demorados en una camioneta de la Polic\u00eda frente a la sede del Ministerio Publico Fiscal, <\/strong>cerca de las 3.30, casi cinco horas despu\u00e9s del final del partido, los cinco detenidos ingresaron a la dependencia, acompa\u00f1ados por <strong><a alt=\"marcelo-achile\" class=\"slug\" href=\"https:\/\/www.ole.com.ar\/tema\/marcelo-achile.html\" target=\"_blank\" title=\"marcelo-achile\" rel=\"noopener noreferrer\">Marcelo Achile<\/a><\/strong>, vicepresidente de AFA. El presidente de Defensores de Belgrano, a su vez, puso un abogado a disposici\u00f3n de los acusados.<\/p>\n<p>Finalmente, tras ser trasladados a una comisar\u00eda de Floresta, los jugadores y el entrenador de arqueros pasaron la noche detenidos y <strong>esta ma\u00f1ana fueron trasladados a la Fiscal\u00eda, pero tomaron la decisi\u00f3n conjunta de negarse a prestar declaraciones. Un rato m\u00e1s tarde fueron liberados y se les permiti\u00f3 regresar a Paran\u00e1 tras una jornada m\u00e1s que ca\u00f3tica.<\/strong> Ahora se esperan consecuencias deportivas.<\/p>\n<p>Tras recuperar la libertad luego de pasar la noche detenido, Axel Rodr\u00edguez, cont\u00f3 c\u00f3mo vivieron toda la situaci\u00f3n: <strong>\u00abNos toc\u00f3 pasar una noche dif\u00edcil, estoy amargado por la situaci\u00f3n. Fue un partido raro, donde todo el mundo vio lo que sucedi\u00f3.<\/strong> Lo que vivimos no lo merec\u00edamos, es algo de lo que no somos culpables\u00bb.<\/p>\n<div class=\"sp__SM\">\n<div class=\"content-new \"> <span class=\"tit-mobile\">Mir\u00e1 tambi\u00e9n<\/span> <\/p>\n<div class=\"mg\">\n<div class=\"wrap-figure\"> <picture> <a href=\"https:\/\/www.ole.com.ar\/patronato\/barracas-patronato-batalla-pelea-balino_0_xAyDBudfhj.html\" target=\"_self\" rel=\"noopener noreferrer\"> <img class=\"img-responsive\" alt=\"La secuencia de la batalla campal entre los de Patronato, Bali\u00f1o y la Polic\u00eda\" src=\"http:\/\/hoycordobaweb.com\/wp-content\/uploads\/2022\/07\/los-picantes-posteos-de-geminiani-balino-tapia-la-policia-y-mas-5.jpg\" loading=\"lazy\"> <\/a> <\/picture> <\/div><\/div><\/div>\n<\/div>\n<p>Y agreg\u00f3: \u00abFue una injusticia. Muy dif\u00edcil el partido que hicimos con 10 jugadores, realizamos gran esfuerzo, fuimos superiores y nos merec\u00edamos los tres puntos. <strong>Todo el mundo vio lo que sucedi\u00f3 desde el minuto cero, nosotros hicimos nuestro partido e hicimos las cosas bien. No voy a opinar de los \u00e1rbitros,<\/strong> yo me dedico a jugar\u00bb.<\/p>\n<p> Para cerrar, el delantero complet\u00f3: \u00abNos toc\u00f3 vivir eso, pero estamos fuertes para seguir adelante. <strong>Nosotros no agredimos a nadie, solamente nos defendimos.<\/strong> Sabemos que hicimos bien las cosas. Ahora estamos tranquilos y esperando volver para Paran\u00e1\u00bb.<\/p>\n<div class=\"sp__SM\">\n<div class=\"content-new \"> <span class=\"tit-mobile\">Mir\u00e1 tambi\u00e9n<\/span> <\/p>\n<div class=\"mg\">\n<div class=\"wrap-figure\"> <picture> <a href=\"https:\/\/www.ole.com.ar\/patronato\/patronato-barracas-central-arbitro-_0_ZJFoOYG5Ko.html\" target=\"_self\" rel=\"noopener noreferrer\"> <img class=\"img-responsive\" alt=\"Qu\u00e9 dijeron los detenidos de Patronato tras recuperar la libertad\" src=\"http:\/\/hoycordobaweb.com\/wp-content\/uploads\/2022\/07\/los-picantes-posteos-de-geminiani-balino-tapia-la-policia-y-mas-6.jpg\" loading=\"lazy\"> <\/a> <\/picture> <\/div><\/div><\/div>\n<\/div>\n<p>Mat\u00edas Pardo, otro de los detenidos, relat\u00f3: <strong>\u200b\u00bbPasamos la noche en una camioneta, hasta las seis de la ma\u00f1ana que llegamos a la comisar\u00eda de Floresta. <\/strong>Tuvimos que hablar con la fiscal y estamos solucionando el tema. Las declaraciones las dejamos en manos del abogado, ahora queremos llegar a Paran\u00e1 y descansar.<strong> Estamos muy tristes, se vio en todos lados lo que pas\u00f3 ayer\u00bb.<\/strong><\/p>\n<div class=\"entry-tags\">\n<h2>TEMAS QUE APARECEN EN ESTA NOTA<\/h2>\n<\/p><\/div>\n","protected":false},"excerpt":{"rendered":"<p>A \u00faltima hora del martes y en los primeros instantes del mi\u00e9rcoles, cuando las pol\u00e9micas de Barracas &#8211; Patronato y los incidentes posteriores pr\u00e1cticamente dominaban gran parte de las tendencias en Argentina, desde dentro del vestuario del Patr\u00f3n, Lautaro Geminiani ofici\u00f3 de cronista en sus redes sociales y no s\u00f3lo cont\u00f3 lo que se estaba [&hellip;]<\/p>\n","protected":false},"author":1,"featured_media":45925,"comment_status":"open","ping_status":"closed","sticky":false,"template":"","format":"standard","meta":[],"categories":[16],"tags":[],"_links":{"self":[{"href":"http:\/\/hoycordobaweb.com\/index.php\/wp-json\/wp\/v2\/posts\/45924"}],"collection":[{"href":"http:\/\/hoycordobaweb.com\/index.php\/wp-json\/wp\/v2\/posts"}],"about":[{"href":"http:\/\/hoycordobaweb.com\/index.php\/wp-json\/wp\/v2\/types\/post"}],"author":[{"embeddable":true,"href":"http:\/\/hoycordobaweb.com\/index.php\/wp-json\/wp\/v2\/users\/1"}],"replies":[{"embeddable":true,"href":"http:\/\/hoycordobaweb.com\/index.php\/wp-json\/wp\/v2\/comments?post=45924"}],"version-history":[{"count":0,"href":"http:\/\/hoycordobaweb.com\/index.php\/wp-json\/wp\/v2\/posts\/45924\/revisions"}],"wp:featuredmedia":[{"embeddable":true,"href":"http:\/\/hoycordobaweb.com\/index.php\/wp-json\/wp\/v2\/media\/45925"}],"wp:attachment":[{"href":"http:\/\/hoycordobaweb.com\/index.php\/wp-json\/wp\/v2\/media?parent=45924"}],"wp:term":[{"taxonomy":"category","embeddable":true,"href":"http:\/\/hoycordobaweb.com\/index.php\/wp-json\/wp\/v2\/categories?post=45924"},{"taxonomy":"post_tag","embeddable":true,"href":"http:\/\/hoycordobaweb.com\/index.php\/wp-json\/wp\/v2\/tags?post=45924"}],"curies":[{"name":"wp","href":"https:\/\/api.w.org\/{rel}","templated":true}]}}