{"id":45891,"date":"2022-07-26T19:26:00","date_gmt":"2022-07-26T19:26:00","guid":{"rendered":"http:\/\/hoycordobaweb.com\/index.php\/2022\/07\/26\/curas-en-opcion-por-los-pobres-repudio-a-quienes-impulsan-un-clima-de-desestabilizacion\/"},"modified":"2022-07-26T19:26:00","modified_gmt":"2022-07-26T19:26:00","slug":"curas-en-opcion-por-los-pobres-repudio-a-quienes-impulsan-un-clima-de-desestabilizacion","status":"publish","type":"post","link":"http:\/\/hoycordobaweb.com\/index.php\/2022\/07\/26\/curas-en-opcion-por-los-pobres-repudio-a-quienes-impulsan-un-clima-de-desestabilizacion\/","title":{"rendered":"Curas en Opci\u00f3n por los Pobres repudi\u00f3 a quienes impulsan un \u00abclima de desestabilizaci\u00f3n\u00bb"},"content":{"rendered":"<p><img src=\"http:\/\/hoycordobaweb.com\/wp-content\/uploads\/2022\/07\/curas-en-opcion-por-los-pobres-repudio-a-quienes-impulsan-un-clima-de-desestabilizacion.jpg\"><\/p>\n<figure class=\"mb-3\"><img loading=\"lazy\" src=\"http:\/\/hoycordobaweb.com\/wp-content\/uploads\/2022\/07\/curas-en-opcion-por-los-pobres-repudio-a-quienes-impulsan-un-clima-de-desestabilizacion-2.jpg\" width=\"100%\" height=\"100%\" alt=\"Foto TW GrupoCurasOPP\"><figcaption> Foto: TW GrupoCurasOPP <\/figcaption><\/figure>\n<p>El Grupo de Curas en Opci\u00f3n por los Pobres repudi\u00f3 el \u00abactual clima desestabilizador en el pa\u00eds\u00bb y <strong>acus\u00f3 al \u00abpoder financiero y due\u00f1os de medios de comunicaci\u00f3n\u00bb de \u00abhacer fracasar toda medida que permita hacer frente a una crisis econ\u00f3mica<\/strong> que se arrastra\u00bb desde el gobierno de Cambiemos.<\/p>\n<p><strong>\u00abAsistimos azorados a un espect\u00e1culo inmoral, montado para dirigir la opini\u00f3n p\u00fablica a la aceptaci\u00f3n e incluso al apoyo de la ruptura del normal funcionamiento de las instituciones de la rep\u00fablica. Ir\u00f3nicamente quienes lo protagonizan dicen hacerlo en nombre de la misma rep\u00fablica\u00bb<\/strong>, dijeron los religiosos a trav\u00e9s de un documento difundido este martes.<\/p>\n<blockquote class><p>\u00abTodos estos sectores al servicio de los detentadores del poder econ\u00f3mico, empe\u00f1ados no s\u00f3lo en maximizar sus ganancias, sino en hacer fracasar toda medida que permita hacer frente a una crisis econ\u00f3mica\u00bb<\/p><\/blockquote>\n<p>En el escrito -titulado \u00abuna Rep\u00fablica sin los pobres en el centro es una ficci\u00f3n\u00bb- se denuncia a los \u00abpol\u00edticos fracasados en su propia gesti\u00f3n, que se empe\u00f1an hoy en ejercer el &#8216;cuanto peor, mejor&#8217;, a\u00fan cuando eso \u00absignifique violencia\u00bb.<\/p>\n<p>\u00abPseudoperiodistas y opin\u00f3logos, mentirosos a sabiendas y devenidos en psic\u00f3logos, moralistas o lo que haga falta para servir a sus empleadores. Llaman expl\u00edcitamente a provocar la ca\u00edda de este Gobierno elegido por el pueblo\u00bb, subrayaron y <strong>apuntaron contra \u00abjueces venales que no pueden ocultar ya su parcialidad y desinter\u00e9s por servir al derecho\u00bb<\/strong>, remarcaron.<\/p>\n<p>En el documento se recuerda que \u00abun exmilitar (Aldo Rico), paradigma de la insubordinaci\u00f3n, escudado hip\u00f3critamente tras la imagen de la Virgen, <a href=\"https:\/\/www.telam.com.ar\/notas\/202207\/599569-denuncia-aldo-rico-jueces.html\" target=\"_blank\" rel=\"noopener noreferrer\">agita el fantasma de la \u00e9poca m\u00e1s oscura de la historia<\/a> reciente de nuestro pa\u00eds. Medios de comunicaci\u00f3n concentrados y concertados para demoler la esperanza de nuestro pueblo en un futuro mejor\u00bb.<\/p>\n<blockquote class><p>\u00abPseudoperiodistas y opin\u00f3logos, mentirosos a sabiendas y devenidos en psic\u00f3logos, moralistas o lo que haga falta para servir a sus empleadores. Llaman expl\u00edcitamente a provocar la ca\u00edda de este Gobierno elegido por el pueblo\u00bb<\/p><\/blockquote>\n<p>\u00abTodos estos sectores al servicio de los detentadores del poder econ\u00f3mico, empe\u00f1ados no s\u00f3lo en maximizar sus ganancias, sino en hacer fracasar toda medida que permita hacer frente a una crisis econ\u00f3mica que se arrastra desde del gobierno cambiemita (de Cambiemos), agravada por las crisis de la pandemia y de la guerra entre Rusia y Ucrania (ambas crisis, hay que subrayar, aprovechadas para aumentar su lucro a niveles incalculables a costa de las desgracias de los m\u00e1s pobres)\u00bb.<\/p>\n<p><strong>\u00abUna verdadera sinfon\u00eda del mal, orquestada por personajes y organizaciones tan ap\u00e1tridas como el dinero\u00bb<\/strong>, sostuvieron.<\/p>\n<h2 class>El comunicado<\/h2>\n","protected":false},"excerpt":{"rendered":"<p>Foto: TW GrupoCurasOPP El Grupo de Curas en Opci\u00f3n por los Pobres repudi\u00f3 el \u00abactual clima desestabilizador en el pa\u00eds\u00bb y acus\u00f3 al \u00abpoder financiero y due\u00f1os de medios de comunicaci\u00f3n\u00bb de \u00abhacer fracasar toda medida que permita hacer frente a una crisis econ\u00f3mica que se arrastra\u00bb desde el gobierno de Cambiemos. \u00abAsistimos azorados a [&hellip;]<\/p>\n","protected":false},"author":1,"featured_media":45892,"comment_status":"open","ping_status":"closed","sticky":false,"template":"","format":"standard","meta":[],"categories":[19],"tags":[],"_links":{"self":[{"href":"http:\/\/hoycordobaweb.com\/index.php\/wp-json\/wp\/v2\/posts\/45891"}],"collection":[{"href":"http:\/\/hoycordobaweb.com\/index.php\/wp-json\/wp\/v2\/posts"}],"about":[{"href":"http:\/\/hoycordobaweb.com\/index.php\/wp-json\/wp\/v2\/types\/post"}],"author":[{"embeddable":true,"href":"http:\/\/hoycordobaweb.com\/index.php\/wp-json\/wp\/v2\/users\/1"}],"replies":[{"embeddable":true,"href":"http:\/\/hoycordobaweb.com\/index.php\/wp-json\/wp\/v2\/comments?post=45891"}],"version-history":[{"count":0,"href":"http:\/\/hoycordobaweb.com\/index.php\/wp-json\/wp\/v2\/posts\/45891\/revisions"}],"wp:featuredmedia":[{"embeddable":true,"href":"http:\/\/hoycordobaweb.com\/index.php\/wp-json\/wp\/v2\/media\/45892"}],"wp:attachment":[{"href":"http:\/\/hoycordobaweb.com\/index.php\/wp-json\/wp\/v2\/media?parent=45891"}],"wp:term":[{"taxonomy":"category","embeddable":true,"href":"http:\/\/hoycordobaweb.com\/index.php\/wp-json\/wp\/v2\/categories?post=45891"},{"taxonomy":"post_tag","embeddable":true,"href":"http:\/\/hoycordobaweb.com\/index.php\/wp-json\/wp\/v2\/tags?post=45891"}],"curies":[{"name":"wp","href":"https:\/\/api.w.org\/{rel}","templated":true}]}}