{"id":45873,"date":"2022-07-26T15:09:19","date_gmt":"2022-07-26T15:09:19","guid":{"rendered":"https:\/\/www.ole.com.ar\/futbol-internacional\/laporta-baile-calle-vegas-mujer_0_WCgn9ukU1k.html"},"modified":"2022-07-26T15:09:19","modified_gmt":"2022-07-26T15:09:19","slug":"video-viral-laporta-sorprendio-a-puro-baile-en-las-calles-de-las-vegas","status":"publish","type":"post","link":"http:\/\/hoycordobaweb.com\/index.php\/2022\/07\/26\/video-viral-laporta-sorprendio-a-puro-baile-en-las-calles-de-las-vegas\/","title":{"rendered":"Video viral: Laporta sorprendi\u00f3 a puro baile en las calles de Las Vegas"},"content":{"rendered":"<p><img src=\"http:\/\/hoycordobaweb.com\/wp-content\/uploads\/2022\/07\/video-viral-laporta-sorprendio-a-puro-baile-en-las-calles-de-las-vegas.jpg\"><\/p>\n<p>A horas del partido que el <strong><a alt=\"barcelona\" class=\"slug\" href=\"https:\/\/www.ole.com.ar\/tema\/barcelona.html\" target=\"_blank\" title=\"barcelona\" rel=\"noopener noreferrer\">Barcelona <\/a><\/strong>disputar\u00e1 frente a la <strong><a alt=\"juventus\" class=\"slug\" href=\"https:\/\/www.ole.com.ar\/tema\/juventus.html\" target=\"_blank\" title=\"juventus\" rel=\"noopener noreferrer\">Juventus<\/a><\/strong>, en el segundo amistoso de la gira de pretemporada que el conjunto catal\u00e1n est\u00e1 realizando en Estados Unidos, el nombre de <strong><a alt=\"joan-laporta\" class=\"slug\" href=\"https:\/\/www.ole.com.ar\/tema\/joan-laporta.html\" target=\"_blank\" title=\"joan-laporta\" rel=\"noopener noreferrer\">Joan Laporta<\/a><\/strong> <strong>se convirti\u00f3 en tendencia en las redes sociales por un particular motivo<\/strong> que nada tiene que ver con el presente deportivo e institucional del club.<\/p>\n<p>Es que en pleno paseo por Las Vegas, donde el Barsa hizo su primera parada antes de mudarse a Dallas, el mandatario, muy divertido,<strong> decidi\u00f3 ponerse a bailar junto a una mujer en plena calle.<\/strong> Y claro, en \u00e9poca de redes sociales,<strong>&nbsp;fue capturado por las c\u00e1maras y el video no tard\u00f3 en viralizarse.<\/strong><\/p>\n<p>\u200bAdem\u00e1s, los principales medios deportivos espa\u00f1oles se hicieron eco de la noticia y apuntaron que \u00abfelicidad\u00bb que mostraba el presidente del Barcelona ten\u00eda que ver con el presente del equipo, <strong>que viene de ganarle 1-0 al Real Madrid en el cl\u00e1sico amistoso que disputaron el pasado fin de semana.<\/strong> <\/p>\n<div class=\"sp__SM\">\n<div class=\"content-new \"> <span class=\"tit-mobile\">Mir\u00e1 tambi\u00e9n<\/span> <\/p>\n<div class=\"mg\">\n<div class=\"wrap-figure\"> <picture> <a href=\"https:\/\/www.ole.com.ar\/messi\/messi-xavi-barcelona-psg_0_LSD52ADzHR.html\" target=\"_self\" rel=\"noopener noreferrer\"> <img class=\"img-responsive\" alt=\"Xavi: &quot;Por ahora Messi es imposible&quot;\" src=\"http:\/\/hoycordobaweb.com\/wp-content\/uploads\/2022\/07\/video-viral-laporta-sorprendio-a-puro-baile-en-las-calles-de-las-vegas-2.jpg\" loading=\"lazy\"> <\/a> <\/picture> <\/div><\/div><\/div>\n<\/div>\n<p>Adem\u00e1s, fue un mercado muy fruct\u00edfero para el Cul\u00e9, que no s\u00f3lo sum\u00f3 a <strong><a alt=\"raphinha\" class=\"slug\" href=\"https:\/\/www.ole.com.ar\/tema\/raphinha.html\" target=\"_blank\" title=\"raphinha\" rel=\"noopener noreferrer\">Raphinha<\/a><\/strong>, quien convirti\u00f3 el gol ante el Real, sino que tambi\u00e9n incorpor\u00f3 a uno de los mejores delanteros de la actualidad: <strong><a alt=\"robert-lewandowski\" class=\"slug\" href=\"https:\/\/www.ole.com.ar\/tema\/robert-lewandowski.html\" target=\"_blank\" title=\"robert-lewandowski\" rel=\"noopener noreferrer\">Robert Lewandowski<\/a><\/strong>. Adem\u00e1s, el Barcelona est\u00e1 a un paso de cerrar la legada de <strong>Jules Kound\u00e9.<\/strong><\/p>\n<p>\u200bSea cual sea el motivo, Laporta se divirti\u00f3 a lo grande en Las Vegas y las pruebas est\u00e1n en el video viral.&nbsp;<\/p>\n<div class=\"sp__SM\">\n<div class=\"content-new \"> <span class=\"tit-mobile\">Mir\u00e1 tambi\u00e9n<\/span> <\/p>\n<div class=\"mg\">\n<div class=\"wrap-figure\"> <picture> <a href=\"https:\/\/www.ole.com.ar\/messi\/cataluna-xavi-leo-messi-2023_0_LTZd9N0Wgq.html\" target=\"_self\" rel=\"noopener noreferrer\"> <img class=\"img-responsive\" alt=\"Versi\u00f3n en Catalu\u00f1a: Xavi pidi\u00f3 a Leo para 2023\" src=\"http:\/\/hoycordobaweb.com\/wp-content\/uploads\/2022\/07\/video-viral-laporta-sorprendio-a-puro-baile-en-las-calles-de-las-vegas-3.jpg\" loading=\"lazy\"> <\/a> <\/picture> <\/div><\/div><\/div>\n<\/div>\n<h2><strong>Fuerte revelaci\u00f3n de Laporta: \u201cMe siento en deuda con Messi\u201d<\/strong> <\/h2>\n<p>Luego del partido ante el Real Madrid, Laporta tambi\u00e9n fue noticia en todo el mundo por unas declaraciones sobre <strong><a alt=\"lionel-messi\" class=\"slug\" href=\"https:\/\/www.ole.com.ar\/tema\/lionel-messi.html\" target=\"_blank\" title=\"lionel-messi\" rel=\"noopener noreferrer\">Lionel Messi <\/a><\/strong>que dieron que hablar. Es que a casi un a\u00f1o de su salida del club, <a data-cke-saved-href=\"https:\/\/www.ole.com.ar\/futbol-internacional\/espana\/laporta-deuda-messi-barcelona-salida_0_0G6lj7jPMW.html\" target=\"_blank\" href=\"https:\/\/www.ole.com.ar\/futbol-internacional\/espana\/laporta-deuda-messi-barcelona-salida_0_0G6lj7jPMW.html\" rel=\"noopener noreferrer\"><strong>reconoci\u00f3 que estaba \u00aben deuda\u00bb con Leo y dej\u00f3 la puerta abierta a una posible vuelta del 10 de la Selecci\u00f3n.<\/strong><\/a> <\/p>\n<p>\u00ab<strong>Creo, espero y deseo que el capitulo Messi no haya terminado a\u00fan en el Barsa.<\/strong> Creo que es nuestra responsabilidad conseguir que ese cap\u00edtulo, que todav\u00eda est\u00e1 abierto, que no se ha cerrado, tenga un momento en el que ese pueda hacer como se deber\u00eda haber hecho. <strong>Qu\u00e9 tenga un final mucho m\u00e1s esplendoroso de lo que fue\u00bb,<\/strong> asegur\u00f3 Laporta.<\/p>\n<p>Adem\u00e1s, ante la repregunta de la entrevistadora sobre si se sent\u00eda en deuda con Messi por c\u00f3mo se hab\u00eda dado su salida, admiti\u00f3: \u00ab<strong>S\u00ed. Moralmente, s\u00ed.<\/strong> Como presidente del Barsa, creo que hice lo que ten\u00eda que hacer. Pero como presidente del Barsa y tambi\u00e9n a nivel personal, <strong>creo que estoy en deuda con \u00e9l\u00bb.<\/strong><\/p>\n<p>As\u00ed, el mismo Laporta que asegur\u00f3 que retener a Messi requer\u00eda \u00ab<strong>hipotecar por medio siglo parte de los derechos de televisi\u00f3n del club\u00bb <\/strong>y que dej\u00f3 en claro que <strong>no estaba dispuesto a \u00abhacerlo por nadie\u00bb y que la historia del Barcelona estaba \u00abpor encima del mejor jugador del mundo\u00bb,<\/strong> mostr\u00f3 un mensaje mucho m\u00e1s conciliador con quien hasta hoy es el jugador m\u00e1s ganador del conjunto catal\u00e1n.<\/p>\n<div class=\"sp__SM\">\n<div class=\"content-new \"> <span class=\"tit-mobile\">Mir\u00e1 tambi\u00e9n<\/span> <\/p>\n<div class=\"mg\">\n<div class=\"wrap-figure\"> <picture> <a href=\"https:\/\/www.ole.com.ar\/futbol-internacional\/espana\/laporta-deuda-messi-barcelona-salida_0_0G6lj7jPMW.html\" target=\"_self\" rel=\"noopener noreferrer\"> <img class=\"img-responsive\" alt=\"Fuerte revelaci\u00f3n de Laporta: &quot;Me siento en deuda con Messi&quot;\" src=\"http:\/\/hoycordobaweb.com\/wp-content\/uploads\/2022\/07\/video-viral-laporta-sorprendio-a-puro-baile-en-las-calles-de-las-vegas-4.jpg\" loading=\"lazy\"> <\/a> <\/picture> <\/div><\/div><\/div>\n<\/div>\n<p>Las palabras de Laporta generaron m\u00faltiples rumores en Europa sobre un posible regreso de Leo cuando finalice su contrato con el Paris Saint Germain. Sin embargo, <strong>el mismo Xavi decidi\u00f3 ponerle un freno a las especulaciones y asegur\u00f3 que, por ahora, su vuelta&nbsp;\u00abes imposible\u00bb.&nbsp;<\/strong><\/p>\n<div class=\"entry-tags\">\n<h2>TEMAS QUE APARECEN EN ESTA NOTA<\/h2>\n<\/p><\/div>\n","protected":false},"excerpt":{"rendered":"<p>A horas del partido que el Barcelona disputar\u00e1 frente a la Juventus, en el segundo amistoso de la gira de pretemporada que el conjunto catal\u00e1n est\u00e1 realizando en Estados Unidos, el nombre de Joan Laporta se convirti\u00f3 en tendencia en las redes sociales por un particular motivo que nada tiene que ver con el presente [&hellip;]<\/p>\n","protected":false},"author":1,"featured_media":45874,"comment_status":"open","ping_status":"closed","sticky":false,"template":"","format":"standard","meta":[],"categories":[16],"tags":[],"_links":{"self":[{"href":"http:\/\/hoycordobaweb.com\/index.php\/wp-json\/wp\/v2\/posts\/45873"}],"collection":[{"href":"http:\/\/hoycordobaweb.com\/index.php\/wp-json\/wp\/v2\/posts"}],"about":[{"href":"http:\/\/hoycordobaweb.com\/index.php\/wp-json\/wp\/v2\/types\/post"}],"author":[{"embeddable":true,"href":"http:\/\/hoycordobaweb.com\/index.php\/wp-json\/wp\/v2\/users\/1"}],"replies":[{"embeddable":true,"href":"http:\/\/hoycordobaweb.com\/index.php\/wp-json\/wp\/v2\/comments?post=45873"}],"version-history":[{"count":0,"href":"http:\/\/hoycordobaweb.com\/index.php\/wp-json\/wp\/v2\/posts\/45873\/revisions"}],"wp:featuredmedia":[{"embeddable":true,"href":"http:\/\/hoycordobaweb.com\/index.php\/wp-json\/wp\/v2\/media\/45874"}],"wp:attachment":[{"href":"http:\/\/hoycordobaweb.com\/index.php\/wp-json\/wp\/v2\/media?parent=45873"}],"wp:term":[{"taxonomy":"category","embeddable":true,"href":"http:\/\/hoycordobaweb.com\/index.php\/wp-json\/wp\/v2\/categories?post=45873"},{"taxonomy":"post_tag","embeddable":true,"href":"http:\/\/hoycordobaweb.com\/index.php\/wp-json\/wp\/v2\/tags?post=45873"}],"curies":[{"name":"wp","href":"https:\/\/api.w.org\/{rel}","templated":true}]}}