{"id":45847,"date":"2022-07-23T15:50:04","date_gmt":"2022-07-23T15:50:04","guid":{"rendered":"https:\/\/fono.fcm.unc.edu.ar\/?p=9520"},"modified":"2022-07-23T15:50:04","modified_gmt":"2022-07-23T15:50:04","slug":"23-de-julio-dia-mundial-de-flap","status":"publish","type":"post","link":"http:\/\/hoycordobaweb.com\/index.php\/2022\/07\/23\/23-de-julio-dia-mundial-de-flap\/","title":{"rendered":"23 de julio: D\u00eda Mundial de FLAP"},"content":{"rendered":"<h2 class=\"fusion-post-title\">23 de julio: D\u00eda Mundial de FLAP<\/h2>\n<div class=\"post-content\" readability=\"38\">\n<p><img loading=\"lazy\" class=\"alignright wp-image-9521 size-fusion-400\" src=\"https:\/\/fono.fcm.unc.edu.ar\/wp-content\/uploads\/sites\/14\/2022\/07\/WhatsApp-Image-2022-07-25-at-11.35.40-AM-400x400.jpeg\" alt width=\"400\" height=\"400\" srcset=\"https:\/\/fono.fcm.unc.edu.ar\/wp-content\/uploads\/sites\/14\/2022\/07\/WhatsApp-Image-2022-07-25-at-11.35.40-AM-66x66.jpeg 66w, https:\/\/fono.fcm.unc.edu.ar\/wp-content\/uploads\/sites\/14\/2022\/07\/WhatsApp-Image-2022-07-25-at-11.35.40-AM-150x150.jpeg 150w, https:\/\/fono.fcm.unc.edu.ar\/wp-content\/uploads\/sites\/14\/2022\/07\/WhatsApp-Image-2022-07-25-at-11.35.40-AM-200x200.jpeg 200w, https:\/\/fono.fcm.unc.edu.ar\/wp-content\/uploads\/sites\/14\/2022\/07\/WhatsApp-Image-2022-07-25-at-11.35.40-AM-300x300.jpeg 300w, https:\/\/fono.fcm.unc.edu.ar\/wp-content\/uploads\/sites\/14\/2022\/07\/WhatsApp-Image-2022-07-25-at-11.35.40-AM-400x400.jpeg 400w, https:\/\/fono.fcm.unc.edu.ar\/wp-content\/uploads\/sites\/14\/2022\/07\/WhatsApp-Image-2022-07-25-at-11.35.40-AM-600x600.jpeg 600w, https:\/\/fono.fcm.unc.edu.ar\/wp-content\/uploads\/sites\/14\/2022\/07\/WhatsApp-Image-2022-07-25-at-11.35.40-AM-768x768.jpeg 768w, https:\/\/fono.fcm.unc.edu.ar\/wp-content\/uploads\/sites\/14\/2022\/07\/WhatsApp-Image-2022-07-25-at-11.35.40-AM.jpeg 800w\" sizes=\"(max-width: 400px) 100vw, 400px\">Las Fisuras Labio-Alveolo-Palatinas (FLAP) o fisuras orales son anomal\u00edas cong\u00e9nitas cr\u00e1neo faciales que afectan la anatom\u00eda y funcionalidad de la cara y la boca; pueden comprometer al labio (FL), al paladar (FP), o a ambos (FL\/FP). De acuerdo a su prevalencia al nacimiento, se estima que en Argentina hay unos 1.100 a 1.200 reci\u00e9n nacidos afectados cada a\u00f1o.<\/p>\n<\/p><\/div>\n","protected":false},"excerpt":{"rendered":"<p>23 de julio: D\u00eda Mundial de FLAP Las Fisuras Labio-Alveolo-Palatinas (FLAP) o fisuras orales son anomal\u00edas cong\u00e9nitas cr\u00e1neo faciales que afectan la anatom\u00eda y funcionalidad de la cara y la boca; pueden comprometer al labio (FL), al paladar (FP), o a ambos (FL\/FP). De acuerdo a su prevalencia al nacimiento, se estima que en Argentina [&hellip;]<\/p>\n","protected":false},"author":1,"featured_media":0,"comment_status":"closed","ping_status":"closed","sticky":false,"template":"","format":"standard","meta":[],"categories":[1],"tags":[],"_links":{"self":[{"href":"http:\/\/hoycordobaweb.com\/index.php\/wp-json\/wp\/v2\/posts\/45847"}],"collection":[{"href":"http:\/\/hoycordobaweb.com\/index.php\/wp-json\/wp\/v2\/posts"}],"about":[{"href":"http:\/\/hoycordobaweb.com\/index.php\/wp-json\/wp\/v2\/types\/post"}],"author":[{"embeddable":true,"href":"http:\/\/hoycordobaweb.com\/index.php\/wp-json\/wp\/v2\/users\/1"}],"replies":[{"embeddable":true,"href":"http:\/\/hoycordobaweb.com\/index.php\/wp-json\/wp\/v2\/comments?post=45847"}],"version-history":[{"count":0,"href":"http:\/\/hoycordobaweb.com\/index.php\/wp-json\/wp\/v2\/posts\/45847\/revisions"}],"wp:attachment":[{"href":"http:\/\/hoycordobaweb.com\/index.php\/wp-json\/wp\/v2\/media?parent=45847"}],"wp:term":[{"taxonomy":"category","embeddable":true,"href":"http:\/\/hoycordobaweb.com\/index.php\/wp-json\/wp\/v2\/categories?post=45847"},{"taxonomy":"post_tag","embeddable":true,"href":"http:\/\/hoycordobaweb.com\/index.php\/wp-json\/wp\/v2\/tags?post=45847"}],"curies":[{"name":"wp","href":"https:\/\/api.w.org\/{rel}","templated":true}]}}