{"id":45793,"date":"2022-07-25T17:56:11","date_gmt":"2022-07-25T17:56:11","guid":{"rendered":"https:\/\/www.ole.com.ar\/seleccion\/placente-sub-15-convocados-_0_NUx56Hppm2.html"},"modified":"2022-07-25T17:56:11","modified_gmt":"2022-07-25T17:56:11","slug":"diego-placente-dio-la-lista-de-convocados-para-la-sub-15","status":"publish","type":"post","link":"http:\/\/hoycordobaweb.com\/index.php\/2022\/07\/25\/diego-placente-dio-la-lista-de-convocados-para-la-sub-15\/","title":{"rendered":"Diego Placente dio la lista de convocados para la Sub 15"},"content":{"rendered":"<p><img src=\"http:\/\/hoycordobaweb.com\/wp-content\/uploads\/2022\/07\/diego-placente-dio-la-lista-de-convocados-para-la-sub-15.jpg\"><\/p>\n<p><strong>Diego Placente<\/strong>, actual entrenador de la <strong><a alt=\"seleccion-argentina\" class=\"slug\" href=\"https:\/\/www.ole.com.ar\/tema\/seleccion-argentina.html\" target=\"_blank\" title=\"seleccion-argentina\" rel=\"noopener noreferrer\">Selecci\u00f3n Argentina<\/a><\/strong> Sub 15, ya <strong>present\u00f3 su primera lista de convocados de la temporada<\/strong>, con la mente puesta en un objetivo en concreto: el Sudamericano de 2023.<\/p>\n<p><strong>La nueva lista dada por el t\u00e9cnico de 45 a\u00f1os cuenta con 26 jugadores<\/strong>, de los cuales dos se encuentran militando en el futbol europeo. Ellos son <strong>Nicol\u00e1s Marcipar<\/strong>, actualmente en el <strong><a alt=\"fc-barcelona\" class=\"slug\" href=\"https:\/\/www.ole.com.ar\/tema\/fc-barcelona.html\" target=\"_blank\" title=\"fc-barcelona\" rel=\"noopener noreferrer\">Barcelona<\/a><\/strong>, y <strong>Nicolo Meringolo<\/strong>, de la <strong><a alt=\"juventus\" class=\"slug\" href=\"https:\/\/www.ole.com.ar\/tema\/juventus.html\" target=\"_blank\" title=\"juventus\" rel=\"noopener noreferrer\">Juventus<\/a><\/strong>.<\/p>\n<div class=\"sp__Normal\">\n<div class=\"image-embeb image-trigger\" readability=\"6\"> <picture><source media=\"(min-width: 720px)\" srcset=\"http:\/\/hoycordobaweb.com\/wp-content\/uploads\/2022\/07\/diego-placente-dio-la-lista-de-convocados-para-la-sub-15-2.jpg\"><img itemprop=\"image\" src=\"http:\/\/hoycordobaweb.com\/wp-content\/uploads\/2022\/07\/diego-placente-dio-la-lista-de-convocados-para-la-sub-15-2.jpg\" loading=\"lazy\" alt=\"Los 26 jugadores elegidos por Placente. Foto: AFA\"> <\/picture><figcaption readability=\"2\">\n<p>Los 26 jugadores elegidos por Placente. Foto: AFA <\/p>\n<\/figcaption><\/div>\n<\/div>\n<p>El objetivo de esta citaci\u00f3n, seg\u00fan el comunicado lanzado por la <strong><a alt=\"asociacion-del-futbol-argentino\" class=\"slug\" href=\"https:\/\/www.ole.com.ar\/tema\/asociacion-del-futbol-argentino.html\" target=\"_blank\" title=\"asociacion-del-futbol-argentino\" rel=\"noopener noreferrer\">Asociaci\u00f3n del Futbol Argentino<\/a><\/strong>, es \u00abbuscar que los chicos inicien el camino que forjar\u00e1 su identidad de Selecci\u00f3n y los depositar\u00e1 en torneos internacionales durante la \u00faltima etapa del presente a\u00f1o\u00bb. Luego, con el pasar del comunicado, menciona que <strong>la mayor ambici\u00f3n es el anteriormente mencionado Sudamericano disputado el a\u00f1o pr\u00f3ximo<\/strong>.<\/p>\n<p><strong>La primera reuni\u00f3n entre Placente y sus dirigidos ser\u00e1 hoy a las 15<\/strong>, cuando realicen su primer entrenamiento de la temporada. Luego, el martes y el mi\u00e9rcoles continuar\u00e1n con la preparaci\u00f3n fisica, ambos dias a las 10.&nbsp;<\/p>\n<div class=\"sp__SM\">\n<div class=\"content-new \"> <span class=\"tit-mobile\">Mir\u00e1 tambi\u00e9n<\/span> <\/p>\n<div class=\"mg\">\n<div class=\"wrap-figure\"> <picture> <a href=\"https:\/\/www.ole.com.ar\/river-plate\/reserva-river-puntera-campeonato-guillen_0_BIUgA3eXmO.html\" target=\"_self\" rel=\"noopener noreferrer\"> <img class=\"img-responsive\" alt=\"La Reserva de River gan\u00f3 y qued\u00f3 puntera\" src=\"http:\/\/hoycordobaweb.com\/wp-content\/uploads\/2022\/07\/diego-placente-dio-la-lista-de-convocados-para-la-sub-15-3.jpg\" loading=\"lazy\"> <\/a> <\/picture> <\/div><\/div><\/div>\n<\/div>\n<h2><strong>La historia del&nbsp; Sudamericano Sub 15 y Argentina<\/strong><\/h2>\n<p><strong>El Campeonato Sudamericano Sub 15<\/strong> es un torneo surgido en el a\u00f1o 2004, el cual <strong>siempre fue esquivo para la Selecci\u00f3n<\/strong>. En total, se celebraron nueve ediciones de dicha competici\u00f3n, y solo una qued\u00f3 en manos de Argentina &#8211; la del a\u00f1o 2017, con la direcci\u00f3n t\u00e9cnica de Placente-.<\/p>\n<div class=\"sp__SM\">\n<div class=\"content-new \"> <span class=\"tit-mobile\">Mir\u00e1 tambi\u00e9n<\/span> <\/p>\n<div class=\"mg\">\n<div class=\"wrap-figure\"> <picture> <a href=\"https:\/\/www.ole.com.ar\/futbol-internacional\/espana\/nahuel-molina-atletico-madrid_0_WM9U1qzvHQ.html\" target=\"_self\" rel=\"noopener noreferrer\"> <img class=\"img-responsive\" alt=\"Nahuel Molina lleg\u00f3 a Atl\u00e9tico Madrid: una frase de ilusi\u00f3n y a la espera de la firma\" src=\"http:\/\/hoycordobaweb.com\/wp-content\/uploads\/2022\/07\/diego-placente-dio-la-lista-de-convocados-para-la-sub-15-4.jpg\" loading=\"lazy\"> <\/a> <\/picture> <\/div><\/div><\/div>\n<\/div>\n<p>En aquel torneo de 2017, Argentina se enfrent\u00f3 en la final ante <strong><a alt=\"brasil\" class=\"slug\" href=\"https:\/\/www.ole.com.ar\/tema\/brasil.html\" target=\"_blank\" title=\"brasil\" rel=\"noopener noreferrer\">Brasil<\/a><\/strong> y logr\u00f3 dar vuelta un 2 a 0 en contra, gracias a los goles de <strong>Matias Palacios<\/strong>, Matias Godoy y Bruno Amione. Algunos nombres de aquel equipo que, hoy en dia, juegan en la<strong> <a alt=\"liga-profesional-de-futbol\" class=\"slug\" href=\"https:\/\/www.ole.com.ar\/tema\/liga-profesional-de-futbol.html\" target=\"_blank\" title=\"liga-profesional-de-futbol\" rel=\"noopener noreferrer\">Liga Profesional de F\u00fatbol<\/a><\/strong> son <strong>Rufino Lucero<\/strong> (Aldosivi), <strong>Ezequiel Ceballos<\/strong> (Boca), <strong>Cristian Medina<\/strong> (Boca) y <strong>Juan Sforza<\/strong> (Newells).<\/p>\n<div class=\"sp__Normal\">\n<div class=\"image-embeb image-trigger\" readability=\"6\"> <picture><source media=\"(min-width: 720px)\" srcset=\"http:\/\/hoycordobaweb.com\/wp-content\/uploads\/2022\/07\/diego-placente-dio-la-lista-de-convocados-para-la-sub-15-5.jpg\"><img itemprop=\"image\" src=\"http:\/\/hoycordobaweb.com\/wp-content\/uploads\/2022\/07\/diego-placente-dio-la-lista-de-convocados-para-la-sub-15-5.jpg\" loading=\"lazy\" alt=\"Placente cosech\u00f3 un primer y segundo puesto en los dos Sudamericanos que dirigi\u00f3. Foto: Clar\u00edn\"> <\/picture><figcaption readability=\"2\">\n<p>Placente cosech\u00f3 un primer y segundo puesto en los dos Sudamericanos que dirigi\u00f3. Foto: Clar\u00edn <\/p>\n<\/figcaption><\/div>\n<\/div>\n<p><strong>Actualmente, el medallero lo lideran los brasile\u00f1os, con 5 medallas doradas y dos de plata<\/strong>. En el segundo lugar se encuentra Paraguay, con dos preseas de oro y tres de bronce. Y, en el tercer lugar, se encuentra la Selecci\u00f3n con una de oro, dos de plata y cinco de bronce.<\/p>\n<div class=\"sp__SM\">\n<div class=\"content-new \"> <span class=\"tit-mobile\">Mir\u00e1 tambi\u00e9n<\/span> <\/p>\n<div class=\"mg\">\n<div class=\"wrap-figure\"> <picture> <a href=\"https:\/\/www.ole.com.ar\/seleccion\/seleccion-sub-20-mascherano-alcudia_0_pHbInIF47r.html\" target=\"_self\" rel=\"noopener noreferrer\"> <img class=\"img-responsive\" alt=\"Los convocados de Mascherano en la Sub 20\" src=\"http:\/\/hoycordobaweb.com\/wp-content\/uploads\/2022\/07\/diego-placente-dio-la-lista-de-convocados-para-la-sub-15-6.jpg\" loading=\"lazy\"> <\/a> <\/picture> <\/div><\/div><\/div>\n<\/div>\n<div class=\"entry-tags\">\n<h2>TEMAS QUE APARECEN EN ESTA NOTA<\/h2>\n<\/p><\/div>\n","protected":false},"excerpt":{"rendered":"<p>Diego Placente, actual entrenador de la Selecci\u00f3n Argentina Sub 15, ya present\u00f3 su primera lista de convocados de la temporada, con la mente puesta en un objetivo en concreto: el Sudamericano de 2023. La nueva lista dada por el t\u00e9cnico de 45 a\u00f1os cuenta con 26 jugadores, de los cuales dos se encuentran militando en [&hellip;]<\/p>\n","protected":false},"author":1,"featured_media":45794,"comment_status":"open","ping_status":"closed","sticky":false,"template":"","format":"standard","meta":[],"categories":[16],"tags":[],"_links":{"self":[{"href":"http:\/\/hoycordobaweb.com\/index.php\/wp-json\/wp\/v2\/posts\/45793"}],"collection":[{"href":"http:\/\/hoycordobaweb.com\/index.php\/wp-json\/wp\/v2\/posts"}],"about":[{"href":"http:\/\/hoycordobaweb.com\/index.php\/wp-json\/wp\/v2\/types\/post"}],"author":[{"embeddable":true,"href":"http:\/\/hoycordobaweb.com\/index.php\/wp-json\/wp\/v2\/users\/1"}],"replies":[{"embeddable":true,"href":"http:\/\/hoycordobaweb.com\/index.php\/wp-json\/wp\/v2\/comments?post=45793"}],"version-history":[{"count":0,"href":"http:\/\/hoycordobaweb.com\/index.php\/wp-json\/wp\/v2\/posts\/45793\/revisions"}],"wp:featuredmedia":[{"embeddable":true,"href":"http:\/\/hoycordobaweb.com\/index.php\/wp-json\/wp\/v2\/media\/45794"}],"wp:attachment":[{"href":"http:\/\/hoycordobaweb.com\/index.php\/wp-json\/wp\/v2\/media?parent=45793"}],"wp:term":[{"taxonomy":"category","embeddable":true,"href":"http:\/\/hoycordobaweb.com\/index.php\/wp-json\/wp\/v2\/categories?post=45793"},{"taxonomy":"post_tag","embeddable":true,"href":"http:\/\/hoycordobaweb.com\/index.php\/wp-json\/wp\/v2\/tags?post=45793"}],"curies":[{"name":"wp","href":"https:\/\/api.w.org\/{rel}","templated":true}]}}