{"id":45789,"date":"2022-07-25T18:15:32","date_gmt":"2022-07-25T18:15:32","guid":{"rendered":"https:\/\/www.ole.com.ar\/futbol-internacional\/espana\/valentin-castellanos-cedido-girona-fc_0_eCm7fkWucj.html"},"modified":"2022-07-25T18:15:32","modified_gmt":"2022-07-25T18:15:32","slug":"girona-anuncio-a-taty-castellanos-como-su-nuevo-refuerzo","status":"publish","type":"post","link":"http:\/\/hoycordobaweb.com\/index.php\/2022\/07\/25\/girona-anuncio-a-taty-castellanos-como-su-nuevo-refuerzo\/","title":{"rendered":"Girona anunci\u00f3 a Taty Castellanos como su nuevo refuerzo"},"content":{"rendered":"<p><img src=\"http:\/\/hoycordobaweb.com\/wp-content\/uploads\/2022\/07\/girona-anuncio-a-taty-castellanos-como-su-nuevo-refuerzo.jpg\"><\/p>\n<p><strong>Refuerzo de lujo para Girona<\/strong>: adquiri\u00f3 a<a alt=\"valentin-castellanos\" class=\"slug\" href=\"https:\/\/www.ole.com.ar\/tema\/valentin-castellanos.html\" target=\"_blank\" title=\"valentin-castellanos\" rel=\"noopener noreferrer\"> <strong>Valent\u00edn Castellanos,<\/strong><\/a>&nbsp;a trav\u00e9s de un pr\u00e9stamo que mantendr\u00e1 al argentino en el club hasta junio de 2023. En una gran temporada en la que ven\u00eda siendo el goleador de la <strong><a alt=\"major-league-soccer\" class=\"slug\" href=\"https:\/\/www.ole.com.ar\/tema\/major-league-soccer.html\" target=\"_blank\" title=\"major-league-soccer\" rel=\"noopener noreferrer\">MLS<\/a><\/strong>con 13 goles y dos asistencias, Taty dejar\u00e1 <strong><a alt=\"new-york-city-fc\" class=\"slug\" href=\"https:\/\/www.ole.com.ar\/tema\/new-york-city-fc.html\" target=\"_blank\" title=\"new-york-city-fc\" rel=\"noopener noreferrer\">New York City<\/a><\/strong>&nbsp;para jugar en<strong> <a alt=\"la-liga-de-espana\" class=\"slug\" href=\"https:\/\/www.ole.com.ar\/tema\/la-liga-de-espana.html\" target=\"_blank\" title=\"la-liga-de-espana\" rel=\"noopener noreferrer\">La Liga de Espa\u00f1a<\/a><\/strong>, a la que su nuevo equipo recientemente ascendi\u00f3 luego de ganar los playoffs de la segunda divisi\u00f3n.<\/p>\n<p>El conjunto catal\u00e1n espera mucho del mendocino, que lleg\u00f3 a la MLS en 2018 y, desde ese momento,&nbsp;se impuso como uno de los mejores jugadores de la competencia. En total, el delantero de 23 a\u00f1os&nbsp;marc\u00f3 53 goles y meti\u00f3 19 asistencias en 116 partidos disputados.<strong>&nbsp;Adem\u00e1s,&nbsp;conquist\u00f3&nbsp;la Copa MLS y la Bota de Oro en 2021, premio que&nbsp;gan\u00f3 tras haber mandado la pelota al fondo de la red en 23 ocasiones en un total de&nbsp;36 encuentros.<\/strong><\/p>\n<div class=\"sp__SM\">\n<div class=\"content-new \"> <span class=\"tit-mobile\">Mir\u00e1 tambi\u00e9n<\/span> <\/p>\n<div class=\"mg\">\n<div class=\"wrap-figure\"> <picture> <a href=\"https:\/\/www.ole.com.ar\/futbol-internacional\/conte-nagelsmann-irrespetuoso_0_sM7YnfKY76.html\" target=\"_self\" rel=\"noopener noreferrer\"> <img class=\"img-responsive\" alt=\"Conte sobre Nagelsmann: &quot;Es un poco irrespetuoso&quot;\" src=\"http:\/\/hoycordobaweb.com\/wp-content\/uploads\/2022\/07\/girona-anuncio-a-taty-castellanos-como-su-nuevo-refuerzo-2.jpg\" loading=\"lazy\"> <\/a> <\/picture> <\/div><\/div><\/div>\n<\/div>\n<p>\u200b\u201c<strong>Si bien es dif\u00edcil dejar este club, creo firmemente que este es el momento adecuado para mudarme a Europa<\/strong>, lo que siempre ha sido un sue\u00f1o personal para m\u00ed\u201d, comunic\u00f3 Castellanos. \u201cMe siento confiado y listo para un nuevo desaf\u00edo. Me gustar\u00eda agradecer a New York City y Girona&nbsp;por darme esta oportunidad y por encontrar una manera de continuar mi viaje y probarme a m\u00ed mismo\u201d, a\u00f1adi\u00f3.<\/p>\n<h2><strong>New York City FC, agradecido con lo hecho por Castellanos<\/strong><\/h2>\n<p>El club de la MLS poste\u00f3 un video en sus redes sociales para recordar el paso del delantero por el club y es por eso que incluy\u00f3 im\u00e1genes del argentino cuando arrib\u00f3 al club en 2018 y luego otras m\u00e1s actuales&nbsp;en las que se busc\u00f3 recordar&nbsp;sus mejores momentos en esta etapa que lleg\u00f3 a su final. A pesar de eso, el delantero <strong>asegur\u00f3 que sin duda en alg\u00fan momento le gustar\u00eda volver.\u200b<\/strong><\/p>\n<div class=\"sp__SM\">\n<div class=\"content-new \"> <span class=\"tit-mobile\">Mir\u00e1 tambi\u00e9n<\/span> <\/p>\n<div class=\"mg\">\n<div class=\"wrap-figure\"> <picture> <a href=\"https:\/\/www.ole.com.ar\/futbol-internacional\/espana\/eduardo-coudet-celta-vigo_0_Z5hS8NscMQ.html\" target=\"_self\" rel=\"noopener noreferrer\"> <img class=\"img-responsive\" alt=\"Coudet se ir\u00eda del Celta si no llegan refuerzos\" src=\"http:\/\/hoycordobaweb.com\/wp-content\/uploads\/2022\/07\/girona-anuncio-a-taty-castellanos-como-su-nuevo-refuerzo-3.jpg\" loading=\"lazy\"> <\/a> <\/picture> <\/div><\/div><\/div>\n<\/div>\n<p>Adem\u00e1s, <strong>David Lee, el director deportivo del club neoyorquino<\/strong>, se mostr\u00f3 muy contento por lo que signific\u00f3 tener a Castellanos en su equipo.&nbsp;\u00ab<strong>Me gustar\u00eda agradecerle a Taty por la incre\u00edble contribuci\u00f3n que ha hecho al club desde que se uni\u00f3 a nosotros en 2018.<\/strong>&nbsp;Su \u00e9tica de trabajo y compromiso han sido insuperables y ha sido un placer verlo mejorar continuamente su juego y convertirse en un jugador tan importante para nuestro equipo y uno de los mejores jugadores de la liga. <strong>Desde ganar la Bota de Oro la temporada pasada y liderando la l\u00ednea cuando ganamos nuestra primera Copa MLS, ha escrito su nombre en los libros de historia de NYCFC<\/strong>\u00ab, asegur\u00f3&nbsp;Lee.<\/p>\n<div class=\"sp__Normal\">\n<div class=\"image-embeb image-trigger\" readability=\"6.5\"> <picture><source media=\"(min-width: 720px)\" srcset=\"http:\/\/hoycordobaweb.com\/wp-content\/uploads\/2022\/07\/girona-anuncio-a-taty-castellanos-como-su-nuevo-refuerzo-4.jpg\"><img itemprop=\"image\" src=\"http:\/\/hoycordobaweb.com\/wp-content\/uploads\/2022\/07\/girona-anuncio-a-taty-castellanos-como-su-nuevo-refuerzo-4.jpg\" loading=\"lazy\" alt=\"Valentin Castellanos fue despedido por sus hinchas en el \u00faltimo partido del New York City. (Brad Penner-USA TODAY Sports)\"> <\/picture><figcaption readability=\"3\">\n<p>Valentin Castellanos fue despedido por sus hinchas en el \u00faltimo partido del New York City. (Brad Penner-USA TODAY Sports) <\/p>\n<\/figcaption><\/div>\n<\/div>\n<div class=\"sp__SM\">\n<div class=\"content-new \"> <span class=\"tit-mobile\">Mir\u00e1 tambi\u00e9n<\/span> <\/p>\n<div class=\"mg\">\n<div class=\"wrap-figure\"> <picture> <a href=\"https:\/\/www.ole.com.ar\/futbol-internacional\/america\/jonathan-calleri-renovo-contrato-san-pablo-brasileirao_0_Epur1sETsx.html\" target=\"_self\" rel=\"noopener noreferrer\"> <img class=\"img-responsive\" alt=\"Calleri renov\u00f3 su v\u00ednculo con Sao Paulo: &quot;En casa hasta 2025&quot;\" src=\"http:\/\/hoycordobaweb.com\/wp-content\/uploads\/2022\/07\/girona-anuncio-a-taty-castellanos-como-su-nuevo-refuerzo-5.jpg\" loading=\"lazy\"> <\/a> <\/picture> <\/div><\/div><\/div>\n<\/div>\n<h2><strong>Castellanos y su paso por clubes del City Group<\/strong><\/h2>\n<p><strong>Taty desde que comenz\u00f3 su carrera fue parte de conjuntos Citizens<\/strong>, ya que cuando se estren\u00f3 profesionalmente en la Universidad de Chile, fue prestado a&nbsp;<strong><a alt=\"montevideo-city-torque\" class=\"slug\" href=\"https:\/\/www.ole.com.ar\/tema\/montevideo-city-torque.html\" target=\"_blank\" title=\"montevideo-city-torque\" rel=\"noopener noreferrer\">Montevideo City Torque<\/a><\/strong>, del City Group, en el que estuvo un tiempo hasta que fue traspasado a&nbsp;New York City. Ahora, se vendr\u00e1 una nueva etapa en Girona, <strong>el equipo espa\u00f1ol que le pertenece a este grupo&nbsp;desde agosto de 2017<\/strong>.<\/p>\n<p><strong>El caso del delantero de 23 a\u00f1os&nbsp;no es el primero que ocurre y<\/strong>&nbsp;ya son varios los jugadores que pasaron de uno&nbsp;de estos&nbsp;clubes a otro sin trabas. De hecho,&nbsp;la idea es que los futbolistas puedan probarse en otro nivel o que sumen minutos.<\/p>\n<div class=\"entry-tags\">\n<h2>TEMAS QUE APARECEN EN ESTA NOTA<\/h2>\n<\/p><\/div>\n","protected":false},"excerpt":{"rendered":"<p>Refuerzo de lujo para Girona: adquiri\u00f3 a Valent\u00edn Castellanos,&nbsp;a trav\u00e9s de un pr\u00e9stamo que mantendr\u00e1 al argentino en el club hasta junio de 2023. En una gran temporada en la que ven\u00eda siendo el goleador de la MLScon 13 goles y dos asistencias, Taty dejar\u00e1 New York City&nbsp;para jugar en La Liga de Espa\u00f1a, a [&hellip;]<\/p>\n","protected":false},"author":1,"featured_media":45790,"comment_status":"open","ping_status":"closed","sticky":false,"template":"","format":"standard","meta":[],"categories":[16],"tags":[],"_links":{"self":[{"href":"http:\/\/hoycordobaweb.com\/index.php\/wp-json\/wp\/v2\/posts\/45789"}],"collection":[{"href":"http:\/\/hoycordobaweb.com\/index.php\/wp-json\/wp\/v2\/posts"}],"about":[{"href":"http:\/\/hoycordobaweb.com\/index.php\/wp-json\/wp\/v2\/types\/post"}],"author":[{"embeddable":true,"href":"http:\/\/hoycordobaweb.com\/index.php\/wp-json\/wp\/v2\/users\/1"}],"replies":[{"embeddable":true,"href":"http:\/\/hoycordobaweb.com\/index.php\/wp-json\/wp\/v2\/comments?post=45789"}],"version-history":[{"count":0,"href":"http:\/\/hoycordobaweb.com\/index.php\/wp-json\/wp\/v2\/posts\/45789\/revisions"}],"wp:featuredmedia":[{"embeddable":true,"href":"http:\/\/hoycordobaweb.com\/index.php\/wp-json\/wp\/v2\/media\/45790"}],"wp:attachment":[{"href":"http:\/\/hoycordobaweb.com\/index.php\/wp-json\/wp\/v2\/media?parent=45789"}],"wp:term":[{"taxonomy":"category","embeddable":true,"href":"http:\/\/hoycordobaweb.com\/index.php\/wp-json\/wp\/v2\/categories?post=45789"},{"taxonomy":"post_tag","embeddable":true,"href":"http:\/\/hoycordobaweb.com\/index.php\/wp-json\/wp\/v2\/tags?post=45789"}],"curies":[{"name":"wp","href":"https:\/\/api.w.org\/{rel}","templated":true}]}}