{"id":45787,"date":"2022-07-25T18:20:45","date_gmt":"2022-07-25T18:20:45","guid":{"rendered":"https:\/\/www.ole.com.ar\/futbol-internacional\/america\/dani-alves-debut-pumas-unam-liga-mx-fecha-5-vs-mazatlan_0_IMG227433s.html"},"modified":"2022-07-25T18:20:45","modified_gmt":"2022-07-25T18:20:45","slug":"el-debut-de-dani-alves-con-pumas-ya-tiene-fecha","status":"publish","type":"post","link":"http:\/\/hoycordobaweb.com\/index.php\/2022\/07\/25\/el-debut-de-dani-alves-con-pumas-ya-tiene-fecha\/","title":{"rendered":"El debut de Dani Alves con Pumas ya tiene fecha"},"content":{"rendered":"<p><img src=\"http:\/\/hoycordobaweb.com\/wp-content\/uploads\/2022\/07\/el-debut-de-dani-alves-con-pumas-ya-tiene-fecha.jpg\"><\/p>\n<p>Oficialmente, <a data-cke-saved-href=\"https:\/\/www.ole.com.ar\/futbol-internacional\/america\/dani-alves-refuerzo-pumas-unam-mexico_0_AxnC1EKAFI.html\" target=\"_blank\" href=\"https:\/\/www.ole.com.ar\/futbol-internacional\/america\/dani-alves-refuerzo-pumas-unam-mexico_0_AxnC1EKAFI.html\" rel=\"noopener noreferrer\"><strong>Dani Alves ya es jugador de Pumas de M\u00e9xico<\/strong><\/a>. Tras su \u00faltimo paso por Barcelona, el hist\u00f3rico lateral brasile\u00f1o de 39 a\u00f1os se mud\u00f3 a tierras aztecas para sumarse a la citada instituci\u00f3n, donde actualmente hay cinco argentinos: Toto Salvio, Gustavo Del Prete, Juan Dinenno, Nicol\u00e1s Freire y el DT Andr\u00e9s Lillini. Este s\u00e1bado pas\u00f3 los ex\u00e1menes cl\u00ednicos, conoci\u00f3 a sus nuevos compa\u00f1eros y firm\u00f3 contrato.<\/p>\n<p>Por estas horas, los Universitarios viven una verdadera revoluci\u00f3n. Claro, se trata del arribo de un jugador estelar, de suma jerarqu\u00eda. <a data-cke-saved-href=\"https:\/\/www.ole.com.ar\/futbol-internacional\/dani-alves-pumas-mexico-llegada-salvio_0_94wLQmRbgG.html\" target=\"_blank\" href=\"https:\/\/www.ole.com.ar\/futbol-internacional\/dani-alves-pumas-mexico-llegada-salvio_0_94wLQmRbgG.html\" rel=\"noopener noreferrer\"><strong>Dani Alves se puso la pilcha de entrenamiento de la instituci\u00f3n, recorri\u00f3 las instalaciones acompa\u00f1ado por los directivos y, de paso, conoci\u00f3 a sus nuevos compa\u00f1eros<\/strong><\/a>.<\/p>\n<div class=\"sp__Normal\">\n<div class=\"image-embeb image-trigger\" readability=\"6\"> <picture><source media=\"(min-width: 720px)\" srcset=\"http:\/\/hoycordobaweb.com\/wp-content\/uploads\/2022\/07\/el-debut-de-dani-alves-con-pumas-ya-tiene-fecha-2.jpg\"><img itemprop=\"image\" src=\"http:\/\/hoycordobaweb.com\/wp-content\/uploads\/2022\/07\/el-debut-de-dani-alves-con-pumas-ya-tiene-fecha-2.jpg\" loading=\"lazy\" alt=\"El abrazo de Salvio con Dani Alves en los Pumas de Mexico\"> <\/picture><figcaption readability=\"2\">\n<p>El abrazo de Salvio con Dani Alves en los Pumas de Mexico <\/p>\n<\/figcaption><\/div>\n<\/div>\n<p><a data-cke-saved-href=\"https:\/\/www.ole.com.ar\/futbol-internacional\/dani-alves-llegada-pumas_0_8VW6SdtI4n.html\" target=\"_blank\" href=\"https:\/\/www.ole.com.ar\/futbol-internacional\/dani-alves-llegada-pumas_0_8VW6SdtI4n.html\" rel=\"noopener noreferrer\"><strong>Se espera que Dani Alves sea presentado ante los hinchas el pr\u00f3ximo mi\u00e9rcoles<\/strong><\/a>, cuando Pumas UNAM reciba a Mazatl\u00e1n por la fecha 5 del Apertura 2022 de la Liga MX.&nbsp;El entrenador argentino confirm\u00f3 que el brasile\u00f1o&nbsp;podr\u00eda hacer su debut en el pr\u00f3ximo partido: \u00abVeremos, ma\u00f1ana (lunes) hace sus tr\u00e1mites migratorios, y el martes ver\u00e9 como est\u00e1. <strong>Si est\u00e1 bien, estar\u00e1 dentro de los 21 para Mazatl\u00e1n<\/strong>\u00ab, explic\u00f3 Andr\u00e9s Lillini.<\/p>\n<p>Por otro lado, Andres Lillini se mostr\u00f3 encantado con la llegada de Dani Alves: \u00ab<strong>Voy a aprender m\u00e1s cosas yo que cualquier otro<\/strong>. Voy a tener delante a uno de los jugadores m\u00e1s importantes que tuvo el futbol. Jug\u00f3 en el mejor equipo que hemos visto en los \u00faltimos tiempos. Voy a ser yo el del aprendizaje. Lo que puedo dar es entrenarlo bien, hacerlo sentir un jugador m\u00e1s, sin privilegios\u00bb.<\/p>\n<p> Adem\u00e1s, revel\u00f3&nbsp;detalles sobre c\u00f3mo fue su primer acercamiento con Dani Alves: \u00ab<strong>Cuanto m\u00e1s grande, m\u00e1s humildes son. Se puso a disposici\u00f3n<\/strong>. Al final el que toma la decisi\u00f3n soy yo, pero es un jugador que por s\u00ed s\u00f3lo, f\u00edsicamente est\u00e1 bien, quiere jugar lo antes posible. Veremos la mejor forma. Me sent\u00e9 con \u00e9l, \u00e9l quiere ser uno m\u00e1s. Quienes tenemos que aprovecharlo somos nosotros\u00bb.<\/p>\n<div class=\"sp__Normal\">\n<div class=\"image-embeb image-trigger\" readability=\"7\"> <picture><source media=\"(min-width: 720px)\" srcset=\"http:\/\/hoycordobaweb.com\/wp-content\/uploads\/2022\/07\/el-debut-de-dani-alves-con-pumas-ya-tiene-fecha-3.jpg\"><img itemprop=\"image\" src=\"http:\/\/hoycordobaweb.com\/wp-content\/uploads\/2022\/07\/el-debut-de-dani-alves-con-pumas-ya-tiene-fecha-3.jpg\" loading=\"lazy\" alt=\"Leopoldo Silva, el presidente de Pumas UNAM, en la presentaci\u00f3n de Dani Alves (Foto: AP).\"> <\/picture><figcaption readability=\"4\">\n<p>Leopoldo Silva, el presidente de Pumas UNAM, en la presentaci\u00f3n de Dani Alves (Foto: AP). <\/p>\n<\/figcaption><\/div>\n<\/div>\n<div class=\"sp__Normal\">\n<div class=\"image-embeb image-trigger\" readability=\"6\"> <picture><source media=\"(min-width: 720px)\" srcset=\"http:\/\/hoycordobaweb.com\/wp-content\/uploads\/2022\/07\/el-debut-de-dani-alves-con-pumas-ya-tiene-fecha-4.jpg\"><img itemprop=\"image\" src=\"http:\/\/hoycordobaweb.com\/wp-content\/uploads\/2022\/07\/el-debut-de-dani-alves-con-pumas-ya-tiene-fecha-4.jpg\" loading=\"lazy\" alt=\"Dani Alves demostrando su habilidad durante su presentaci\u00f3n (Foto: AP).\"> <\/picture><figcaption readability=\"2\">\n<p>Dani Alves demostrando su habilidad durante su presentaci\u00f3n (Foto: AP). <\/p>\n<\/figcaption><\/div>\n<\/div>\n<div class=\"sp__Normal\">\n<div class=\"image-embeb image-trigger\" readability=\"6\"> <picture><source media=\"(min-width: 720px)\" srcset=\"http:\/\/hoycordobaweb.com\/wp-content\/uploads\/2022\/07\/el-debut-de-dani-alves-con-pumas-ya-tiene-fecha-5.jpg\"><img itemprop=\"image\" src=\"http:\/\/hoycordobaweb.com\/wp-content\/uploads\/2022\/07\/el-debut-de-dani-alves-con-pumas-ya-tiene-fecha-5.jpg\" loading=\"lazy\" alt=\"El brasile\u00f1o Dani Alves durante su presentaci\u00f3n en Pumas UNAM (Foto: EFE).\"> <\/picture><figcaption readability=\"2\">\n<p>El brasile\u00f1o Dani Alves durante su presentaci\u00f3n en Pumas UNAM (Foto: EFE). <\/p>\n<\/figcaption><\/div>\n<\/div>\n<div class=\"sp__SM\">\n<div class=\"content-new \"> <span class=\"tit-mobile\">Mir\u00e1 tambi\u00e9n<\/span> <\/p>\n<div class=\"mg\">\n<div class=\"wrap-figure\"> <picture> <a href=\"https:\/\/www.ole.com.ar\/futbol-internacional\/america\/jonathan-calleri-renovo-contrato-san-pablo-brasileirao_0_Epur1sETsx.html\" target=\"_self\" rel=\"noopener noreferrer\"> <img class=\"img-responsive\" alt=\"Calleri renov\u00f3 su v\u00ednculo con Sao Paulo: &quot;En casa hasta 2025&quot;\" src=\"http:\/\/hoycordobaweb.com\/wp-content\/uploads\/2022\/07\/el-debut-de-dani-alves-con-pumas-ya-tiene-fecha-6.jpg\" loading=\"lazy\"> <\/a> <\/picture> <\/div><\/div><\/div>\n<\/div>\n<h2><strong>Qu\u00e9 dijo Dani Alves tras su llegada a Pumas<\/strong><\/h2>\n<p>Tras las idas y vueltas, Dani Alves fich\u00f3 con Pumas \u200by competir\u00e1 en la Liga de M\u00e9xico. A sus 39 a\u00f1os tiene nuevo club y al llegar a las instalaciones del equipo, brind\u00f3 una entrevista en la que cont\u00f3 por qu\u00e9, entre tantas ofertas, decidi\u00f3 quedarse con los de la UNAM.<\/p>\n<p>\u00abLo que me atrajo de Pumas es mucho m\u00e1s que futbol, es lo que intento buscar. Yo creo que la gente se ilusiona mucho m\u00e1s con la fama de la gente y crea una distancia que no existe, pero somos seres humanos que luchamos por lo mismo; al final de cuentas ser humano no es m\u00e1s importante por cu\u00e1ntas veces salga en la tele\u00bb, comenz\u00f3.<\/p>\n<p>Adem\u00e1s, agreg\u00f3:&nbsp;\u00abSiempre me gusta ir donde haya cosas m\u00e1s importantes. Venir ac\u00e1 es mucho m\u00e1s que futbol, es una Universidad donde dan derechos iguales a todos, une a la sociedad, forma jugadores, personas y eso me apasiona, me vuelve loco, porque es una de las cosas que m\u00e1s practico, de las que me tiene m\u00e1s preocupado\u00bb.\u200b<\/p>\n<p>\u00abTengo una relaci\u00f3n desde chiquito con M\u00e9xico, siempre me mov\u00eda este pa\u00eds, esta ciudad, esta gente. El Chavo, el Chapul\u00edn y la Chilindrina marcaron mi infancia, por eso viene mi pasi\u00f3n por esta cultura. Soy una persona que constantemente se est\u00e1 desafiando, soy una persona que est\u00e1 buscando cosas grandes en lugares diferentes. Al final se abri\u00f3 la posibilidad de venir a M\u00e9xico y ac\u00e1 estamos\u00bb, concluy\u00f3.<\/p>\n<div class=\"sp__Normal\">\n<div class=\"image-embeb image-trigger\" readability=\"6\"> <picture><source media=\"(min-width: 720px)\" srcset=\"http:\/\/hoycordobaweb.com\/wp-content\/uploads\/2022\/07\/el-debut-de-dani-alves-con-pumas-ya-tiene-fecha-7.jpg\"><img itemprop=\"image\" src=\"http:\/\/hoycordobaweb.com\/wp-content\/uploads\/2022\/07\/el-debut-de-dani-alves-con-pumas-ya-tiene-fecha-7.jpg\" loading=\"lazy\" alt=\"Los hinchas de Pumas UNAM celebrando la incorporaci\u00f3n de Dani Alves (Foto: EFE).\"> <\/picture><figcaption readability=\"2\">\n<p>Los hinchas de Pumas UNAM celebrando la incorporaci\u00f3n de Dani Alves (Foto: EFE). <\/p>\n<\/figcaption><\/div>\n<\/div>\n<div class=\"sp__SM\">\n<div class=\"content-new \"> <span class=\"tit-mobile\">Mir\u00e1 tambi\u00e9n<\/span> <\/p>\n<div class=\"mg\">\n<div class=\"wrap-figure\"> <picture> <a href=\"https:\/\/www.ole.com.ar\/futbol-internacional\/italia\/cesc-fabregas-serie-b-italia-contrato-temporadas_0_IVLTsAl2JQ.html\" target=\"_self\" rel=\"noopener noreferrer\"> <img class=\"img-responsive\" alt=\"El campe\u00f3n del mundo que terminar\u00e1 su carrera en la segunda de Italia\" src=\"http:\/\/hoycordobaweb.com\/wp-content\/uploads\/2022\/07\/el-debut-de-dani-alves-con-pumas-ya-tiene-fecha-8.jpg\" loading=\"lazy\"> <\/a> <\/picture> <\/div><\/div><\/div>\n<\/div>\n<h2><strong>La abultada cifra que Dani Alves podr\u00eda ganar en&nbsp;Pumas<\/strong><\/h2>\n<p>Seg\u00fan inform\u00f3 el diario Record, <strong>la idea de Pumas es pagarle la exorbitante cifra de 100 mil d\u00f3lares por cada encuentro que dispute<\/strong>. Si bien a primera vista suena a una locura, Dani Alves podr\u00eda estar disputando entre nueve y diez partidos de temporada regular en lo que resta del Apertura 2022. <strong>Si el club alcanza las finales de los playoffs, podr\u00eda percibir un total de hasta 1.7 millones de d\u00f3lares<\/strong>. El objetivo del brasile\u00f1o es agarrar ritmo y mostrarse en una <strong>mejor versi\u00f3n para so\u00f1ar con ser convocado al Mundial de Qatar 2022<\/strong>.<\/p>\n<div class=\"sp__SM\">\n<div class=\"content-new \"> <span class=\"tit-mobile\">Mir\u00e1 tambi\u00e9n<\/span> <\/p>\n<div class=\"mg\">\n<div class=\"wrap-figure\"> <picture> <a href=\"https:\/\/www.ole.com.ar\/ecuador\/internacional\/neymar-messi-psg-gamba-osaka-gira-japon_0_qDgWXhra8x.html\" target=\"_self\" rel=\"noopener noreferrer\"> <img class=\"img-responsive\" alt=\"Con Messi y Neymar encendidos, el PSG se despidi\u00f3 de Jap\u00f3n con otra goleada\" src=\"http:\/\/hoycordobaweb.com\/wp-content\/uploads\/2022\/07\/el-debut-de-dani-alves-con-pumas-ya-tiene-fecha-9.jpg\" loading=\"lazy\"> <\/a> <\/picture> <\/div><\/div><\/div>\n<\/div>\n<div class=\"sp__SM\">\n<div class=\"content-new \"> <span class=\"tit-mobile\">Mir\u00e1 tambi\u00e9n<\/span> <\/p>\n<div class=\"mg\">\n<div class=\"wrap-figure\"> <picture> <a href=\"https:\/\/www.ole.com.ar\/messi\/video-messi-gol-asistencia-psg-gamba-osaka_0_uHLiN6R3rE.html\" target=\"_self\" rel=\"noopener noreferrer\"> <img class=\"img-responsive\" alt=\"Video: el gol, la asistencia y el golazo que no fue de Messi ante el Gamba Osaka\" src=\"http:\/\/hoycordobaweb.com\/wp-content\/uploads\/2022\/07\/el-debut-de-dani-alves-con-pumas-ya-tiene-fecha-10.jpg\" loading=\"lazy\"> <\/a> <\/picture> <\/div><\/div><\/div>\n<\/div>\n<div class=\"sp__SM\">\n<div class=\"content-new \"> <span class=\"tit-mobile\">Mir\u00e1 tambi\u00e9n<\/span> <\/p>\n<div class=\"mg\">\n<div class=\"wrap-figure\"> <picture> <a href=\"https:\/\/www.ole.com.ar\/futbol-internacional\/francia\/neymar-simulacion-penal-psg-vs-gamba-osaka-partido-amistoso-japon_0_tQg3nVPbsn.html\" target=\"_self\" rel=\"noopener noreferrer\"> <img class=\"img-responsive\" alt=\"Video viral: la simulaci\u00f3n de Neymar que termin\u00f3 en penal para el PSG\" src=\"http:\/\/hoycordobaweb.com\/wp-content\/uploads\/2022\/07\/el-debut-de-dani-alves-con-pumas-ya-tiene-fecha-11.jpg\" loading=\"lazy\"> <\/a> <\/picture> <\/div><\/div><\/div>\n<\/div>\n<div class=\"entry-tags\">\n<h2>TEMAS QUE APARECEN EN ESTA NOTA<\/h2>\n<\/p><\/div>\n","protected":false},"excerpt":{"rendered":"<p>Oficialmente, Dani Alves ya es jugador de Pumas de M\u00e9xico. Tras su \u00faltimo paso por Barcelona, el hist\u00f3rico lateral brasile\u00f1o de 39 a\u00f1os se mud\u00f3 a tierras aztecas para sumarse a la citada instituci\u00f3n, donde actualmente hay cinco argentinos: Toto Salvio, Gustavo Del Prete, Juan Dinenno, Nicol\u00e1s Freire y el DT Andr\u00e9s Lillini. Este s\u00e1bado [&hellip;]<\/p>\n","protected":false},"author":1,"featured_media":45788,"comment_status":"open","ping_status":"closed","sticky":false,"template":"","format":"standard","meta":[],"categories":[16],"tags":[],"_links":{"self":[{"href":"http:\/\/hoycordobaweb.com\/index.php\/wp-json\/wp\/v2\/posts\/45787"}],"collection":[{"href":"http:\/\/hoycordobaweb.com\/index.php\/wp-json\/wp\/v2\/posts"}],"about":[{"href":"http:\/\/hoycordobaweb.com\/index.php\/wp-json\/wp\/v2\/types\/post"}],"author":[{"embeddable":true,"href":"http:\/\/hoycordobaweb.com\/index.php\/wp-json\/wp\/v2\/users\/1"}],"replies":[{"embeddable":true,"href":"http:\/\/hoycordobaweb.com\/index.php\/wp-json\/wp\/v2\/comments?post=45787"}],"version-history":[{"count":0,"href":"http:\/\/hoycordobaweb.com\/index.php\/wp-json\/wp\/v2\/posts\/45787\/revisions"}],"wp:featuredmedia":[{"embeddable":true,"href":"http:\/\/hoycordobaweb.com\/index.php\/wp-json\/wp\/v2\/media\/45788"}],"wp:attachment":[{"href":"http:\/\/hoycordobaweb.com\/index.php\/wp-json\/wp\/v2\/media?parent=45787"}],"wp:term":[{"taxonomy":"category","embeddable":true,"href":"http:\/\/hoycordobaweb.com\/index.php\/wp-json\/wp\/v2\/categories?post=45787"},{"taxonomy":"post_tag","embeddable":true,"href":"http:\/\/hoycordobaweb.com\/index.php\/wp-json\/wp\/v2\/tags?post=45787"}],"curies":[{"name":"wp","href":"https:\/\/api.w.org\/{rel}","templated":true}]}}