{"id":45783,"date":"2022-07-25T17:07:00","date_gmt":"2022-07-25T17:07:00","guid":{"rendered":"http:\/\/hoycordobaweb.com\/index.php\/2022\/07\/25\/orban-aseguro-que-los-hungaros-no-se-mezclaran-con-otras-razas\/"},"modified":"2022-07-25T17:07:00","modified_gmt":"2022-07-25T17:07:00","slug":"orban-aseguro-que-los-hungaros-no-se-mezclaran-con-otras-razas","status":"publish","type":"post","link":"http:\/\/hoycordobaweb.com\/index.php\/2022\/07\/25\/orban-aseguro-que-los-hungaros-no-se-mezclaran-con-otras-razas\/","title":{"rendered":"Orban asegur\u00f3 que los h\u00fangaros no se mezclar\u00e1n \u00abcon otras razas\u00bb"},"content":{"rendered":"<p><img src=\"http:\/\/hoycordobaweb.com\/wp-content\/uploads\/2022\/07\/orban-aseguro-que-los-hungaros-no-se-mezclaran-con-otras-razas.jpg\"><\/p>\n<figure class=\"mb-3\"><img loading=\"lazy\" src=\"http:\/\/hoycordobaweb.com\/wp-content\/uploads\/2022\/07\/orban-aseguro-que-los-hungaros-no-se-mezclaran-con-otras-razas-2.jpg\" width=\"100%\" height=\"100%\" alt=\"Viktor Orban asegur este lunes que los hngaros no quieren ser mestizos\"><figcaption> Viktor Orban asegur\u00f3 este lunes que los h\u00fangaros no quieren ser mestizos <\/figcaption><\/figure>\n<p>El primer ministro ultraconservador de Hungr\u00eda, Viktor Orban, asegur\u00f3 este lunes que los h\u00fangaros no quieren ser mestizos, carg\u00f3 contra la \u00abmezcla de razas\u00bb en Europa y asegur\u00f3 que por el elevado n\u00famero de inmigrantes, fen\u00f3meno por el que culp\u00f3 a \u00abizquierda internacionalista\u00bb, los pa\u00edses de Europa occidental ya \u00abno son naciones\u00bb.<\/p>\n<p>Las pol\u00e9micas declaraciones del mandatario tuvieron lugar en la localidad rumana de Baile Tusnad, durante un acto organizado por la minor\u00eda h\u00fangara de Ruman\u00eda.<\/p>\n<p><strong>\u00abHay pa\u00edses donde se mezclan pueblos no europeos con los europeos, mientras que en Europa Central (solo quedan) los europeos. No somos de razas mixtas y tampoco queremos serlo\u00bb, <\/strong>subray\u00f3 Orban, citado por la agencia de noticias Ansa.<\/p>\n<p>\u00abPara 2050, no habr\u00e1 m\u00e1s naciones en Europa occidental, solo una poblaci\u00f3n cruzada. Aqu\u00ed, en la cuenca de los C\u00e1rpatos, luchamos contra un destino similar\u00bb, insisti\u00f3. <strong>\u00abSi no tenemos un cambio demogr\u00e1fico, nuestra poblaci\u00f3n pronto ser\u00e1 reemplazada por extranjeros\u00bb,<\/strong> advirti\u00f3.<\/p>\n<p>Seg\u00fan el premier, Occidente est\u00e1 en declive y su fuerza motriz se est\u00e1 agotando, mientras \u00abel verdadero Occidente -la Europa cristiana\u00bb- est\u00e1 representado por pol\u00edticos soberanos, como \u00e9l.<\/p>\n<p>En la Transilvania rumana, donde reside una gran comunidad h\u00fangara, <strong>Orb\u00e1n subray\u00f3 la importancia de una \u00abraza h\u00fangara no mezclada\u00bb y asegur\u00f3 que los hungaros \u00abno quieren ser mestizos ni multi\u00e9tnicos mezclados con no europeos\u00bb.<\/strong><\/p>\n<p>Entre numerosos vaticinios, el l\u00edder ultra derechista nacionalista dijo que \u00abllegar\u00e1 el momento en que tendremos que acoger a los cristianos (de Europa occidental), pero eso ser\u00e1 la tarea de nuestros hijos, tendremos que prepararlos\u00bb.<\/p>\n<p>Adem\u00e1s, <strong>acus\u00f3 a Bruselas y al magnate h\u00fangaro estadounidense George Soros, de querer \u00abobligar\u00bb a Hungr\u00eda \u00aba recibir inmigrantes no europeos\u00bb<\/strong>, y reiter\u00f3 su dura pol\u00edtica contra la inmigraci\u00f3n.<\/p>\n<p>Aprovech\u00f3 este foro en el centro de Ruman\u00eda para situar la pugna izquierda-derecha en cuestiones de g\u00e9nero y migraci\u00f3n.<\/p>\n<p>\u00abHay una guerra, una crisis energ\u00e9tica y una inflaci\u00f3n b\u00e9lica, y todo esto dibuja una pantalla ante nuestros ojos.&nbsp; &nbsp;Dibuja una pantalla entre nosotros y el g\u00e9nero y la migraci\u00f3n. De hecho, el futuro gira en torno a estas cuestiones. Esta es la gran batalla hist\u00f3rica que estamos librando: demograf\u00eda, migraci\u00f3n y g\u00e9nero. Esto es precisamente lo que est\u00e1 en juego en la lucha izquierda-derecha\u00bb, enfatiz\u00f3 Orban, citado por el peri\u00f3dico Nepszava.<\/p>\n<p><strong>El historiador Krisztian Ungvary calific\u00f3 las palabras de Orban como \u00abun verdadero discurso nazi\u00bb<\/strong>, mientras el experto en asuntos internacionales Istvan Szent- Ivanyiy dijo que el mandatario \u00abquiere mantener a Hungr\u00eda fuera de la guerra en Ucrania, la migraci\u00f3n, el impuesto m\u00ednimo global y la recesi\u00f3n econ\u00f3mica, pero con estas intervenciones racistas solo puede terminar pronto fuera de la UE\u00bb.<\/p>\n<p><strong>Las palabras de Orban en las que habla de \u00abmezcla de razas\u00bb son peligrosas y desestabilizadoras, <\/strong>a\u00f1adi\u00f3.<\/p>\n<p>\u00abLa vuelta a las f\u00f3rmulas racistas nos retrotrae a tiempos oscuros de la historia de Europa y es sobre las cenizas de estas ideolog\u00edas que naci\u00f3 la Uni\u00f3n Europea. Ha llegado el momento de que el PPE y los aliados italianos de Orban se distancien definitivamente\u00bb, afirm\u00f3 por su parte en una nota la vicepresidenta del Parlamento Europeo, Pina Picierno, al hacerse eco de los dichos de Orban. <\/p>\n","protected":false},"excerpt":{"rendered":"<p>Viktor Orban asegur\u00f3 este lunes que los h\u00fangaros no quieren ser mestizos El primer ministro ultraconservador de Hungr\u00eda, Viktor Orban, asegur\u00f3 este lunes que los h\u00fangaros no quieren ser mestizos, carg\u00f3 contra la \u00abmezcla de razas\u00bb en Europa y asegur\u00f3 que por el elevado n\u00famero de inmigrantes, fen\u00f3meno por el que culp\u00f3 a \u00abizquierda internacionalista\u00bb, [&hellip;]<\/p>\n","protected":false},"author":1,"featured_media":45784,"comment_status":"open","ping_status":"closed","sticky":false,"template":"","format":"standard","meta":[],"categories":[24],"tags":[],"_links":{"self":[{"href":"http:\/\/hoycordobaweb.com\/index.php\/wp-json\/wp\/v2\/posts\/45783"}],"collection":[{"href":"http:\/\/hoycordobaweb.com\/index.php\/wp-json\/wp\/v2\/posts"}],"about":[{"href":"http:\/\/hoycordobaweb.com\/index.php\/wp-json\/wp\/v2\/types\/post"}],"author":[{"embeddable":true,"href":"http:\/\/hoycordobaweb.com\/index.php\/wp-json\/wp\/v2\/users\/1"}],"replies":[{"embeddable":true,"href":"http:\/\/hoycordobaweb.com\/index.php\/wp-json\/wp\/v2\/comments?post=45783"}],"version-history":[{"count":0,"href":"http:\/\/hoycordobaweb.com\/index.php\/wp-json\/wp\/v2\/posts\/45783\/revisions"}],"wp:featuredmedia":[{"embeddable":true,"href":"http:\/\/hoycordobaweb.com\/index.php\/wp-json\/wp\/v2\/media\/45784"}],"wp:attachment":[{"href":"http:\/\/hoycordobaweb.com\/index.php\/wp-json\/wp\/v2\/media?parent=45783"}],"wp:term":[{"taxonomy":"category","embeddable":true,"href":"http:\/\/hoycordobaweb.com\/index.php\/wp-json\/wp\/v2\/categories?post=45783"},{"taxonomy":"post_tag","embeddable":true,"href":"http:\/\/hoycordobaweb.com\/index.php\/wp-json\/wp\/v2\/tags?post=45783"}],"curies":[{"name":"wp","href":"https:\/\/api.w.org\/{rel}","templated":true}]}}