{"id":45718,"date":"2022-07-24T18:26:05","date_gmt":"2022-07-24T18:26:05","guid":{"rendered":"https:\/\/www.ole.com.ar\/san-lorenzo\/insua-equipo-concentrados-talleres_0_6nNqNwcKh2.html"},"modified":"2022-07-24T18:26:05","modified_gmt":"2022-07-24T18:26:05","slug":"insua-cambios-y-sorpresas-entre-los-concentrados","status":"publish","type":"post","link":"http:\/\/hoycordobaweb.com\/index.php\/2022\/07\/24\/insua-cambios-y-sorpresas-entre-los-concentrados\/","title":{"rendered":"Insua, cambios y sorpresas entre los concentrados"},"content":{"rendered":"<p><img src=\"http:\/\/hoycordobaweb.com\/wp-content\/uploads\/2022\/07\/insua-cambios-y-sorpresas-entre-los-concentrados.jpg\"><\/p>\n<p>Luego del sabor amargo que dej\u00f3 el empate ag\u00f3nico de Uni\u00f3n en el partido pasado y en medio del<a href=\"https:\/\/www.ole.com.ar\/san-lorenzo\/fernandez-mercau-insua-concentrado_0_UwuDUiT9ny.html\" target=\"_blank\" rel=\"noopener noreferrer\"><strong> conflicto con Nicol\u00e1s Fern\u00e1ndez Mercau<\/strong><\/a>, <strong><a alt=\"san-lorenzo\" class=\"slug\" href=\"https:\/\/www.ole.com.ar\/tema\/san-lorenzo.html\" target=\"_blank\" title=\"san-lorenzo\" rel=\"noopener noreferrer\">San Lorenzo<\/a><\/strong> enfrentar\u00e1 este <strong>lunes (16.30) <\/strong>a <strong><a alt=\"talleres-de-cordoba\" class=\"slug\" href=\"https:\/\/www.ole.com.ar\/tema\/talleres-de-cordoba.html\" target=\"_blank\" title=\"talleres-de-cordoba\" rel=\"noopener noreferrer\">Talleres<\/a><\/strong>, en el Pedro Bidegain, y <strong><a alt=\"ruben-dario-insua\" class=\"slug\" href=\"https:\/\/www.ole.com.ar\/tema\/ruben-dario-insua.html\" target=\"_blank\" title=\"ruben-dario-insua\" rel=\"noopener noreferrer\">Ruben Dar\u00edo Insua<\/a><\/strong> meti\u00f3 <strong>varias sorpresas <\/strong>en la lista de concentrados; mientras que realizar\u00eda<strong> tres variantes<\/strong> en el 11 inicial.<\/p>\n<p>A diferencia de lo que suele hacer habitualmente, el entrenador azulgrana<strong> habl\u00f3 como hace siempre <\/strong>en la pr\u00e1ctica previa al partido, pero<strong> no confirm\u00f3 el equipo<\/strong>. <strong>\u201cTenemos algunos jugadores tocados, por eso el equipo lo voy a confirmar el mismo d\u00eda de partido\u201d<\/strong>, afirm\u00f3 el Gallego.<\/p>\n<div class=\"sp__Normal\">\n<div class=\"image-embeb image-trigger\" readability=\"6\">\n<picture><source media=\"(min-width: 720px)\" srcset=\"http:\/\/hoycordobaweb.com\/wp-content\/uploads\/2022\/07\/insua-cambios-y-sorpresas-entre-los-concentrados-2.jpg\"><img itemprop=\"image\" src=\"http:\/\/hoycordobaweb.com\/wp-content\/uploads\/2022\/07\/insua-cambios-y-sorpresas-entre-los-concentrados-2.jpg\" loading=\"lazy\" alt=\"El juvenil Tom\u00e1s Silva ir\u00e1 en lugar de Fern\u00e1ndez Mercau.\">\n<\/picture><figcaption readability=\"2\">\n<p>El juvenil Tom\u00e1s Silva ir\u00e1 en lugar de Fern\u00e1ndez Mercau.\n<\/p>\n<\/figcaption><\/div>\n<\/div>\n<p>De todos modos, en la pr\u00e1ctica de este domingo, plant\u00f3 un equipo en cancha que muy probablemente sea el que enfrentar\u00e1 a los cordobeses. All\u00ed se pudo ver<strong> al juvenil Tom\u00e1s Silva en lugar de Mercau<\/strong>, a <strong>Jalil El\u00edas (se recuper\u00f3 de la fractura costal) reemplazando a Agust\u00edn Martegani <\/strong>y sorprendi\u00f3 con <strong>la salida de Gast\u00f3n Campi<\/strong>, refuerzo que lleg\u00f3 y con apenas unas pr\u00e1cticas fue titular dos partidos, para <strong>el ingreso de Gast\u00f3n Hern\u00e1ndez<\/strong>.<\/p>\n<div class=\"sp__SM\">\n<div class=\"content-new \">\n<span class=\"tit-mobile\">Mir\u00e1 tambi\u00e9n<\/span><\/p>\n<div class=\"mg\">\n<div class=\"wrap-figure\">\n<picture>\n<a href=\"https:\/\/www.ole.com.ar\/san-lorenzo\/fernandez-mercau-insua-concentrado_0_UwuDUiT9ny.html\" target=\"_self\" rel=\"noopener noreferrer\"><br \/>\n<img class=\"img-responsive\" alt=\"Sigue la novela de Mercau: lleg\u00f3 tarde, no entren\u00f3 y no concentra\" src=\"http:\/\/hoycordobaweb.com\/wp-content\/uploads\/2022\/07\/insua-cambios-y-sorpresas-entre-los-concentrados-3.jpg\" loading=\"lazy\"><br \/>\n<\/a>\n<\/picture>\n<\/div>\n<\/div><\/div>\n<\/div>\n<p>Pero hay m\u00e1s, porque cuando se dio a conocer la lista de concentrados, tambi\u00e9n hubo <strong>presencias y faltazos que llamaron la atenci\u00f3n<\/strong>, como<strong> la vuelta a la n\u00f3mina de Gonzalo Maroni<\/strong>, quien<strong> a\u00fan no debut\u00f3<\/strong> en el CASLA. \u201cYa <strong>sum\u00f3 cuatro semanas de trabajo con nosotros y los \u00faltimos diez d\u00edas hizo entrenamientos muy buenos<\/strong>\u201d, explic\u00f3 sobre la situaci\u00f3n del ex Boca y Atlas.<\/p>\n<p>Por otra parte, <strong>Diego Calcaterra<\/strong>, el juvenil de 20 a\u00f1os que <strong>lleg\u00f3 tras quedar libre de Newell\u2019s<\/strong>, tendr\u00e1 su primera vez y as\u00ed, <strong>sumado a Maroni, Campi y M\u00e9ndez, el DT tendr\u00e1 a sus cuatro refuerzos <\/strong>(Vombergar llega en estas horas al pa\u00eds) a disposici\u00f3n.<\/p>\n<div class=\"sp__SM\">\n<div class=\"content-new \">\n<span class=\"tit-mobile\">Mir\u00e1 tambi\u00e9n<\/span><\/p>\n<div class=\"mg\">\n<div class=\"wrap-figure\">\n<picture>\n<a href=\"https:\/\/www.ole.com.ar\/futbol-primera\/posiciones-torneo-lpf-fecha-10_0_IGxW9I7wj1.html\" target=\"_self\" rel=\"noopener noreferrer\"><br \/>\n<img class=\"img-responsive\" alt=\"La tabla con Atl\u00e9tico Tucum\u00e1n puntero y c\u00f3mo sigue la fecha\" src=\"http:\/\/hoycordobaweb.com\/wp-content\/uploads\/2022\/07\/insua-cambios-y-sorpresas-entre-los-concentrados-4.jpg\" loading=\"lazy\"><br \/>\n<\/a>\n<\/picture>\n<\/div>\n<\/div><\/div>\n<\/div>\n<p>Adem\u00e1s, habr\u00e1 <strong>una nueva chance para el pibe Eli\u00e1n Irala<\/strong>, de buen presente en Reserva, y esto se debe a que <strong>no cuenta con&nbsp;Siro Rosan\u00e9 <\/strong>(tiene una molestia muscular)&nbsp;y a<strong> una decisi\u00f3n t\u00e1ctica de no convocar a Francisco Perruzzi<\/strong>.<\/p>\n<div class=\"sp__Normal\">\n<div class=\"image-embeb image-trigger\" readability=\"6.5\">\n<picture><source media=\"(min-width: 720px)\" srcset=\"http:\/\/hoycordobaweb.com\/wp-content\/uploads\/2022\/07\/insua-cambios-y-sorpresas-entre-los-concentrados-5.jpg\"><img itemprop=\"image\" src=\"http:\/\/hoycordobaweb.com\/wp-content\/uploads\/2022\/07\/insua-cambios-y-sorpresas-entre-los-concentrados-5.jpg\" loading=\"lazy\" alt=\"Luego de recuperarse de una fractura costal, El\u00edas vuelve al 11. (Foto: Juan Manuel Foglia).\">\n<\/picture><figcaption readability=\"3\">\n<p>Luego de recuperarse de una fractura costal, El\u00edas vuelve al 11. (Foto: Juan Manuel Foglia).\n<\/p>\n<\/figcaption><\/div>\n<\/div>\n<h2><strong>El 11 de Insua ante Talleres<\/strong><\/h2>\n<p>S. Torrico; A. Giay, F. Gattoni, C. Zapata, G. Hern\u00e1ndez, T. Silva; E. Cerutti, J. El\u00edas, J. I. M\u00e9ndez, N. Barrios; A. Bareiro.<\/p>\n<div class=\"sp__SM\">\n<div class=\"content-new \">\n<span class=\"tit-mobile\">Mir\u00e1 tambi\u00e9n<\/span><\/p>\n<div class=\"mg\">\n<div class=\"wrap-figure\">\n<picture>\n<a href=\"https:\/\/www.ole.com.ar\/san-lorenzo\/tinelli-san-lorenzo-renuncia_0_oed3xN57Vx.html\" target=\"_self\" rel=\"noopener noreferrer\"><br \/>\n<img class=\"img-responsive\" alt=\"Tinelli rompi\u00f3 el silencio y habl\u00f3 de su salida de San Lorenzo\" src=\"http:\/\/hoycordobaweb.com\/wp-content\/uploads\/2022\/07\/insua-cambios-y-sorpresas-entre-los-concentrados-6.jpg\" loading=\"lazy\"><br \/>\n<\/a>\n<\/picture>\n<\/div>\n<\/div><\/div>\n<\/div>\n<div class=\"entry-tags\">\n<h2>TEMAS QUE APARECEN EN ESTA NOTA<\/h2>\n<\/p><\/div>\n","protected":false},"excerpt":{"rendered":"<p>Luego del sabor amargo que dej\u00f3 el empate ag\u00f3nico de Uni\u00f3n en el partido pasado y en medio del conflicto con Nicol\u00e1s Fern\u00e1ndez Mercau, San Lorenzo enfrentar\u00e1 este lunes (16.30) a Talleres, en el Pedro Bidegain, y Ruben Dar\u00edo Insua meti\u00f3 varias sorpresas en la lista de concentrados; mientras que realizar\u00eda tres variantes en el [&hellip;]<\/p>\n","protected":false},"author":1,"featured_media":45719,"comment_status":"open","ping_status":"closed","sticky":false,"template":"","format":"standard","meta":[],"categories":[16],"tags":[],"_links":{"self":[{"href":"http:\/\/hoycordobaweb.com\/index.php\/wp-json\/wp\/v2\/posts\/45718"}],"collection":[{"href":"http:\/\/hoycordobaweb.com\/index.php\/wp-json\/wp\/v2\/posts"}],"about":[{"href":"http:\/\/hoycordobaweb.com\/index.php\/wp-json\/wp\/v2\/types\/post"}],"author":[{"embeddable":true,"href":"http:\/\/hoycordobaweb.com\/index.php\/wp-json\/wp\/v2\/users\/1"}],"replies":[{"embeddable":true,"href":"http:\/\/hoycordobaweb.com\/index.php\/wp-json\/wp\/v2\/comments?post=45718"}],"version-history":[{"count":0,"href":"http:\/\/hoycordobaweb.com\/index.php\/wp-json\/wp\/v2\/posts\/45718\/revisions"}],"wp:featuredmedia":[{"embeddable":true,"href":"http:\/\/hoycordobaweb.com\/index.php\/wp-json\/wp\/v2\/media\/45719"}],"wp:attachment":[{"href":"http:\/\/hoycordobaweb.com\/index.php\/wp-json\/wp\/v2\/media?parent=45718"}],"wp:term":[{"taxonomy":"category","embeddable":true,"href":"http:\/\/hoycordobaweb.com\/index.php\/wp-json\/wp\/v2\/categories?post=45718"},{"taxonomy":"post_tag","embeddable":true,"href":"http:\/\/hoycordobaweb.com\/index.php\/wp-json\/wp\/v2\/tags?post=45718"}],"curies":[{"name":"wp","href":"https:\/\/api.w.org\/{rel}","templated":true}]}}