{"id":45716,"date":"2022-07-24T18:42:03","date_gmt":"2022-07-24T18:42:03","guid":{"rendered":"https:\/\/www.ole.com.ar\/futbol-primera\/tecnico-tucuman-pusineri-puntero_0_fUcU9Z7vE5.html"},"modified":"2022-07-24T18:42:03","modified_gmt":"2022-07-24T18:42:03","slug":"pusineri-la-clave-del-decano-puntero-y-un-mensaje-para-el-rojo","status":"publish","type":"post","link":"http:\/\/hoycordobaweb.com\/index.php\/2022\/07\/24\/pusineri-la-clave-del-decano-puntero-y-un-mensaje-para-el-rojo\/","title":{"rendered":"Pusineri: la clave del Decano puntero y un mensaje para el Rojo"},"content":{"rendered":"<p><img src=\"http:\/\/hoycordobaweb.com\/wp-content\/uploads\/2022\/07\/pusineri-la-clave-del-decano-puntero-y-un-mensaje-para-el-rojo.jpg\"><\/p>\n<p>Es el equipo sensaci\u00f3n del torneo. Porque sum\u00f3 su quinto triunfo consecutivo. Porque lleva 13 partidos sin derrotas por la Liga Profesional, con siete victorias y seis empates. Porque lleva nueve sin caer de visitante, con tres triunfos y seis igualdades. Porque con la victoria ante <a alt=\"club-atletico-independiente\" class=\"slug\" href=\"https:\/\/www.ole.com.ar\/tema\/club-atletico-independiente.html\" target=\"_blank\" title=\"club-atletico-independiente\" rel=\"noopener noreferrer\">Independiente<\/a> se afianz\u00f3 en la cima de la tabla de posiciones.<\/p>\n<div class=\"sp__SM\">\n<div class=\"content-new no-img\">\n<span class=\"tit-mobile\">Mir\u00e1 tambi\u00e9n<\/span> <\/div>\n<\/div>\n<p><a alt=\"lucas-pusineri\" class=\"slug\" href=\"https:\/\/www.ole.com.ar\/tema\/lucas-pusineri.html\" target=\"_blank\" title=\"lucas-pusineri\" rel=\"noopener noreferrer\">Lucas Pusineri<\/a>, el padre de la criatura, procur\u00f3 mantener un discurso mesurado y se mantuvo al margen de la efusividad propia del momento que transita su equipo. <strong>\u201cSabemos que tenemos que mantener los pies sobre la tierra, con la humildad que caracteriza a este equipo.<\/strong> Y eso lo tenemos que hacer en todos los \u00e1mbitos, no s\u00f3lo a la hora de declarar, sino tambi\u00e9n en los entrenamientos durante la semana. <strong>Hay que seguir por este camino, por esta senda de tranquilidad y sin mirar m\u00e1s all\u00e1 de que hoy reci\u00e9n se cumpli\u00f3 el 30% del torneo.<\/strong> Los objetivos que nosotros tenemos son claros desde el comienzo\u201d, coment\u00f3 el entrenador de 46 a\u00f1os.<\/p>\n<div class=\"sp__SM\">\n<div class=\"content-new \">\n<span class=\"tit-mobile\">Mir\u00e1 tambi\u00e9n<\/span><\/p>\n<div class=\"mg\">\n<div class=\"wrap-figure\">\n<picture>\n<a href=\"https:\/\/www.ole.com.ar\/independiente\/independiente-platense-hincha-video_0_J4X6Y200FG.html\" target=\"_self\" rel=\"noopener noreferrer\"><br \/>\n<img class=\"img-responsive\" alt=\"Video: un hincha de Independiente fue hasta la cancha de Platense y llor\u00f3 por el presente del club\" src=\"http:\/\/hoycordobaweb.com\/wp-content\/uploads\/2022\/07\/pusineri-la-clave-del-decano-puntero-y-un-mensaje-para-el-rojo-2.jpg\" loading=\"lazy\"><br \/>\n<\/a>\n<\/picture>\n<\/div>\n<\/div><\/div>\n<\/div>\n<div class=\"sp__Normal\">\n<div class=\"image-embeb image-trigger\" readability=\"6.5\">\n<picture><source media=\"(min-width: 720px)\" srcset=\"http:\/\/hoycordobaweb.com\/wp-content\/uploads\/2022\/07\/pusineri-la-clave-del-decano-puntero-y-un-mensaje-para-el-rojo-3.jpg\"><img itemprop=\"image\" src=\"http:\/\/hoycordobaweb.com\/wp-content\/uploads\/2022\/07\/pusineri-la-clave-del-decano-puntero-y-un-mensaje-para-el-rojo-3.jpg\" loading=\"lazy\" alt=\"&quot;Hay que seguir por este camino&quot;, dijo el entrenador del Decano. (Foto: Marcelo Carroll)\">\n<\/picture><figcaption readability=\"3\">\n<p>\u00abHay que seguir por este camino\u00bb, dijo el entrenador del Decano. (Foto: Marcelo Carroll)\n<\/p>\n<\/figcaption><\/div>\n<\/div>\n<p>Pusineri, muy querido por los hinchas del Rojo por su paso como jugador y su recordado y crucial gol de cabeza a Boca (1-1) en el Apertura 2002, tuvo un paso reciente como t\u00e9cnico del club de Avellaneda. Desembarc\u00f3 a fines de 2019 y a principios de 2021 los dirigentes decidieron no renovar su contrato.<\/p>\n<div class=\"sp__SM\">\n<div class=\"content-new \">\n<span class=\"tit-mobile\">Mir\u00e1 tambi\u00e9n<\/span><\/p>\n<div class=\"mg\">\n<div class=\"wrap-figure\">\n<picture>\n<a href=\"https:\/\/www.ole.com.ar\/independiente\/independiente-gol-minuto-tucuman_0_nHrT5dW7yp.html\" target=\"_self\" rel=\"noopener noreferrer\"><br \/>\n<img class=\"img-responsive\" alt=\"Independiente, dormido: le metieron un gol a los 52 segundos\" src=\"http:\/\/hoycordobaweb.com\/wp-content\/uploads\/2022\/07\/pusineri-la-clave-del-decano-puntero-y-un-mensaje-para-el-rojo-4.jpg\" loading=\"lazy\"><br \/>\n<\/a>\n<\/picture>\n<\/div>\n<\/div><\/div>\n<\/div>\n<h2><strong>Un mensaje para los hinchas de Independiente<\/strong><\/h2>\n<p>Antes del encuentro salud\u00f3 a varios jugadores de Independiente y m\u00e1s de uno lo abraz\u00f3 de forma efusiva. Por su pasado, lo que pasa en el Rojo le llega y es por eso que aport\u00f3 su punto de vista: <strong>\u201cCualquier cosa que yo pueda decir de mi querido Independiente va a repercutir. Mi deseo es que al club le vaya bien. <\/strong>No voy a entrar en detalles que generen confusi\u00f3n acerca de lo que yo quiero decir. <strong>Estoy esperanzado en que pueda revertir la situaci\u00f3n y despegar\u201d.<\/strong> \u00bfC\u00f3mo vivi\u00f3 la previa con la postergaci\u00f3n y el cambio de cancha? \u201c<strong>Fue muy dif\u00edcil, nosotros hoy tendr\u00edamos que estar en Tucum\u00e1n. Tenemos que luchar para tener un f\u00fatbol argentino mucho mejor\u201d.<\/strong><\/p>\n<div class=\"sp__SM\">\n<div class=\"content-new \">\n<span class=\"tit-mobile\">Mir\u00e1 tambi\u00e9n<\/span><\/p>\n<div class=\"mg\">\n<div class=\"wrap-figure\">\n<picture>\n<a href=\"https:\/\/www.ole.com.ar\/independiente\/independiente-tucuman-puntajes-equipo_0_DWiCnJcciP.html\" target=\"_self\" rel=\"noopener noreferrer\"><br \/>\n<img class=\"img-responsive\" alt=\"El uno por uno del Rojo ante el Decano\" src=\"http:\/\/hoycordobaweb.com\/wp-content\/uploads\/2022\/07\/pusineri-la-clave-del-decano-puntero-y-un-mensaje-para-el-rojo-5.jpg\" loading=\"lazy\"><br \/>\n<\/a>\n<\/picture>\n<\/div>\n<\/div><\/div>\n<\/div>\n<div class=\"sp__SM\">\n<div class=\"content-new \">\n<span class=\"tit-mobile\">Mir\u00e1 tambi\u00e9n<\/span><\/p>\n<div class=\"mg\">\n<div class=\"wrap-figure\">\n<picture>\n<a href=\"https:\/\/www.ole.com.ar\/independiente\/independiente-elecciones-moyano-doman_0_zJUEAgxSA0.html\" target=\"_self\" rel=\"noopener noreferrer\"><br \/>\n<img class=\"img-responsive\" alt=\"Amenazas, dudas y mucha bronca en el Rojo\" src=\"http:\/\/hoycordobaweb.com\/wp-content\/uploads\/2022\/07\/pusineri-la-clave-del-decano-puntero-y-un-mensaje-para-el-rojo-6.jpg\" loading=\"lazy\"><br \/>\n<\/a>\n<\/picture>\n<\/div>\n<\/div><\/div>\n<\/div>\n<div class=\"entry-tags\">\n<h2>TEMAS QUE APARECEN EN ESTA NOTA<\/h2>\n<\/p><\/div>\n","protected":false},"excerpt":{"rendered":"<p>Es el equipo sensaci\u00f3n del torneo. Porque sum\u00f3 su quinto triunfo consecutivo. Porque lleva 13 partidos sin derrotas por la Liga Profesional, con siete victorias y seis empates. Porque lleva nueve sin caer de visitante, con tres triunfos y seis igualdades. Porque con la victoria ante Independiente se afianz\u00f3 en la cima de la tabla [&hellip;]<\/p>\n","protected":false},"author":1,"featured_media":45717,"comment_status":"open","ping_status":"closed","sticky":false,"template":"","format":"standard","meta":[],"categories":[16],"tags":[],"_links":{"self":[{"href":"http:\/\/hoycordobaweb.com\/index.php\/wp-json\/wp\/v2\/posts\/45716"}],"collection":[{"href":"http:\/\/hoycordobaweb.com\/index.php\/wp-json\/wp\/v2\/posts"}],"about":[{"href":"http:\/\/hoycordobaweb.com\/index.php\/wp-json\/wp\/v2\/types\/post"}],"author":[{"embeddable":true,"href":"http:\/\/hoycordobaweb.com\/index.php\/wp-json\/wp\/v2\/users\/1"}],"replies":[{"embeddable":true,"href":"http:\/\/hoycordobaweb.com\/index.php\/wp-json\/wp\/v2\/comments?post=45716"}],"version-history":[{"count":0,"href":"http:\/\/hoycordobaweb.com\/index.php\/wp-json\/wp\/v2\/posts\/45716\/revisions"}],"wp:featuredmedia":[{"embeddable":true,"href":"http:\/\/hoycordobaweb.com\/index.php\/wp-json\/wp\/v2\/media\/45717"}],"wp:attachment":[{"href":"http:\/\/hoycordobaweb.com\/index.php\/wp-json\/wp\/v2\/media?parent=45716"}],"wp:term":[{"taxonomy":"category","embeddable":true,"href":"http:\/\/hoycordobaweb.com\/index.php\/wp-json\/wp\/v2\/categories?post=45716"},{"taxonomy":"post_tag","embeddable":true,"href":"http:\/\/hoycordobaweb.com\/index.php\/wp-json\/wp\/v2\/tags?post=45716"}],"curies":[{"name":"wp","href":"https:\/\/api.w.org\/{rel}","templated":true}]}}