{"id":45659,"date":"2022-07-23T13:03:39","date_gmt":"2022-07-23T13:03:39","guid":{"rendered":"https:\/\/www.mujerhoy.com\/moda\/no-te-pierdas\/elsa-pataky-look-comodo-punto-naranja-comodo-fresquito-rejuvenecedor-copia-barata-20220723103529-nt.html"},"modified":"2022-07-23T13:03:39","modified_gmt":"2022-07-23T13:03:39","slug":"el-look-comodo-favorito-de-elsa-pataky-en-su-cumpleanos-conjunto-de-top-corto-y-falda-midi-de-punto-comodo-fresquito-y-rejuvenecedor","status":"publish","type":"post","link":"http:\/\/hoycordobaweb.com\/index.php\/2022\/07\/23\/el-look-comodo-favorito-de-elsa-pataky-en-su-cumpleanos-conjunto-de-top-corto-y-falda-midi-de-punto-comodo-fresquito-y-rejuvenecedor\/","title":{"rendered":"El look c\u00f3modo favorito de Elsa Pataky en su cumplea\u00f1os: conjunto de top corto y falda midi de punto c\u00f3modo, fresquito y rejuvenecedor"},"content":{"rendered":"<p><!-- AUTHOR --><!-- COMPONENTS --><\/p>\n<p class=\"voc-paragraph\"><strong>Elsa Pataky<\/strong> lleva muchos a\u00f1os viviendo en Australia y desde entonces la acriz siempre ha apostado por looks c\u00f3modos. No hay verano que no veamos a <a data-voc-vtm-id=\"in-text-traffic\" href=\"https:\/\/www.mujerhoy.com\/moda\/no-te-pierdas\/elsa-pataky-sandalias-planas-comodas-made-in-spain-bonitas-originales-estilizan-hacen-piernas-largas-20220607092530-nt.html\">Elsa disfrutando con sandalias planas c\u00f3modas<\/a> y estilismos de lo m\u00e1s fresquitos y fluidos.\n<\/p>\n<p class=\"voc-paragraph\">En sus \u00faltimas publicaciones en redes, hemos visto a la actriz muy activa con motivo de la celebraci\u00f3n de <strong>su cumplea\u00f1os<\/strong>. El 18 de julio, Elsa Pataky cumpl\u00eda a\u00f1os y lo ha querido celebrar con amigos y familiares. La actriz con m\u00e1s de <strong>5 millones de seguidores<\/strong> quiso ense\u00f1ar en stories una peque\u00f1a parte de la celebraci\u00f3n de su cumplea\u00f1os.\n<\/p>\n<p class=\"voc-paragraph\">D\u00eda en familia, amigos, piscina y para terminar un estupendo d\u00eda de playa. La actriz disfrutaba as\u00ed de una fecha tan especial, aunque sin su marido <strong>el actor Chris Hemsworth<\/strong>, quien no ha podido acompa\u00f1arla a este d\u00eda tan divertido por motivos laborales.\n<\/p>\n<p class=\"voc-paragraph\">Y como era de esperar, en su cumplea\u00f1os la actriz ha sido fiel a su estilo con <strong>un look comod\u00edsimo<\/strong>. Elsa aprovecha este d\u00eda para lucir como siempre tipazo con un bikini negro muy sencillo. En la celebraci\u00f3n, quiso optar mejor por <strong>un total look de punto en naranja. <\/strong><\/p>\n<div class=\"voc-detail-photo-zoom\"><picture data-toggle=\"modal\" data-target=\"#photoZoomModal-197\" target=\"modal\">\n<div class=\"voc-img-icon-link\"><img loading=\"lazy\" data-original=\"\/\/static2.mujerhoy.com\/www\/multimedia\/202207\/23\/media\/cortadas\/elsa-pataky-conjunto-punto-cumpleanos-kfZB--460x637@MujerHoy.jpeg\" class=\"lazy\"><noscript><img src=\"http:\/\/hoycordobaweb.com\/wp-content\/uploads\/2022\/07\/el-look-comodo-favorito-de-elsa-pataky-en-su-cumpleanos-conjunto-de-top-corto-y-falda-midi-de-punto-comodo-fresquito-y-rejuvenecedor.jpg\"><\/noscript><i class=\"voc-icons zoom voc-multimedia-box voc-ico-l\"><\/i><\/div><figcaption class=\"figure-caption\"><\/figcaption><\/picture><\/div>\n<div id=\"photoZoomModal-197\" class=\"voc-lightbox modal fade voc-lightbox--photo-zoom\" role=\"dialog\" data-voc-photozoom-lightbox>\n<div class=\"voc-lightbox__dialog\" role=\"document\">\n<div class=\"voc-lightbox__content\"><!-- Modal header --><!-- Modal content --><\/p>\n<div class=\"voc-lightbox__photo-container\"><picture class><img loading=\"lazy\" data-original=\"\/\/static2.mujerhoy.com\/www\/multimedia\/202207\/23\/media\/cortadas\/elsa-pataky-conjunto-punto-cumpleanos-kfZB--460x637@MujerHoy.jpeg\" class=\"lazy\"><noscript><img src=\"http:\/\/hoycordobaweb.com\/wp-content\/uploads\/2022\/07\/el-look-comodo-favorito-de-elsa-pataky-en-su-cumpleanos-conjunto-de-top-corto-y-falda-midi-de-punto-comodo-fresquito-y-rejuvenecedor.jpg\"><\/noscript><\/picture><\/div>\n<\/div>\n<\/div>\n<\/div>\n<p class=\"voc-paragraph\">Como vemos a trav\u00e9s de sus stories, Elsa luce u<br \/>\n<strong>n top de tirantes finos y una falda midi con abertura lateral a juego.<\/strong> No sabemos de d\u00f3nde son las prendas que luce la actriz ya que no etiqueta la marca en sus stories, y tampoco ha publicado nada en sus redes. <\/p>\n<p class=\"voc-paragraph\">Lo que s\u00ed tenemos claro es que nos parece un look de diez para ir c\u00f3moda y fresquita en verano. <strong>La ventaja de estos conjuntos es que son muy ponibles<\/strong>, sientan de maravilla y son f\u00e1ciles de combinar. Adem\u00e1s, cuando no sabemos muy bien que ponernos nos resuelven totalmente el d\u00eda.\n<\/p>\n<p class=\"voc-paragraph\">Tambi\u00e9n hay que destacar el color del conjunto que ha utilizado Elsa. <a data-voc-vtm-id=\"in-text-traffic\" href=\"https:\/\/www.mujerhoy.com\/moda\/tendencias\/naranja-color-verano-2022-trucos-llevarlo-basicos-sientan-bien-todo-tipo-cuerpos-20220707134024-ga.html\">El naranja es uno de los colores de moda<\/a> de la temporada. Est\u00e1 por todas partes y realmente resulta muy favorecedor. Junto con otras tonalidades, tambi\u00e9n en tendencia, el naranja ayuda a resaltar el bronceado.\n<\/p>\n<p class=\"voc-paragraph\">Conjuntos en naranja hay infinitos, pero este nos encanta si quieres inspirarte en el look c\u00f3modo de Elsa. Se trata de <strong>un total look de Asos en color naranja<\/strong> que todav\u00eda sigue disponible en bastantes tallas. <\/p>\n<div class=\"voc-detail-photo-zoom\"><picture data-toggle=\"modal\" data-target=\"#photoZoomModal-327\" target=\"modal\">\n<div class=\"voc-img-icon-link\"><img loading=\"lazy\" data-original=\"\/\/static1.mujerhoy.com\/www\/multimedia\/202207\/23\/media\/cortadas\/conjunto-punto-canale-naranja-asos-kfZB--460x637@MujerHoy.jpg\" class=\"lazy\"><noscript><img src=\"http:\/\/hoycordobaweb.com\/wp-content\/uploads\/2022\/07\/el-look-comodo-favorito-de-elsa-pataky-en-su-cumpleanos-conjunto-de-top-corto-y-falda-midi-de-punto-comodo-fresquito-y-rejuvenecedor-1.jpg\"><\/noscript><i class=\"voc-icons zoom voc-multimedia-box voc-ico-l\"><\/i><\/div><figcaption class=\"figure-caption\"><\/figcaption><\/picture><\/div>\n<div id=\"photoZoomModal-327\" class=\"voc-lightbox modal fade voc-lightbox--photo-zoom\" role=\"dialog\" data-voc-photozoom-lightbox>\n<div class=\"voc-lightbox__dialog\" role=\"document\">\n<div class=\"voc-lightbox__content\"><!-- Modal header --><!-- Modal content --><\/p>\n<div class=\"voc-lightbox__photo-container\"><picture class><img loading=\"lazy\" data-original=\"\/\/static1.mujerhoy.com\/www\/multimedia\/202207\/23\/media\/cortadas\/conjunto-punto-canale-naranja-asos-kfZB--460x637@MujerHoy.jpg\" class=\"lazy\"><noscript><img src=\"http:\/\/hoycordobaweb.com\/wp-content\/uploads\/2022\/07\/el-look-comodo-favorito-de-elsa-pataky-en-su-cumpleanos-conjunto-de-top-corto-y-falda-midi-de-punto-comodo-fresquito-y-rejuvenecedor-1.jpg\"><\/noscript><\/picture><\/div>\n<\/div>\n<\/div>\n<\/div>\n<p class=\"voc-paragraph\">Hablamos de este conjunto de dos piezas compuesto por top corto naranja sin mangas y falda. El <strong>top corto de Asos (25,20 euros)<\/strong>cuenta con cuello redondo, no tiene mangas, y tiene unas aberturas por la zona de la cintura. Tiene un acabado de punto en canal\u00e9.\n<\/p>\n<p class=\"voc-paragraph\">En cuanto a la falda, es de corte midi. Se trata de <strong>una falda en canal\u00e9 (34,99 euros) y de color naranja<\/strong> con detalle de aberturas en la zona de la cintura. El dise\u00f1o va a juego con el top, pero tambi\u00e9n podemos llevarlo con otro tipo de camisetas o camisas.\n<\/p>\n<p><!-- TOPICS --><\/p>\n","protected":false},"excerpt":{"rendered":"<p>Elsa Pataky lleva muchos a\u00f1os viviendo en Australia y desde entonces la acriz siempre ha apostado por looks c\u00f3modos. No hay verano que no veamos a Elsa disfrutando con sandalias planas c\u00f3modas y estilismos de lo m\u00e1s fresquitos y fluidos. En sus \u00faltimas publicaciones en redes, hemos visto a la actriz muy activa con motivo [&hellip;]<\/p>\n","protected":false},"author":1,"featured_media":45660,"comment_status":"closed","ping_status":"closed","sticky":false,"template":"","format":"standard","meta":[],"categories":[1],"tags":[],"_links":{"self":[{"href":"http:\/\/hoycordobaweb.com\/index.php\/wp-json\/wp\/v2\/posts\/45659"}],"collection":[{"href":"http:\/\/hoycordobaweb.com\/index.php\/wp-json\/wp\/v2\/posts"}],"about":[{"href":"http:\/\/hoycordobaweb.com\/index.php\/wp-json\/wp\/v2\/types\/post"}],"author":[{"embeddable":true,"href":"http:\/\/hoycordobaweb.com\/index.php\/wp-json\/wp\/v2\/users\/1"}],"replies":[{"embeddable":true,"href":"http:\/\/hoycordobaweb.com\/index.php\/wp-json\/wp\/v2\/comments?post=45659"}],"version-history":[{"count":0,"href":"http:\/\/hoycordobaweb.com\/index.php\/wp-json\/wp\/v2\/posts\/45659\/revisions"}],"wp:featuredmedia":[{"embeddable":true,"href":"http:\/\/hoycordobaweb.com\/index.php\/wp-json\/wp\/v2\/media\/45660"}],"wp:attachment":[{"href":"http:\/\/hoycordobaweb.com\/index.php\/wp-json\/wp\/v2\/media?parent=45659"}],"wp:term":[{"taxonomy":"category","embeddable":true,"href":"http:\/\/hoycordobaweb.com\/index.php\/wp-json\/wp\/v2\/categories?post=45659"},{"taxonomy":"post_tag","embeddable":true,"href":"http:\/\/hoycordobaweb.com\/index.php\/wp-json\/wp\/v2\/tags?post=45659"}],"curies":[{"name":"wp","href":"https:\/\/api.w.org\/{rel}","templated":true}]}}