{"id":45657,"date":"2022-07-23T12:40:09","date_gmt":"2022-07-23T12:40:09","guid":{"rendered":"https:\/\/www.ole.com.ar\/futbol-internacional\/dani-alves-llegada-pumas_0_8VW6SdtI4n.html"},"modified":"2022-07-23T12:40:09","modified_gmt":"2022-07-23T12:40:09","slug":"que-dijo-dani-alves-tras-su-llegada-a-pumas","status":"publish","type":"post","link":"http:\/\/hoycordobaweb.com\/index.php\/2022\/07\/23\/que-dijo-dani-alves-tras-su-llegada-a-pumas\/","title":{"rendered":"Qu\u00e9 dijo Dani Alves tras su llegada a Pumas"},"content":{"rendered":"<p><img src=\"http:\/\/hoycordobaweb.com\/wp-content\/uploads\/2022\/07\/que-dijo-dani-alves-tras-su-llegada-a-pumas.jpg\"><\/p>\n<p>Tras las idas y vueltas, <a alt=\"dani-alves\" class=\"slug\" href=\"https:\/\/www.ole.com.ar\/tema\/dani-alves.html\" target=\"_blank\" title=\"dani-alves\" rel=\"noopener noreferrer\">Dani Alves<\/a> fich\u00f3 con Pumas \u200by competir\u00e1 en la Liga de M\u00e9xico. A sus 39 a\u00f1os tiene nuevo club y al llegar a las instalaciones del equipo, brind\u00f3 una entrevista en la que cont\u00f3 por qu\u00e9, entre tantas ofertas, decidi\u00f3 quedarse con los de la UNAM.<\/p>\n<div class=\"sp__SM\">\n<div class=\"content-new \">\n<span class=\"tit-mobile\">Mir\u00e1 tambi\u00e9n<\/span><\/p>\n<div class=\"mg\">\n<div class=\"wrap-figure\">\n<picture>\n<a href=\"https:\/\/www.ole.com.ar\/futbol-internacional\/america\/dani-alves-mexico-critica-burla-pumas_0_Sj0SE4ECL1.html\" target=\"_self\" rel=\"noopener noreferrer\"><br \/>\n<img class=\"img-responsive\" alt=\"En M\u00e9xico critican la llegada de Dani Alves a Pumas: &quot;Ya no es un jugador top&quot;\" src=\"http:\/\/hoycordobaweb.com\/wp-content\/uploads\/2022\/07\/que-dijo-dani-alves-tras-su-llegada-a-pumas-2.jpg\" loading=\"lazy\"><br \/>\n<\/a>\n<\/picture>\n<\/div>\n<\/div><\/div>\n<\/div>\n<p>En la previa al acuerdo, se hab\u00edan instalado distintos rumores que vinculaban al ex Barcelona con el conjunto de M\u00e9xico y los hinchas se encargaron de hacerle llegar su deseo de que forme parte del plantel. Finalmente esta semana se hizo oficial y cientos de fan\u00e1ticos se acercaron a recibirlo en una ca\u00f3tica llegada al aeropuerto.<\/p>\n<div class=\"sp__SM\">\n<div class=\"content-new \">\n<span class=\"tit-mobile\">Mir\u00e1 tambi\u00e9n<\/span><\/p>\n<div class=\"mg\">\n<div class=\"wrap-figure\">\n<picture>\n<a href=\"https:\/\/www.ole.com.ar\/futbol-internacional\/america\/triunfo-rayados-vs-queretaro-mexico_0_Q7NzibHaSF.html\" target=\"_self\" rel=\"noopener noreferrer\"><br \/>\n<img class=\"img-responsive\" alt=\"Funes Mori y Berterame, goles argentinos para el triunfo de Monterrey\" src=\"http:\/\/hoycordobaweb.com\/wp-content\/uploads\/2022\/07\/que-dijo-dani-alves-tras-su-llegada-a-pumas-3.jpg\" loading=\"lazy\"><br \/>\n<\/a>\n<\/picture>\n<\/div>\n<\/div><\/div>\n<\/div>\n<p>A la hora de analizar por qu\u00e9 escogi\u00f3 a los Felinos, explic\u00f3 en una entrevista con TUDN: \u00abLo que me atrajo de Pumas es mucho m\u00e1s que futbol, es lo que intento buscar. Yo creo que la gente se ilusiona mucho m\u00e1s con la fama de la gente y <strong>crea una distancia que no existe, pero somos seres humanos que luchamos por lo mismo; al final de cuentas ser humano no es m\u00e1s importante por cu\u00e1ntas veces salga en la tele\u00bb.<\/strong><\/p>\n<div class=\"sp__SM\">\n<div class=\"content-new \">\n<span class=\"tit-mobile\">Mir\u00e1 tambi\u00e9n<\/span><\/p>\n<div class=\"mg\">\n<div class=\"wrap-figure\">\n<picture>\n<a href=\"https:\/\/www.ole.com.ar\/futbol-internacional\/palmeiras-merentiel-lopez-verdao_0_7jGsGAnp2g.html\" target=\"_self\" rel=\"noopener noreferrer\"><br \/>\n<img class=\"img-responsive\" alt=\"Merentiel y L\u00f3pez debutaron con victoria en el Verdao\" src=\"http:\/\/hoycordobaweb.com\/wp-content\/uploads\/2022\/07\/que-dijo-dani-alves-tras-su-llegada-a-pumas-4.jpg\" loading=\"lazy\"><br \/>\n<\/a>\n<\/picture>\n<\/div>\n<\/div><\/div>\n<\/div>\n<p>Por otro lado asegur\u00f3 la importancia de que Pumas representa a la Universidad Nacional Aut\u00f3noma de M\u00e9xico y exclam\u00f3: \u00abSiempre me gusta ir donde haya cosas m\u00e1s importantes. Venir ac\u00e1 es mucho m\u00e1s que futbol,<strong> es una Universidad donde dan derechos iguales a todos, une a la sociedad, forma jugadores, personas y eso me apasiona, me vuelve loco, porque es una de las cosas que m\u00e1s practico, de las que me tiene m\u00e1s preocupado\u00bb.\u200b<\/strong><\/p>\n<div class=\"sp__SM\">\n<div class=\"content-new \">\n<span class=\"tit-mobile\">Mir\u00e1 tambi\u00e9n<\/span><\/p>\n<div class=\"mg\">\n<div class=\"wrap-figure\">\n<picture>\n<a href=\"https:\/\/www.ole.com.ar\/futbol-internacional\/palmeiras-merentiel-lopez-verdao_0_7jGsGAnp2g.html\" target=\"_self\" rel=\"noopener noreferrer\"><br \/>\n<img class=\"img-responsive\" alt=\"Merentiel y L\u00f3pez debutaron con victoria en el Verdao\" src=\"http:\/\/hoycordobaweb.com\/wp-content\/uploads\/2022\/07\/que-dijo-dani-alves-tras-su-llegada-a-pumas-4.jpg\" loading=\"lazy\"><br \/>\n<\/a>\n<\/picture>\n<\/div>\n<\/div><\/div>\n<\/div>\n<p>Seg\u00fan inform\u00f3 el&nbsp;diario Record,&nbsp;la idea de Pumas<strong> es pagarle la exorbitante cifra de 100 mil d\u00f3lares por cada encuentro que dispute.<\/strong>&nbsp; Si bien a primera vista suena a una locura, Dani Alves podr\u00eda estar disputando entre nueve y diez partidos de temporada regular en lo que resta del Apertura 2022. Si el club alcanza las finales de los playoffs, p<strong><mark>odr\u00eda percibir un total de hasta 1.7 millones de d\u00f3lares.<\/mark><\/strong> El objetivo del brasile\u00f1o es agarrar ritmo y mostrarse en una mejor versi\u00f3n para so\u00f1ar con ser convocado al Mundial de Qatar 2022.<\/p>\n<div class=\"sp__SM\">\n<div class=\"content-new \">\n<span class=\"tit-mobile\">Mir\u00e1 tambi\u00e9n<\/span><\/p>\n<div class=\"mg\">\n<div class=\"wrap-figure\">\n<picture>\n<a href=\"https:\/\/www.ole.com.ar\/boca-juniors\/boca-conferencia-hugo-ibarra_0_oPsg7sfcvj.html\" target=\"_self\" rel=\"noopener noreferrer\"><br \/>\n<img class=\"img-responsive\" alt=\"Ibarra y las preguntas que lo incomodaron en la conferencia\" src=\"http:\/\/hoycordobaweb.com\/wp-content\/uploads\/2022\/07\/que-dijo-dani-alves-tras-su-llegada-a-pumas-5.jpg\" loading=\"lazy\"><br \/>\n<\/a>\n<\/picture>\n<\/div>\n<\/div><\/div>\n<\/div>\n<p>\u00abTengo una relaci\u00f3n desde chiquito con M\u00e9xico, siempre me mov\u00eda este pa\u00eds, esta ciudad, esta gente. <strong>El Chavo, el Chapul\u00edn y la Chilindrina marcaron mi infancia, por eso viene mi pasi\u00f3n por esta cultura. Soy una persona que constantemente se est\u00e1 desafiando, <\/strong>soy una persona que est\u00e1 buscando cosas grandes en lugares diferentes. Al final se abri\u00f3 la posibilidad de venir a M\u00e9xico y ac\u00e1 estamos\u00bb, concluy\u00f3.&nbsp;<\/p>\n<div class=\"entry-tags\">\n<h2>TEMAS QUE APARECEN EN ESTA NOTA<\/h2>\n<\/p><\/div>\n","protected":false},"excerpt":{"rendered":"<p>Tras las idas y vueltas, Dani Alves fich\u00f3 con Pumas \u200by competir\u00e1 en la Liga de M\u00e9xico. A sus 39 a\u00f1os tiene nuevo club y al llegar a las instalaciones del equipo, brind\u00f3 una entrevista en la que cont\u00f3 por qu\u00e9, entre tantas ofertas, decidi\u00f3 quedarse con los de la UNAM. Mir\u00e1 tambi\u00e9n En la [&hellip;]<\/p>\n","protected":false},"author":1,"featured_media":45658,"comment_status":"open","ping_status":"closed","sticky":false,"template":"","format":"standard","meta":[],"categories":[16],"tags":[],"_links":{"self":[{"href":"http:\/\/hoycordobaweb.com\/index.php\/wp-json\/wp\/v2\/posts\/45657"}],"collection":[{"href":"http:\/\/hoycordobaweb.com\/index.php\/wp-json\/wp\/v2\/posts"}],"about":[{"href":"http:\/\/hoycordobaweb.com\/index.php\/wp-json\/wp\/v2\/types\/post"}],"author":[{"embeddable":true,"href":"http:\/\/hoycordobaweb.com\/index.php\/wp-json\/wp\/v2\/users\/1"}],"replies":[{"embeddable":true,"href":"http:\/\/hoycordobaweb.com\/index.php\/wp-json\/wp\/v2\/comments?post=45657"}],"version-history":[{"count":0,"href":"http:\/\/hoycordobaweb.com\/index.php\/wp-json\/wp\/v2\/posts\/45657\/revisions"}],"wp:featuredmedia":[{"embeddable":true,"href":"http:\/\/hoycordobaweb.com\/index.php\/wp-json\/wp\/v2\/media\/45658"}],"wp:attachment":[{"href":"http:\/\/hoycordobaweb.com\/index.php\/wp-json\/wp\/v2\/media?parent=45657"}],"wp:term":[{"taxonomy":"category","embeddable":true,"href":"http:\/\/hoycordobaweb.com\/index.php\/wp-json\/wp\/v2\/categories?post=45657"},{"taxonomy":"post_tag","embeddable":true,"href":"http:\/\/hoycordobaweb.com\/index.php\/wp-json\/wp\/v2\/tags?post=45657"}],"curies":[{"name":"wp","href":"https:\/\/api.w.org\/{rel}","templated":true}]}}