{"id":45582,"date":"2022-07-22T15:53:32","date_gmt":"2022-07-22T15:53:32","guid":{"rendered":"https:\/\/www.ole.com.ar\/futbol-internacional\/mane-futbolista-ano-africa_0_CRP5s7fdXG.html"},"modified":"2022-07-22T15:53:32","modified_gmt":"2022-07-22T15:53:32","slug":"sadio-mane-el-mejor-futbolista-africano-del-ano","status":"publish","type":"post","link":"http:\/\/hoycordobaweb.com\/index.php\/2022\/07\/22\/sadio-mane-el-mejor-futbolista-africano-del-ano\/","title":{"rendered":"Sadio Man\u00e9, el mejor futbolista africano del a\u00f1o"},"content":{"rendered":"<p><img src=\"http:\/\/hoycordobaweb.com\/wp-content\/uploads\/2022\/07\/sadio-mane-el-mejor-futbolista-africano-del-ano.jpg\"><\/p>\n<p><a alt=\"sadio-mane\" class=\"slug\" href=\"https:\/\/www.ole.com.ar\/tema\/sadio-mane.html\" target=\"_blank\" title=\"sadio-mane\" rel=\"noopener noreferrer\">Sadio Man\u00e9<\/a>, flamante refuerzo del Bayern Munich, fue nombrado <strong>el mejor futbolista africano de la temporada 2021\/2022<\/strong>&nbsp;por la Confederaci\u00f3n Africana de F\u00fatbol. La gala fue en la ciudad marroqu\u00ed de Rabat.<\/p>\n<p>Este reconocimiento es otorgado por la CAF todos los a\u00f1os, desde 1992, y <strong>es denominado como el Bal\u00f3n de Oro africano<\/strong> ya que, desde 1970 hasta 1994, la revista France Football entregaba un premio similar con dicha designaci\u00f3n.<\/p>\n<div class=\"sp__SM\">\n<div class=\"content-new \">\n<span class=\"tit-mobile\">Mir\u00e1 tambi\u00e9n<\/span><\/p>\n<div class=\"mg\">\n<div class=\"wrap-figure\">\n<picture>\n<a href=\"https:\/\/www.ole.com.ar\/fuera-de-juego\/manuel-neuer-arquero-taxista-billetera-acuso-rata_0_H2xnGvQ8gA.html\" target=\"_self\" rel=\"noopener noreferrer\"><br \/>\n<img class=\"img-responsive\" alt=\"Neuer perdi\u00f3 su billetera, un taxista se la devolvi\u00f3 y lo acus\u00f3 de rata: &quot;Una burla&quot;\" src=\"http:\/\/hoycordobaweb.com\/wp-content\/uploads\/2022\/07\/sadio-mane-el-mejor-futbolista-africano-del-ano-2.jpg\" loading=\"lazy\"><br \/>\n<\/a>\n<\/picture>\n<\/div>\n<\/div><\/div>\n<\/div>\n<p>Para <strong>obtenerlo por segunda vez en su carrera<\/strong>, el senegal\u00e9s debi\u00f3 compartir terna con dos jugadores de la<a alt=\"premier-league\" class=\"slug\" href=\"https:\/\/www.ole.com.ar\/tema\/premier-league.html\" target=\"_blank\" title=\"premier-league\" rel=\"noopener noreferrer\"> Premier League<\/a>. Uno era su ex compa\u00f1ero en Liverpool, <strong>el egipcio Mohamed Salah<\/strong>, que se qued\u00f3 con el galard\u00f3n dos veces (2017 y 2018). El otro era su compatriota <strong>Edouard Mendy, arquero del Chelsea<\/strong>, el cual nunca fue nombrado como el mejor de su continente.<\/p>\n<p>As\u00ed&nbsp;y todo, ante estos dos grandes jugadores, <strong>el principal favorito a llev\u00e1rselo desde un principio era Sadio<\/strong> ya que hizo todo lo que estaba a su alcance para ser el mejor, tanto a nivel clubes como selecci\u00f3n nacional.<\/p>\n<div class=\"sp__SM\">\n<div class=\"content-new \">\n<span class=\"tit-mobile\">Mir\u00e1 tambi\u00e9n<\/span><\/p>\n<div class=\"mg\">\n<div class=\"wrap-figure\">\n<picture>\n<a href=\"https:\/\/www.ole.com.ar\/futbol-internacional\/borussia-dortmund-haller-recuperacion_0_m4uEdch1PC.html\" target=\"_self\" rel=\"noopener noreferrer\"><br \/>\n<img class=\"img-responsive\" alt=\"Haller dio el primer paso en su tratamiento contra un tumor testicular\" src=\"http:\/\/hoycordobaweb.com\/wp-content\/uploads\/2022\/07\/sadio-mane-el-mejor-futbolista-africano-del-ano-3.jpg\" loading=\"lazy\"><br \/>\n<\/a>\n<\/picture>\n<\/div>\n<\/div><\/div>\n<\/div>\n<p>En <a alt=\"liverpool\" class=\"slug\" href=\"https:\/\/www.ole.com.ar\/tema\/liverpool.html\" target=\"_blank\" title=\"liverpool\" rel=\"noopener noreferrer\">Liverpool<\/a>, Man\u00e9 <strong>conquist\u00f3 la FA Cup y la Carabao Cup<\/strong> (Copa de la Liga), adem\u00e1s de quedar segundo en Champions y en Premier League. Con respecto a Senegal, alcanz\u00f3 la clasificaci\u00f3n al<a alt=\"mundial-de-qatar\" class=\"slug\" href=\"https:\/\/www.ole.com.ar\/tema\/mundial-de-qatar.html\" target=\"_blank\" title=\"mundial-de-qatar\" rel=\"noopener noreferrer\"> Mundial de Qatar<\/a> 2022 y <strong>se coron\u00f3 campe\u00f3n de la Copa \u00c1frica por primera vez en la historia del pa\u00eds<\/strong>, siendo el capit\u00e1n del equipo.<\/p>\n<div class=\"sp__Normal\">\n<div class=\"image-embeb image-trigger\" readability=\"6\">\n<picture><source media=\"(min-width: 720px)\" srcset=\"http:\/\/hoycordobaweb.com\/wp-content\/uploads\/2022\/07\/sadio-mane-el-mejor-futbolista-africano-del-ano-4.jpg\"><img itemprop=\"image\" src=\"http:\/\/hoycordobaweb.com\/wp-content\/uploads\/2022\/07\/sadio-mane-el-mejor-futbolista-africano-del-ano-4.jpg\" loading=\"lazy\" alt=\"El senegal\u00e9s de 30 a\u00f1os estuvo seis temporadas en Liverpool. Foto: AP\">\n<\/picture><figcaption readability=\"2\">\n<p>El senegal\u00e9s de 30 a\u00f1os estuvo seis temporadas en Liverpool. Foto: AP\n<\/p>\n<\/figcaption><\/div>\n<\/div>\n<p>A nivel individual, el&nbsp; hombre nacido en Baribali <strong>marc\u00f3 23 goles en su \u00faltimo a\u00f1o<\/strong> con los Reds. All\u00ed, en Anfield, lleg\u00f3 a su m\u00e1ximo potencial y gener\u00f3 grandes n\u00fameros gracias a la ayuda t\u00e1ctica Jurgen Klopp, quien&nbsp;fue gran art\u00edfice de ello. Sumado a esto, <strong>consigui\u00f3 la Champions League 18\/19 y la Premier 19\/20<\/strong>, dos hechos hist\u00f3ricos para el club de Merseyside.<\/p>\n<div class=\"sp__Normal\">\n<div class=\"image-embeb image-trigger\" readability=\"6\">\n<picture><source media=\"(min-width: 720px)\" srcset=\"http:\/\/hoycordobaweb.com\/wp-content\/uploads\/2022\/07\/sadio-mane-el-mejor-futbolista-africano-del-ano-5.jpg\"><img itemprop=\"image\" src=\"http:\/\/hoycordobaweb.com\/wp-content\/uploads\/2022\/07\/sadio-mane-el-mejor-futbolista-africano-del-ano-5.jpg\" loading=\"lazy\" alt=\"Sadio Man\u00e9 obtuvo la primera Copa \u00c1frica en la historia de Senegal. Foto:AFP\">\n<\/picture><figcaption readability=\"2\">\n<p>Sadio Man\u00e9 obtuvo la primera Copa \u00c1frica en la historia de Senegal. Foto:AFP\n<\/p>\n<\/figcaption><\/div>\n<\/div>\n<p>Actualmente, Man\u00e9 afrontar\u00e1 una pr\u00f3xima temporada de adaptaci\u00f3n a Alemania y a su nuevo club, <a alt=\"bayern-munich\" class=\"slug\" href=\"https:\/\/www.ole.com.ar\/tema\/bayern-munich.html\" target=\"_blank\" title=\"bayern-munich\" rel=\"noopener noreferrer\">Bayern Munich<\/a>, en donde firm\u00f3 hasta 2025. Sin embargo, el africano comenz\u00f3 con el pie derecho porque, <strong>el mi\u00e9rcoles, ya marc\u00f3 su primer gol con el conjunto alem\u00e1n<\/strong>, en el amistoso ante el DC United.<\/p>\n<div class=\"sp__Normal\">\n<div class=\"image-embeb image-trigger\" readability=\"6\">\n<picture><source media=\"(min-width: 720px)\" srcset=\"http:\/\/hoycordobaweb.com\/wp-content\/uploads\/2022\/07\/sadio-mane-el-mejor-futbolista-africano-del-ano-6.jpg\"><img itemprop=\"image\" src=\"http:\/\/hoycordobaweb.com\/wp-content\/uploads\/2022\/07\/sadio-mane-el-mejor-futbolista-africano-del-ano-6.jpg\" loading=\"lazy\" alt=\"El Bayern Munich adquiri\u00f3 a Man\u00e9 por 32 millones de euros. Foto:EFE\">\n<\/picture><figcaption readability=\"2\">\n<p>El Bayern Munich adquiri\u00f3 a Man\u00e9 por 32 millones de euros. Foto:EFE\n<\/p>\n<\/figcaption><\/div>\n<\/div>\n<h2><strong>M\u00e1ximos ganadores del premio <\/strong><\/h2>\n<p>S\u00f3lo hay dos jugadores que levantaron la estatuilla al Mejor Jugador Africano del A\u00f1o en cuatro ocasiones: el camerun\u00e9s <strong>Samuel Etoo<\/strong> (2003, 2004, 2005 y 2010) y el costamarfilense <strong>Yaya Tour\u00e9 <\/strong>(2011, 2012, 2013 y 2014).<\/p>\n<p>Por debajo de ellos se encuentran <strong>George Weah<\/strong> (Liberia) y <strong>Abedi Pele<\/strong> (Ghana) con tres; <strong>Didier Drogba<\/strong> (Costa de Marfil), Roger Milla (Camer\u00fan), Thomas N&#8217;Kono (Camer\u00fan), <strong>Mohamed Salah<\/strong> (Egipto), Nwankwo Kanu (Nigeria), El Hadji Diouf (Senegal) y Man\u00e9 (Senegal), con dos.\u200b<\/p>\n<h2><strong>Los otros premiados de los CAF Awards<\/strong><\/h2>\n<p><strong>La nigeriana Asisat Oshoala fue nombrada la Mejor Jugadora Africana del A\u00f1<\/strong>o y, con el reciente reconocimiento, alcanz\u00f3 cinco en su carrera. \u200bPor otro lado, Senegal fue el pais m\u00e1s laureado, consiguiendo cinco premios: <strong>Aliou Ciss\u00e9 como Mejor Entrenador Africano del A\u00f1o<\/strong>, Mejor Selecci\u00f3n Nacional del A\u00f1o, Pape Ousmane Sakho por Gol del A\u00f1o, Pape Matar Sarr como Mejor Jugador Joven del A\u00f1o y el mencionado Man\u00e9 como Mejor Jugador del A\u00f1o.<\/p>\n<p><strong><\/strong>Por ultimo, completaron los premios&nbsp;<strong>Desiree Ellis como Mejor Entrenadora Africana del A\u00f1o<\/strong>, Wydac AC como mejor Club Africano del A\u00f1o, Mohamed El-Shenawy como Mejor Jugador Africano del A\u00f1o (basado en las ligas de \u00c1frica), Mamelodi Sundowns Ladies F.C como el Mejor Club Femenino Africano&nbsp;del A\u00f1o y Evelyn Badu como Mejor Jugadora Joven Africana del a\u00f1o.<strong>\u200b<\/strong><\/p>\n<div class=\"sp__SM\">\n<div class=\"content-new \">\n<span class=\"tit-mobile\">Mir\u00e1 tambi\u00e9n<\/span><\/p>\n<div class=\"mg\">\n<div class=\"wrap-figure\">\n<picture>\n<a href=\"https:\/\/www.ole.com.ar\/futbol-internacional\/inglaterra\/darwin-nunez-poker-liverpool-leipzig_0_uavvWb0rk3.html\" target=\"_self\" rel=\"noopener noreferrer\"><br \/>\n<img class=\"img-responsive\" alt=\"El show de Darwin Nu\u00f1ez en Liverpool: poker en 45 minutos\" src=\"http:\/\/hoycordobaweb.com\/wp-content\/uploads\/2022\/07\/sadio-mane-el-mejor-futbolista-africano-del-ano-7.jpg\" loading=\"lazy\"><br \/>\n<\/a>\n<\/picture>\n<\/div>\n<\/div><\/div>\n<\/div>\n<div class=\"entry-tags\">\n<h2>TEMAS QUE APARECEN EN ESTA NOTA<\/h2>\n<\/p><\/div>\n","protected":false},"excerpt":{"rendered":"<p>Sadio Man\u00e9, flamante refuerzo del Bayern Munich, fue nombrado el mejor futbolista africano de la temporada 2021\/2022&nbsp;por la Confederaci\u00f3n Africana de F\u00fatbol. La gala fue en la ciudad marroqu\u00ed de Rabat. Este reconocimiento es otorgado por la CAF todos los a\u00f1os, desde 1992, y es denominado como el Bal\u00f3n de Oro africano ya que, desde [&hellip;]<\/p>\n","protected":false},"author":1,"featured_media":45583,"comment_status":"open","ping_status":"closed","sticky":false,"template":"","format":"standard","meta":[],"categories":[16],"tags":[],"_links":{"self":[{"href":"http:\/\/hoycordobaweb.com\/index.php\/wp-json\/wp\/v2\/posts\/45582"}],"collection":[{"href":"http:\/\/hoycordobaweb.com\/index.php\/wp-json\/wp\/v2\/posts"}],"about":[{"href":"http:\/\/hoycordobaweb.com\/index.php\/wp-json\/wp\/v2\/types\/post"}],"author":[{"embeddable":true,"href":"http:\/\/hoycordobaweb.com\/index.php\/wp-json\/wp\/v2\/users\/1"}],"replies":[{"embeddable":true,"href":"http:\/\/hoycordobaweb.com\/index.php\/wp-json\/wp\/v2\/comments?post=45582"}],"version-history":[{"count":0,"href":"http:\/\/hoycordobaweb.com\/index.php\/wp-json\/wp\/v2\/posts\/45582\/revisions"}],"wp:featuredmedia":[{"embeddable":true,"href":"http:\/\/hoycordobaweb.com\/index.php\/wp-json\/wp\/v2\/media\/45583"}],"wp:attachment":[{"href":"http:\/\/hoycordobaweb.com\/index.php\/wp-json\/wp\/v2\/media?parent=45582"}],"wp:term":[{"taxonomy":"category","embeddable":true,"href":"http:\/\/hoycordobaweb.com\/index.php\/wp-json\/wp\/v2\/categories?post=45582"},{"taxonomy":"post_tag","embeddable":true,"href":"http:\/\/hoycordobaweb.com\/index.php\/wp-json\/wp\/v2\/tags?post=45582"}],"curies":[{"name":"wp","href":"https:\/\/api.w.org\/{rel}","templated":true}]}}