{"id":45574,"date":"2022-07-22T18:04:38","date_gmt":"2022-07-22T18:04:38","guid":{"rendered":"https:\/\/www.ole.com.ar\/boca-juniors\/martin-payero-boca-equipo-estudiantes_0_AI3C5v83sH.html"},"modified":"2022-07-22T18:04:38","modified_gmt":"2022-07-22T18:04:38","slug":"como-esta-payero-para-su-estreno-en-boca","status":"publish","type":"post","link":"http:\/\/hoycordobaweb.com\/index.php\/2022\/07\/22\/como-esta-payero-para-su-estreno-en-boca\/","title":{"rendered":"C\u00f3mo est\u00e1 Payero para su estreno en Boca"},"content":{"rendered":"<p><img src=\"http:\/\/hoycordobaweb.com\/wp-content\/uploads\/2022\/07\/como-esta-payero-para-su-estreno-en-boca.jpg\"><\/p>\n<p><strong><a alt=\"boca-juniors\" class=\"slug\" href=\"https:\/\/www.ole.com.ar\/tema\/boca-juniors.html\" target=\"_blank\" title=\"boca-juniors\" rel=\"noopener noreferrer\">Boca <\/a>se actualiza constantemente. <\/strong>Full F5. De <a href=\"https:\/\/www.ole.com.ar\/boca-juniors\/boca-conferencia-hugo-ibarra_0_oPsg7sfcvj.html\" target=\"_blank\" rel=\"noopener noreferrer\"><strong>la conferencia de prensa de Hugo Ibarra en la que le hicieran varias preguntas inc\u00f3modas<\/strong><\/a> pasando por <a href=\"https:\/\/www.ole.com.ar\/boca-juniors\/izquierdoz-salida-boca-destino_0_X7xSAwJyDH.html\" target=\"_blank\" rel=\"noopener noreferrer\"><strong>la salida de Carlos Izquierdoz<\/strong><\/a>&nbsp;a Espa\u00f1a y hasta <a href=\"https:\/\/www.ole.com.ar\/boca-juniors\/boca-equipo-estudiantes-benedetto_0_it3lHtnmtR.html\" target=\"_blank\" rel=\"noopener noreferrer\"><strong>el parado de equipo que hizo el entrenador este viernes,<\/strong><\/a> aunque todav\u00eda no confirm\u00f3 el 11 que recibir\u00e1 a Estudiantes en la Bombonera. Pero <strong>lo que s\u00ed hizo el Negro fue contar c\u00f3mo est\u00e1 <a alt=\"martin-payero\" class=\"slug\" href=\"https:\/\/www.ole.com.ar\/tema\/martin-payero.html\" target=\"_blank\" title=\"martin-payero\" rel=\"noopener noreferrer\">Mart\u00edn Payero<\/a> para su debut en el Xeneize.<\/strong><\/p>\n<div class=\"sp__SM\">\n<div class=\"content-new \">\n<span class=\"tit-mobile\">Mir\u00e1 tambi\u00e9n<\/span><\/p>\n<div class=\"mg\">\n<div class=\"wrap-figure\">\n<picture>\n<a href=\"https:\/\/www.ole.com.ar\/boca-juniors\/izquierdoz-salida-boca-destino_0_X7xSAwJyDH.html\" target=\"_self\" rel=\"noopener noreferrer\"><br \/>\n<img class=\"img-responsive\" alt=\"Boca confirm\u00f3 la salida y el destino de Izquierdoz\" src=\"http:\/\/hoycordobaweb.com\/wp-content\/uploads\/2022\/07\/como-esta-payero-para-su-estreno-en-boca-2.jpg\" loading=\"lazy\"><br \/>\n<\/a>\n<\/picture>\n<\/div>\n<\/div><\/div>\n<\/div>\n<p><strong>\u00abMart\u00edn est\u00e1 muy bien, con muchas ganas, con mucho entusiasmo. Nos puede dar mucho como equipo\u00bb<\/strong>, dijo el t\u00e9cnico de <strong><a alt=\"boca-juniors\" class=\"slug\" href=\"https:\/\/www.ole.com.ar\/tema\/boca-juniors.html\" target=\"_blank\" title=\"boca-juniors\" rel=\"noopener noreferrer\">Boca <\/a><\/strong>sobre el volante de 23&nbsp;a\u00f1os que lleg\u00f3 desde Inglaterra. Y enseguida, el Negro agreg\u00f3: <strong>\u00abLo estamos evaluando para ver si podemos contar con \u00e9l para el fin de semana\u00bb.<\/strong><\/p>\n<div class=\"sp__SM\">\n<div class=\"content-new \">\n<span class=\"tit-mobile\">Mir\u00e1 tambi\u00e9n<\/span><\/p>\n<div class=\"mg\">\n<div class=\"wrap-figure\">\n<picture>\n<a href=\"https:\/\/www.ole.com.ar\/futbol-internacional\/america\/echaron-turco-mohamed-mineiro_0_XejQG9DmFK.html\" target=\"_self\" rel=\"noopener noreferrer\"><br \/>\n<img class=\"img-responsive\" alt=\"Bomba en Brasil: Mineiro ech\u00f3 al Turco Mohamed\" src=\"http:\/\/hoycordobaweb.com\/wp-content\/uploads\/2022\/07\/como-esta-payero-para-su-estreno-en-boca-3.jpg\" loading=\"lazy\"><br \/>\n<\/a>\n<\/picture> <\/div>\n<\/div><\/div>\n<\/div>\n<p><strong>Primero Ibarra definir\u00e1 si Payero formar\u00e1 parte de los concentrados para jugar contra Estudiantes<\/strong> y este s\u00e1bado, como avis\u00f3, le terminar\u00e1 de dar forma al 11 equipo que juegue por la d\u00e9cima fecha en el Templo. Se cree que, de movida, e<strong>l ex Banfield no estar\u00eda de entrada, pero s\u00ed podr\u00eda llegar a hacer su debut y sumar algunos minutos.<\/strong><\/p>\n<div class=\"sp__SM\">\n<div class=\"content-new \">\n<span class=\"tit-mobile\">Mir\u00e1 tambi\u00e9n<\/span><\/p>\n<div class=\"mg\">\n<div class=\"wrap-figure\">\n<picture>\n<a href=\"https:\/\/www.ole.com.ar\/boca-juniors\/boca-equipo-estudiantes-benedetto_0_it3lHtnmtR.html\" target=\"_self\" rel=\"noopener noreferrer\"><br \/>\n<img class=\"img-responsive\" alt=\"El 11 de Boca con cambios y sin Benedetto\" src=\"http:\/\/hoycordobaweb.com\/wp-content\/uploads\/2022\/07\/como-esta-payero-para-su-estreno-en-boca-4.jpg\" loading=\"lazy\"><br \/>\n<\/a>\n<\/picture>\n<\/div>\n<\/div><\/div>\n<\/div>\n<p>De hecho, <strong>en su conferencia de presentaci\u00f3n Payero cont\u00f3 que estaba para jugar.<\/strong> Pese a eso, ya sum\u00f3 sus primeros entrenamientos con el plantel de Ibarra y hasta<strong> ya form\u00f3 parte de un 11 que par\u00f3 el entrenador en la pr\u00e1ctica<\/strong> de este jueves: <strong>lo hizo de interno por la derecha<\/strong>, donde confes\u00f3 el Negro que se lo imagina, y jug\u00f3 bien cerquita de <strong><a alt=\"alan-varela\" class=\"slug\" href=\"https:\/\/www.ole.com.ar\/tema\/alan-varela.html\" target=\"_blank\" title=\"alan-varela\" rel=\"noopener noreferrer\">Alan Varela<\/a><\/strong>.<\/p>\n<div class=\"sp__SM\">\n<div class=\"content-new \">\n<span class=\"tit-mobile\">Mir\u00e1 tambi\u00e9n<\/span><\/p>\n<div class=\"mg\">\n<div class=\"wrap-figure\"> <picture>\n<a href=\"https:\/\/www.ole.com.ar\/boca-juniors\/boca-conferencia-hugo-ibarra_0_oPsg7sfcvj.html\" target=\"_self\" rel=\"noopener noreferrer\"><br \/>\n<img class=\"img-responsive\" alt=\"Ibarra y las preguntas que lo incomodaron en la conferencia\" src=\"http:\/\/hoycordobaweb.com\/wp-content\/uploads\/2022\/07\/como-esta-payero-para-su-estreno-en-boca-5.jpg\" loading=\"lazy\"><br \/>\n<\/a>\n<\/picture>\n<\/div>\n<\/div><\/div>\n<\/div>\n<h2><strong>\u00bfY c\u00f3mo est\u00e1 Payero futbol\u00edsticamente?<\/strong><\/h2>\n<p><strong>El ex Banfield viene de la Segunda del f\u00fatbol ingl\u00e9s y su \u00faltimo partido en el Middlesbrough fue el 23 de abril<\/strong>, ante el Swansea, por lo que ya lleva tres meses sin partidos oficiales. Por eso, <strong>la idea es empezar a meterlo de a poco en el equipo y este domingo, ante el Pincha, ya podr\u00eda ir al banco de suplentes.<\/strong><\/p>\n<p><strong>Su falta de continuidad en Inglaterra fue la raz\u00f3n por la que se abri\u00f3 la chance de que llegara a Boca<\/strong> (lo hab\u00eda pedido Sebasti\u00e1n Battaglia, que lo conoc\u00eda de su paso por Banfield) y tambi\u00e9n la causa por la que, al arribar al club, necesit\u00f3 un tiempo extra para ponerse en condiciones.&nbsp;<\/p>\n<div class=\"sp__SM\">\n<div class=\"content-new \">\n<span class=\"tit-mobile\">Mir\u00e1 tambi\u00e9n<\/span><\/p>\n<div class=\"mg\">\n<div class=\"wrap-figure\">\n<picture>\n<a href=\"https:\/\/www.ole.com.ar\/boca-juniors\/adonis-frias-interes-boca-riquelme_0_6ZNBJbXdCR.html\" target=\"_self\" rel=\"noopener noreferrer\"><br \/>\n<img class=\"img-responsive\" alt=\"&quot;Es una felicidad enorme que Boca se fije en m\u00ed&quot;\" src=\"http:\/\/hoycordobaweb.com\/wp-content\/uploads\/2022\/07\/como-esta-payero-para-su-estreno-en-boca-6.jpg\" loading=\"lazy\"><br \/>\n<\/a>\n<\/picture>\n<\/div>\n<\/div><\/div>\n<\/div>\n<p>En cuanto a n\u00fameros, <strong>Payero lleva cuatro goles y 12 asistencias en 78 partidos en su carrera,<\/strong> un promedio nada despreciable considerando las estad\u00edsticas de otros volantes del plantel de Ibarra, como por ejemplo <strong><a alt=\"pol-fernandez\" class=\"slug\" href=\"https:\/\/www.ole.com.ar\/tema\/pol-fernandez.html\" target=\"_blank\" title=\"pol-fernandez\" rel=\"noopener noreferrer\">Pol Fern\u00e1ndez <\/a><\/strong>(cuatro gritos y cuatro asistencias en 73 encuentros en Boca), o <strong><a alt=\"cristian-medina\" class=\"slug\" href=\"https:\/\/www.ole.com.ar\/tema\/cristian-medina.html\" target=\"_blank\" title=\"cristian-medina\" rel=\"noopener noreferrer\">Cristian Medina<\/a><\/strong>, un tanto y tres pase gol en 62 presentaciones.<\/p>\n<div class=\"sp__Normal\">\n<div class=\"image-embeb image-trigger\" readability=\"7\">\n<picture><source media=\"(min-width: 720px)\" srcset=\"http:\/\/hoycordobaweb.com\/wp-content\/uploads\/2022\/07\/como-esta-payero-para-su-estreno-en-boca-7.jpg\"><img itemprop=\"image\" src=\"http:\/\/hoycordobaweb.com\/wp-content\/uploads\/2022\/07\/como-esta-payero-para-su-estreno-en-boca-7.jpg\" loading=\"lazy\" alt=\"Mart\u00edn Payero, uno de los refuerzo junto a Roncaglia, se pone a punto para el debut (Prensa Boca).\">\n<\/picture><figcaption readability=\"4\">\n<p>Mart\u00edn Payero, uno de los refuerzo junto a Roncaglia, se pone a punto para el debut (Prensa Boca).\n<\/p>\n<\/figcaption><\/div>\n<\/div>\n<p>Al margen de eso, <strong>Payero suele manejar la pelota parada en todos los equipos donde jug\u00f3,<\/strong> tanto en los c\u00f3rners como en los tiros libres cerca del \u00e1rea, y de ah\u00ed proviene su gran cantidad de asistencias.<\/p>\n<p>Por lo visto, Mart\u00edn ya est\u00e1 listo para hacer su estreno en Boca,<strong> Ahora depende de Ibarra.<\/strong><\/p>\n<div class=\"sp__SM\">\n<div class=\"content-new \">\n<span class=\"tit-mobile\">Mir\u00e1 tambi\u00e9n<\/span><\/p>\n<div class=\"mg\">\n<div class=\"wrap-figure\">\n<picture>\n<a href=\"https:\/\/www.ole.com.ar\/futbol-internacional\/america\/pavon-debut-mineiro-amarilla-brasil_0_zxv9GBaXTm.html\" target=\"_self\" rel=\"noopener noreferrer\"><br \/>\n<img class=\"img-responsive\" alt=\"Pav\u00f3n debut\u00f3 en el Mineiro y lig\u00f3 una amarilla por un patad\u00f3n\" src=\"http:\/\/hoycordobaweb.com\/wp-content\/uploads\/2022\/07\/como-esta-payero-para-su-estreno-en-boca-8.jpg\" loading=\"lazy\"><br \/>\n<\/a>\n<\/picture>\n<\/div>\n<\/div><\/div>\n<\/div>\n<div class=\"entry-tags\">\n<h2>TEMAS QUE APARECEN EN ESTA NOTA<\/h2>\n<\/p><\/div>\n","protected":false},"excerpt":{"rendered":"<p>Boca se actualiza constantemente. Full F5. De la conferencia de prensa de Hugo Ibarra en la que le hicieran varias preguntas inc\u00f3modas pasando por la salida de Carlos Izquierdoz&nbsp;a Espa\u00f1a y hasta el parado de equipo que hizo el entrenador este viernes, aunque todav\u00eda no confirm\u00f3 el 11 que recibir\u00e1 a Estudiantes en la Bombonera. [&hellip;]<\/p>\n","protected":false},"author":1,"featured_media":45575,"comment_status":"open","ping_status":"closed","sticky":false,"template":"","format":"standard","meta":[],"categories":[16],"tags":[],"_links":{"self":[{"href":"http:\/\/hoycordobaweb.com\/index.php\/wp-json\/wp\/v2\/posts\/45574"}],"collection":[{"href":"http:\/\/hoycordobaweb.com\/index.php\/wp-json\/wp\/v2\/posts"}],"about":[{"href":"http:\/\/hoycordobaweb.com\/index.php\/wp-json\/wp\/v2\/types\/post"}],"author":[{"embeddable":true,"href":"http:\/\/hoycordobaweb.com\/index.php\/wp-json\/wp\/v2\/users\/1"}],"replies":[{"embeddable":true,"href":"http:\/\/hoycordobaweb.com\/index.php\/wp-json\/wp\/v2\/comments?post=45574"}],"version-history":[{"count":0,"href":"http:\/\/hoycordobaweb.com\/index.php\/wp-json\/wp\/v2\/posts\/45574\/revisions"}],"wp:featuredmedia":[{"embeddable":true,"href":"http:\/\/hoycordobaweb.com\/index.php\/wp-json\/wp\/v2\/media\/45575"}],"wp:attachment":[{"href":"http:\/\/hoycordobaweb.com\/index.php\/wp-json\/wp\/v2\/media?parent=45574"}],"wp:term":[{"taxonomy":"category","embeddable":true,"href":"http:\/\/hoycordobaweb.com\/index.php\/wp-json\/wp\/v2\/categories?post=45574"},{"taxonomy":"post_tag","embeddable":true,"href":"http:\/\/hoycordobaweb.com\/index.php\/wp-json\/wp\/v2\/tags?post=45574"}],"curies":[{"name":"wp","href":"https:\/\/api.w.org\/{rel}","templated":true}]}}