{"id":45564,"date":"2022-07-22T14:52:53","date_gmt":"2022-07-22T14:52:53","guid":{"rendered":"https:\/\/ladecimaweb.com\/?p=13963"},"modified":"2022-07-22T14:52:53","modified_gmt":"2022-07-22T14:52:53","slug":"liliana-gonzalez-personalidad-destacada-de-la-ciudad-de-cordoba","status":"publish","type":"post","link":"http:\/\/hoycordobaweb.com\/index.php\/2022\/07\/22\/liliana-gonzalez-personalidad-destacada-de-la-ciudad-de-cordoba\/","title":{"rendered":"Liliana Gonz\u00e1lez, Personalidad Destacada de la ciudad de C\u00f3rdoba"},"content":{"rendered":"<div class=\"boldgrid-section\">\n<div class=\"container\">\n<div class=\"row\">\n<div class=\"col-md-1 col-sm-12 col-xs-12\"><\/div>\n<div class=\"col-md-11 col-xs-12 col-sm-12\">\n<p class=\"\">&nbsp;<\/p>\n<p class=\"\">Con el Jard\u00edn Bot\u00e1nico como marco, el viceintendente Daniel Passerini junto a los concejales Pedro Altamira, Nicol\u00e1s Piloni y Natalia Qui\u00f1onez, entregaron la <strong>declaraci\u00f3n de personalidad destacada de la Ciudad de C\u00f3rdoba a Liliana Gonz\u00e1lez, por su labor como psicopedagoga especialista en ni\u00f1os y adolescentes.<\/strong><\/p>\n<p class=\"\">Adem\u00e1s de recibir la declaraci\u00f3n, Gonz\u00e1lez tambi\u00e9n obtuvo un benepl\u00e1cito por su libro \u2018Tiempo de conversar\u2019, coescrito con su hija la Lic. Natalia Brusa. En el acto, el Dr. Passerini remarc\u00f3 la importancia de valorar la trayectoria y reconocer la obra de dos cordobesas, que tratan tem\u00e1ticas que involucran a todos los ciudadanos:<strong> \u201cLiliana es una voz y cara reconocida, porque sus mensajes y ense\u00f1anzas son puestas al servicio de la gente a trav\u00e9s de los medios.<\/strong> En tiempos de influencers, podemos decir que es una<strong> influencer de la ense\u00f1anza y la educaci\u00f3n<\/strong>, que nos ense\u00f1a a creer en positivo\u201d.<\/p>\n<p class=\"\"><img loading=\"lazy\" class=\"wp-image-13965 aligncenter\" src=\"http:\/\/hoycordobaweb.com\/wp-content\/uploads\/2022\/07\/liliana-gonzalez-personalidad-destacada-de-la-ciudad-de-cordoba.jpg\" alt=\"\" width=\"555\" height=\"370\" srcset=\"http:\/\/hoycordobaweb.com\/wp-content\/uploads\/2022\/07\/liliana-gonzalez-personalidad-destacada-de-la-ciudad-de-cordoba.jpg 1368w, http:\/\/hoycordobaweb.com\/wp-content\/uploads\/2022\/07\/liliana-gonzalez-personalidad-destacada-de-la-ciudad-de-cordoba-1.jpg 666w, http:\/\/hoycordobaweb.com\/wp-content\/uploads\/2022\/07\/liliana-gonzalez-personalidad-destacada-de-la-ciudad-de-cordoba-2.jpg 768w\" sizes=\"(max-width: 555px) 100vw, 555px\" \/><\/p>\n<p class=\"\">Por su parte Gonz\u00e1lez, acompa\u00f1ada por sus seres queridos, agradeci\u00f3 entre l\u00e1grimas el reconocimiento, hizo un recorrido por su carrera e inquietudes profesionales, y dej\u00f3 un mensaje a todos los presentes: \u201cSigamos conversando, mir\u00e1ndonos, aprendamos a mirar al otro, a ponernos en el lugar del otro, a ser m\u00e1s emp\u00e1ticos. Es un privilegio ser argentina, a este pa\u00eds lo podemos transformar y dar batalla\u201d.<\/p>\n<p class=\"\">Al cierre del acto, del que participaron autoridades del Concejo Deliberante y el Secretario de Gesti\u00f3n Ambiental y Sostenibilidad Jorge Folloni, Daniel Passerini y los ediles entregaron la declaraci\u00f3n y placa conmemorativa a Liliana Gonz\u00e1lez y Natalia Brusa.<\/p>\n<p class=\"\">\n<div class=\"ubm_banner\"><a href=\"https:\/\/www.cba.gov.ar\/10-https:\/\/www.cba.gov.ar\/10-mil-viviendas\/?csrt=8333084810548506306\" target=\"_blank\" rel=\"dofollow noopener noreferrer\"><img src=\"http:\/\/hoycordobaweb.com\/wp-content\/uploads\/2022\/07\/liliana-gonzalez-personalidad-destacada-de-la-ciudad-de-cordoba.gif\" alt=\"\"><\/a><\/div>\n<\/div>\n<\/div>\n<\/div>\n<\/div>\n<p>La entrada <a rel=\"nofollow\" href=\"https:\/\/ladecimaweb.com\/liliana-gonzalez-personalidad-destacada-de-la-ciudad-de-cordoba\/\">Liliana Gonz\u00e1lez, Personalidad Destacada de la ciudad de C\u00f3rdoba<\/a> se public\u00f3 primero en <a rel=\"nofollow\" href=\"https:\/\/ladecimaweb.com\">LaDecima<\/a>.<\/p>\n","protected":false},"excerpt":{"rendered":"<p>&nbsp; Con el Jard\u00edn Bot\u00e1nico como marco, el viceintendente Daniel Passerini junto a los concejales Pedro Altamira, Nicol\u00e1s Piloni y Natalia Qui\u00f1onez, entregaron la declaraci\u00f3n de personalidad destacada de la Ciudad de C\u00f3rdoba a Liliana Gonz\u00e1lez, por su labor como psicopedagoga especialista en ni\u00f1os y adolescentes. Adem\u00e1s de recibir la declaraci\u00f3n, Gonz\u00e1lez tambi\u00e9n obtuvo un [&hellip;]<\/p>\n","protected":false},"author":1,"featured_media":45565,"comment_status":"closed","ping_status":"closed","sticky":false,"template":"","format":"standard","meta":[],"categories":[19],"tags":[],"_links":{"self":[{"href":"http:\/\/hoycordobaweb.com\/index.php\/wp-json\/wp\/v2\/posts\/45564"}],"collection":[{"href":"http:\/\/hoycordobaweb.com\/index.php\/wp-json\/wp\/v2\/posts"}],"about":[{"href":"http:\/\/hoycordobaweb.com\/index.php\/wp-json\/wp\/v2\/types\/post"}],"author":[{"embeddable":true,"href":"http:\/\/hoycordobaweb.com\/index.php\/wp-json\/wp\/v2\/users\/1"}],"replies":[{"embeddable":true,"href":"http:\/\/hoycordobaweb.com\/index.php\/wp-json\/wp\/v2\/comments?post=45564"}],"version-history":[{"count":0,"href":"http:\/\/hoycordobaweb.com\/index.php\/wp-json\/wp\/v2\/posts\/45564\/revisions"}],"wp:featuredmedia":[{"embeddable":true,"href":"http:\/\/hoycordobaweb.com\/index.php\/wp-json\/wp\/v2\/media\/45565"}],"wp:attachment":[{"href":"http:\/\/hoycordobaweb.com\/index.php\/wp-json\/wp\/v2\/media?parent=45564"}],"wp:term":[{"taxonomy":"category","embeddable":true,"href":"http:\/\/hoycordobaweb.com\/index.php\/wp-json\/wp\/v2\/categories?post=45564"},{"taxonomy":"post_tag","embeddable":true,"href":"http:\/\/hoycordobaweb.com\/index.php\/wp-json\/wp\/v2\/tags?post=45564"}],"curies":[{"name":"wp","href":"https:\/\/api.w.org\/{rel}","templated":true}]}}