{"id":45504,"date":"2022-07-21T16:39:36","date_gmt":"2022-07-21T16:39:36","guid":{"rendered":"https:\/\/www.mujerhoy.com\/moda\/no-te-pierdas\/vestidos-midi-lino-blancos-superventas-elegantes-estilosos-zara-20220721102718-nt.html"},"modified":"2022-07-21T16:39:36","modified_gmt":"2022-07-21T16:39:36","slug":"tres-vestidos-blancos-de-lino-que-estan-arrasando-en-instagram-por-su-versatilidad-elegancia-y-lo-mucho-que-estilizan","status":"publish","type":"post","link":"http:\/\/hoycordobaweb.com\/index.php\/2022\/07\/21\/tres-vestidos-blancos-de-lino-que-estan-arrasando-en-instagram-por-su-versatilidad-elegancia-y-lo-mucho-que-estilizan\/","title":{"rendered":"Tres vestidos blancos de lino que est\u00e1n arrasando en Instagram por su versatilidad, elegancia y lo mucho que estilizan"},"content":{"rendered":"<p><!-- AUTHOR --><!-- COMPONENTS --><\/p>\n<p class=\"voc-paragraph\">\u00bfLa combinaci\u00f3n m\u00e1s pr\u00e1ctica, elegante y favorecedora del verano? <strong>El tejido de lino con el color blanco<\/strong>. No hay nada que siente mejor, sea tan vers\u00e1til y nos resulte tan c\u00f3modo y fresquito. El lino blanco representa la perfecci\u00f3n en la vestimenta de esta temporada y, adem\u00e1s tiene <strong>efecto rejuvenecedor<\/strong>, independientemente de c\u00f3mo lo llevemos. Un <a data-voc-vtm-id=\"in-text-traffic\" href=\"https:\/\/www.mujerhoy.com\/moda\/no-te-pierdas\/total-look-blanco-lino-camisa-top-pantalon-elegante-verano-oysho-fresquito-barato-20220715132244-nt.html\" target=\"_blank\" rel=\"noopener noreferrer\">conjunto<\/a>, una camisa, un <a data-voc-vtm-id=\"in-text-traffic\" href=\"https:\/\/www.mujerhoy.com\/moda\/tendencias\/pantalon-zara-blanco-nueva-temporada-casi-agotado-comodo-tipazo-arrasa-instagram-20220713082548-nt.html\" target=\"_blank\" rel=\"noopener noreferrer\">pantal\u00f3n<\/a>, un <a data-voc-vtm-id=\"in-text-traffic\" href=\"https:\/\/www.mujerhoy.com\/moda\/tendencias\/mono-corto-blanco-exito-ventas-mango-nueva-coleccion-verano-20220702144221-nt.html\" target=\"_blank\" rel=\"noopener noreferrer\">mono<\/a> o una falda. S\u00ed o s\u00ed, tienes que tener una prenda con estas caracter\u00edsticas en tu armario.\n<\/p>\n<p class=\"voc-paragraph\">Aunque, si quieres un plus, con un dise\u00f1o que puedas llevar de d\u00eda o de noche, al trabajo o a una fiesta, de vacaciones o a diario, el <strong>vestido midi<\/strong> debe ser tu elecci\u00f3n. Adem\u00e1s, seg\u00fan que dise\u00f1os podr\u00e1s presumir de la m\u00e1xima sofisticaci\u00f3n sin esfuerzo, as\u00ed como realzar tu figura para presumir de tipazo. Las influencers ya han dado buena cuenta de ello con estos <strong>modelos de vestido midi blancos de Zara<\/strong> que son irresistibles.\n<\/p>\n<p class=\"voc-paragraph\">El must have del verano, sean cuales sean las tendencias del momento, es un <strong>vestido de lino blanco<\/strong>. Esta c\u00f3moda, fresquita y elegante prenda dar\u00e1 soluci\u00f3n a los looks para cualquier ocasi\u00f3n. Y, para adaptarse y favorecedor a todos los tipos de cuerpo y edades, el largo midi ser\u00e1 la opci\u00f3n ideal, que adem\u00e1s goza de mayor estilo y formalidad.\n<\/p>\n<p class=\"voc-paragraph\">Las influencers lo confirman una y otra vez en sus posts de Instagram. Es el icono de las mejor vestidas y es por igual, pr\u00e1ctico y rejuvenecedor. Pero, hay muchos dise\u00f1os con estas caracter\u00edsticas y para ahorrarte tiempo, estas it girls nos desvelan los modelos m\u00e1s exitosos y los puedes comprar todos en la <strong>nueva colecci\u00f3n de Zara<\/strong>.\n<\/p>\n<div class=\"voc-detail-photo-zoom\"><picture data-toggle=\"modal\" data-target=\"#photoZoomModal-718\" target=\"modal\">\n<div class=\"voc-img-icon-link\"><img loading=\"lazy\" data-original=\"\/\/static3.mujerhoy.com\/www\/multimedia\/202207\/21\/media\/cortadas\/vestido-blanco-lino-recto-zara-k26B--460x637@MujerHoy.jpg\" class=\"lazy\"><noscript><img src=\"http:\/\/hoycordobaweb.com\/wp-content\/uploads\/2022\/07\/tres-vestidos-blancos-de-lino-que-estan-arrasando-en-instagram-por-su-versatilidad-elegancia-y-lo-mucho-que-estilizan.jpg\"><\/noscript><i class=\"voc-icons zoom voc-multimedia-box voc-ico-l\"><\/i><\/div><figcaption class=\"figure-caption\"><\/figcaption><\/picture><\/div>\n<div id=\"photoZoomModal-718\" class=\"voc-lightbox modal fade voc-lightbox--photo-zoom\" role=\"dialog\" data-voc-photozoom-lightbox>\n<div class=\"voc-lightbox__dialog\" role=\"document\">\n<div class=\"voc-lightbox__content\"><!-- Modal header --><!-- Modal content --><\/p>\n<div class=\"voc-lightbox__photo-container\"><picture class><img loading=\"lazy\" data-original=\"\/\/static3.mujerhoy.com\/www\/multimedia\/202207\/21\/media\/cortadas\/vestido-blanco-lino-recto-zara-k26B--460x637@MujerHoy.jpg\" class=\"lazy\"><noscript><img src=\"http:\/\/hoycordobaweb.com\/wp-content\/uploads\/2022\/07\/tres-vestidos-blancos-de-lino-que-estan-arrasando-en-instagram-por-su-versatilidad-elegancia-y-lo-mucho-que-estilizan.jpg\"><\/noscript><\/picture><\/div>\n<\/div>\n<\/div>\n<\/div>\n<p class=\"voc-paragraph\">En primer lugar, se nos presenta este <strong>vestido midi de lino blanco<\/strong>, perteneciente a la secci\u00f3n <strong>Limited Edition<\/strong>. Se trata de un dise\u00f1o acomodado a la silueta. Tiene <strong>escote recto y tirantes finos, cruzados en la espalda, ajustables con lazada<\/strong>. La falda es de corte recto y, para mayor comodidad, cuenta con una abertura posterior en el bajo que permite m\u00e1s movimiento.\n<\/p>\n<p class=\"voc-paragraph\">El precio de este vestido es de 49,95 euros y, aunque parezca caro, es un modelo que podremos reutilizar en todo momento y temporada tras temporada, por lo que merece la pena la inversi\u00f3n. Las tallas van de la XS a la XL, pero al ser un b\u00e1sico que encima est\u00e1 reclamando toda la atenci\u00f3n en redes sociales, la mayor\u00eda ya se han agotado en web.\n<\/p>\n<p class=\"voc-paragraph\">La siguiente opci\u00f3n es igual de vers\u00e1til y elegante, reci\u00e9n llegada a las novedades de Zara. Hablamos de un <strong>vestido midi confeccionado en tejido mezcla de lino, color blanco roto<\/strong>. El modelo es de <strong>cuello halter, con escote de pico cruzado y espalda completamente abierta<\/strong>. Tiene detalles fruncidos para ajustarlo a la figura y que resulte m\u00e1s favorecedor al cuerpo. Y, la falda es recta con abertura en la parte trasera.\n<\/p>\n<div class=\"voc-detail-photo-zoom\"><picture data-toggle=\"modal\" data-target=\"#photoZoomModal-522\" target=\"modal\">\n<div class=\"voc-img-icon-link\"><img loading=\"lazy\" data-original=\"\/\/static2.mujerhoy.com\/www\/multimedia\/202207\/21\/media\/cortadas\/vestido-cuzaod-lino-zara-k26B--460x637@MujerHoy.jpg\" class=\"lazy\"><noscript><img src=\"http:\/\/hoycordobaweb.com\/wp-content\/uploads\/2022\/07\/tres-vestidos-blancos-de-lino-que-estan-arrasando-en-instagram-por-su-versatilidad-elegancia-y-lo-mucho-que-estilizan-1.jpg\"><\/noscript><i class=\"voc-icons zoom voc-multimedia-box voc-ico-l\"><\/i><\/div><figcaption class=\"figure-caption\"><\/figcaption><\/picture><\/div>\n<div id=\"photoZoomModal-522\" class=\"voc-lightbox modal fade voc-lightbox--photo-zoom\" role=\"dialog\" data-voc-photozoom-lightbox>\n<div class=\"voc-lightbox__dialog\" role=\"document\">\n<div class=\"voc-lightbox__content\"><!-- Modal header --><!-- Modal content --><\/p>\n<div class=\"voc-lightbox__photo-container\"><picture class><img loading=\"lazy\" data-original=\"\/\/static2.mujerhoy.com\/www\/multimedia\/202207\/21\/media\/cortadas\/vestido-cuzaod-lino-zara-k26B--460x637@MujerHoy.jpg\" class=\"lazy\"><noscript><img src=\"http:\/\/hoycordobaweb.com\/wp-content\/uploads\/2022\/07\/tres-vestidos-blancos-de-lino-que-estan-arrasando-en-instagram-por-su-versatilidad-elegancia-y-lo-mucho-que-estilizan-1.jpg\"><\/noscript><\/picture><\/div>\n<\/div>\n<\/div>\n<\/div>\n<p class=\"voc-paragraph\">En esta ocasi\u00f3n, el coste del dise\u00f1o asciende a 69,95 euros, pero de nuevo, es un precio que se va a amortizar ampliamente. Adem\u00e1s, al ser una prenda reci\u00e9n llegada a tienda, s\u00ed que la podremos encontrar en todas las tallas online, que van, al igual que el anterior, de la XS a la XL. Y, para estilizarlo, solo tienes que elegir unos mules de tac\u00f3n, sandalias planas o alpargatas e ir\u00e1s de diez.\n<\/p>\n<p class=\"voc-paragraph\">Finalizamos con un modelo parecido al primero, pero con un toque m\u00e1s moderno y a la moda. Se trata de un <strong>vestido midi de lino en tono crudo<\/strong>. Es un dise\u00f1o entallado sin incomodar. Tiene escote recto y bajo, tirantes finos ajustables mediante lazada, espalda abierta y <strong>detalle de cut-out en el pecho<\/strong>. La falda tiene una abertura posterior. Y, adem\u00e1s cuenta con forro a tono.\n<\/p>\n<div class=\"voc-detail-photo-zoom\"><picture data-toggle=\"modal\" data-target=\"#photoZoomModal-374\" target=\"modal\">\n<div class=\"voc-img-icon-link\"><img loading=\"lazy\" data-original=\"\/\/static.mujerhoy.com\/www\/multimedia\/202207\/21\/media\/cortadas\/vestido-lino-cut-zara-k26B--460x637@MujerHoy.jpg\" class=\"lazy\"><noscript><img src=\"http:\/\/hoycordobaweb.com\/wp-content\/uploads\/2022\/07\/tres-vestidos-blancos-de-lino-que-estan-arrasando-en-instagram-por-su-versatilidad-elegancia-y-lo-mucho-que-estilizan-2.jpg\"><\/noscript><i class=\"voc-icons zoom voc-multimedia-box voc-ico-l\"><\/i><\/div><figcaption class=\"figure-caption\"><\/figcaption><\/picture><\/div>\n<div id=\"photoZoomModal-374\" class=\"voc-lightbox modal fade voc-lightbox--photo-zoom\" role=\"dialog\" data-voc-photozoom-lightbox>\n<div class=\"voc-lightbox__dialog\" role=\"document\">\n<div class=\"voc-lightbox__content\"><!-- Modal header --><!-- Modal content --><\/p>\n<div class=\"voc-lightbox__photo-container\"><picture class><img loading=\"lazy\" data-original=\"\/\/static.mujerhoy.com\/www\/multimedia\/202207\/21\/media\/cortadas\/vestido-lino-cut-zara-k26B--460x637@MujerHoy.jpg\" class=\"lazy\"><noscript><img src=\"http:\/\/hoycordobaweb.com\/wp-content\/uploads\/2022\/07\/tres-vestidos-blancos-de-lino-que-estan-arrasando-en-instagram-por-su-versatilidad-elegancia-y-lo-mucho-que-estilizan-2.jpg\"><\/noscript><\/picture><\/div>\n<\/div>\n<\/div>\n<\/div>\n<p class=\"voc-paragraph\">Es el m\u00e1s barato de la selecci\u00f3n y el mayor superventas. Su precio es de solo 29,95 euros, muy asequible. Mientras que, el rango de tallas es m\u00e1s amplio, disponible de la XS a la XXL. Aunque, muchas de las tallas ya no est\u00e1n disponibles online. Adem\u00e1s, para estilizarlo solo tienes que optar por accesorios en los colores de la temporada como el fucsia, turquesa, verde o naranja. O bien, apostarlo todo al negro con unas sandalias, tu bolso favorito y un pa\u00f1uelo estampado en la cabeza.\n<\/p>\n<p><!-- TOPICS --><\/p>\n","protected":false},"excerpt":{"rendered":"<p>\u00bfLa combinaci\u00f3n m\u00e1s pr\u00e1ctica, elegante y favorecedora del verano? El tejido de lino con el color blanco. No hay nada que siente mejor, sea tan vers\u00e1til y nos resulte tan c\u00f3modo y fresquito. El lino blanco representa la perfecci\u00f3n en la vestimenta de esta temporada y, adem\u00e1s tiene efecto rejuvenecedor, independientemente de c\u00f3mo lo llevemos. [&hellip;]<\/p>\n","protected":false},"author":1,"featured_media":45505,"comment_status":"closed","ping_status":"closed","sticky":false,"template":"","format":"standard","meta":[],"categories":[1],"tags":[],"_links":{"self":[{"href":"http:\/\/hoycordobaweb.com\/index.php\/wp-json\/wp\/v2\/posts\/45504"}],"collection":[{"href":"http:\/\/hoycordobaweb.com\/index.php\/wp-json\/wp\/v2\/posts"}],"about":[{"href":"http:\/\/hoycordobaweb.com\/index.php\/wp-json\/wp\/v2\/types\/post"}],"author":[{"embeddable":true,"href":"http:\/\/hoycordobaweb.com\/index.php\/wp-json\/wp\/v2\/users\/1"}],"replies":[{"embeddable":true,"href":"http:\/\/hoycordobaweb.com\/index.php\/wp-json\/wp\/v2\/comments?post=45504"}],"version-history":[{"count":0,"href":"http:\/\/hoycordobaweb.com\/index.php\/wp-json\/wp\/v2\/posts\/45504\/revisions"}],"wp:featuredmedia":[{"embeddable":true,"href":"http:\/\/hoycordobaweb.com\/index.php\/wp-json\/wp\/v2\/media\/45505"}],"wp:attachment":[{"href":"http:\/\/hoycordobaweb.com\/index.php\/wp-json\/wp\/v2\/media?parent=45504"}],"wp:term":[{"taxonomy":"category","embeddable":true,"href":"http:\/\/hoycordobaweb.com\/index.php\/wp-json\/wp\/v2\/categories?post=45504"},{"taxonomy":"post_tag","embeddable":true,"href":"http:\/\/hoycordobaweb.com\/index.php\/wp-json\/wp\/v2\/tags?post=45504"}],"curies":[{"name":"wp","href":"https:\/\/api.w.org\/{rel}","templated":true}]}}