{"id":4550,"date":"2020-11-05T19:07:30","date_gmt":"2020-11-05T19:07:30","guid":{"rendered":"http:\/\/hoycordobaweb.com\/index.php\/2020\/11\/05\/cantera-inagotable-los-chicos-tuvieron-lugar-en-la-copa-de-la-liga-profesional\/"},"modified":"2020-11-05T19:07:30","modified_gmt":"2020-11-05T19:07:30","slug":"cantera-inagotable-los-chicos-tuvieron-lugar-en-la-copa-de-la-liga-profesional","status":"publish","type":"post","link":"http:\/\/hoycordobaweb.com\/index.php\/2020\/11\/05\/cantera-inagotable-los-chicos-tuvieron-lugar-en-la-copa-de-la-liga-profesional\/","title":{"rendered":"Cantera inagotable: los chicos tuvieron lugar en la Copa de la Liga Profesional"},"content":{"rendered":"<p>&#8230; en el seleccionado argentino Sub 20, quien con 20 a\u00f1os tuvo su estreno en el <b>f\u00fatbol argentino<\/b>. El chico tambi\u00e9n fue titular por Copa Sudamericana&nbsp;&#8230; <\/p>\n","protected":false},"excerpt":{"rendered":"<p>&#8230; en el seleccionado argentino Sub 20, quien con 20 a\u00f1os tuvo su estreno en el f\u00fatbol argentino. El chico tambi\u00e9n fue titular por Copa Sudamericana&nbsp;&#8230;<\/p>\n","protected":false},"author":1,"featured_media":0,"comment_status":"closed","ping_status":"closed","sticky":false,"template":"","format":"standard","meta":[],"categories":[22],"tags":[],"_links":{"self":[{"href":"http:\/\/hoycordobaweb.com\/index.php\/wp-json\/wp\/v2\/posts\/4550"}],"collection":[{"href":"http:\/\/hoycordobaweb.com\/index.php\/wp-json\/wp\/v2\/posts"}],"about":[{"href":"http:\/\/hoycordobaweb.com\/index.php\/wp-json\/wp\/v2\/types\/post"}],"author":[{"embeddable":true,"href":"http:\/\/hoycordobaweb.com\/index.php\/wp-json\/wp\/v2\/users\/1"}],"replies":[{"embeddable":true,"href":"http:\/\/hoycordobaweb.com\/index.php\/wp-json\/wp\/v2\/comments?post=4550"}],"version-history":[{"count":0,"href":"http:\/\/hoycordobaweb.com\/index.php\/wp-json\/wp\/v2\/posts\/4550\/revisions"}],"wp:attachment":[{"href":"http:\/\/hoycordobaweb.com\/index.php\/wp-json\/wp\/v2\/media?parent=4550"}],"wp:term":[{"taxonomy":"category","embeddable":true,"href":"http:\/\/hoycordobaweb.com\/index.php\/wp-json\/wp\/v2\/categories?post=4550"},{"taxonomy":"post_tag","embeddable":true,"href":"http:\/\/hoycordobaweb.com\/index.php\/wp-json\/wp\/v2\/tags?post=4550"}],"curies":[{"name":"wp","href":"https:\/\/api.w.org\/{rel}","templated":true}]}}