{"id":45498,"date":"2022-07-21T16:38:25","date_gmt":"2022-07-21T16:38:25","guid":{"rendered":"https:\/\/www.ole.com.ar\/messi\/messi-psg-judocas-tokio-_0_i5vVliY8pg.html"},"modified":"2022-07-21T16:38:25","modified_gmt":"2022-07-21T16:38:25","slug":"messi-y-psg-con-judocas-en-tokio","status":"publish","type":"post","link":"http:\/\/hoycordobaweb.com\/index.php\/2022\/07\/21\/messi-y-psg-con-judocas-en-tokio\/","title":{"rendered":"Messi y PSG con judocas en Tokio"},"content":{"rendered":"<p><img src=\"http:\/\/hoycordobaweb.com\/wp-content\/uploads\/2022\/07\/messi-y-psg-con-judocas-en-tokio.jpg\"><\/p>\n<p>PSG lleg\u00f3 hace unos d\u00edas a Jap\u00f3n como parte de una movida marketinera para promocionar a la instituci\u00f3n en suelo asi\u00e1tico. Adem\u00e1s, <mark><strong>la pretemporada del equipo que ahora conduce Christophe Galtier, con trabajos f\u00edsicos y futbol\u00edsticos m\u00e1s amistosos<\/strong><\/mark>.Tras el primer encuentro, con victoria por 2-1 ante Kawasaki,&nbsp;Lionel Messi y compa\u00f1\u00eda aprovecharon para recorrer Tokio y hacer actividades t\u00edpicas de la cultura nipona. <\/p>\n<div class=\"sp__SM\">\n<div class=\"content-new \">\n<span class=\"tit-mobile\">Mir\u00e1 tambi\u00e9n<\/span><\/p>\n<div class=\"mg\">\n<div class=\"wrap-figure\">\n<picture>\n<a href=\"https:\/\/www.ole.com.ar\/fuera-de-juego\/manuel-neuer-arquero-taxista-billetera-acuso-rata_0_H2xnGvQ8gA.html\" target=\"_self\" rel=\"noopener noreferrer\"><br \/>\n<img class=\"img-responsive\" alt=\"Neuer perdi\u00f3 su billetera, un taxista se la devolvi\u00f3 y lo acus\u00f3 de rata: &quot;Una burla&quot;\" src=\"http:\/\/hoycordobaweb.com\/wp-content\/uploads\/2022\/07\/messi-y-psg-con-judocas-en-tokio-2.jpg\" loading=\"lazy\"><br \/>\n<\/a>\n<\/picture>\n<\/div>\n<\/div><\/div>\n<\/div>\n<p>As\u00ed, en pleno d\u00eda, <strong>Messi, Leandro Paredes y Mauro Icardi, m\u00e1s el resto de la delegaci\u00f3n, recorrieron distintos puntos de la ciudad.<\/strong>&nbsp;Entre ellos, fueron a un centro donde se practica y ense\u00f1a judo, disciplina ol\u00edmpica. Algunos players se pusieron el t\u00edpico judogi (el atuendo que usan los judocas) y se animaron a realizar algunos movimientos caracter\u00edsticos. Por ejemplo,<mark><strong> el brasile\u00f1o Marquinhos, el costarricense Keylor Navas&nbsp;y el marroqu\u00ed Hakimi. \u00a1Osados!<\/strong><\/mark><\/p>\n<div class=\"sp__SM\">\n<div class=\"content-new \">\n<span class=\"tit-mobile\">Mir\u00e1 tambi\u00e9n<\/span><\/p>\n<div class=\"mg\">\n<div class=\"wrap-figure\">\n<picture>\n<a href=\"https:\/\/www.ole.com.ar\/futbol-internacional\/francia\/nicolas-tagliafico-lyon_0_uxWTAMvztQ.html\" target=\"_self\" rel=\"noopener noreferrer\"><br \/>\n<img class=\"img-responsive\" alt=\"Confirmado: Tagliafico al Lyon\" src=\"http:\/\/hoycordobaweb.com\/wp-content\/uploads\/2022\/07\/messi-y-psg-con-judocas-en-tokio-3.jpg\" loading=\"lazy\"><br \/>\n<\/a>\n<\/picture>\n<\/div>\n<\/div><\/div>\n<\/div>\n<div class=\"sp__Normal\">\n<div class=\"image-embeb image-trigger\" readability=\"6\">\n<picture><source media=\"(min-width: 720px)\" srcset=\"http:\/\/hoycordobaweb.com\/wp-content\/uploads\/2022\/07\/messi-y-psg-con-judocas-en-tokio-4.jpg\"><img itemprop=\"image\" src=\"http:\/\/hoycordobaweb.com\/wp-content\/uploads\/2022\/07\/messi-y-psg-con-judocas-en-tokio-4.jpg\" loading=\"lazy\" alt=\"Messi y compa\u00f1eros con judocas (PSG).\">\n<\/picture><figcaption readability=\"2\">\n<p>Messi y compa\u00f1eros con judocas (PSG).\n<\/p>\n<\/figcaption><\/div>\n<\/div>\n<p>Luego, en un marco de mucha buena onda, los jugadores, alumnos y profes se sacaron una foto juntos. Puras sonrisas, c<mark><strong>on Messi, Neymar y el resto de las estrellas del conjunto parisino.<\/strong><\/mark><\/p>\n<div class=\"sp__SM\">\n<div class=\"content-new \">\n<span class=\"tit-mobile\">Mir\u00e1 tambi\u00e9n<\/span><\/p>\n<div class=\"mg\">\n<div class=\"wrap-figure\">\n<picture>\n<a href=\"https:\/\/www.ole.com.ar\/futbol-internacional\/inglaterra\/manchester-united-jugadores-barcelona-memphis-depay-frenkie-jong_0_lWYIGowS6i.html\" target=\"_self\" rel=\"noopener noreferrer\"><br \/>\n<img class=\"img-responsive\" alt=\"Manchester United quiere llevarse dos piezas claves del Barcelona\" src=\"http:\/\/hoycordobaweb.com\/wp-content\/uploads\/2022\/07\/messi-y-psg-con-judocas-en-tokio-5.jpg\" loading=\"lazy\"><br \/>\n<\/a>\n<\/picture>\n<\/div>\n<\/div><\/div>\n<\/div>\n<h2><mark>LO QUE VIENE PARA PSG<\/mark><\/h2>\n<p>Tras la victoria por 2-1 ante Kawasaki en el primer amistoso,<strong> PSG jugar\u00e1 el s\u00e1bado contra Urawa Reds a las siete de la ma\u00f1ana, hora argentina<\/strong>. Y el lunes, en el mismo horario,<strong> lo har\u00e1 ante Gamba Osaka.<\/strong> <\/p>\n<p><mark>Ya el 31 de julio, PSG jugar\u00e1 ante Nantes en el arranque de la competencia oficial.<\/mark> Tiene que disputar la Supercopa de Francia.&nbsp;<\/p>\n<div class=\"entry-tags\">\n<h2>TEMAS QUE APARECEN EN ESTA NOTA<\/h2>\n<\/p><\/div>\n","protected":false},"excerpt":{"rendered":"<p>PSG lleg\u00f3 hace unos d\u00edas a Jap\u00f3n como parte de una movida marketinera para promocionar a la instituci\u00f3n en suelo asi\u00e1tico. Adem\u00e1s, la pretemporada del equipo que ahora conduce Christophe Galtier, con trabajos f\u00edsicos y futbol\u00edsticos m\u00e1s amistosos.Tras el primer encuentro, con victoria por 2-1 ante Kawasaki,&nbsp;Lionel Messi y compa\u00f1\u00eda aprovecharon para recorrer Tokio y [&hellip;]<\/p>\n","protected":false},"author":1,"featured_media":45499,"comment_status":"open","ping_status":"closed","sticky":false,"template":"","format":"standard","meta":[],"categories":[16],"tags":[],"_links":{"self":[{"href":"http:\/\/hoycordobaweb.com\/index.php\/wp-json\/wp\/v2\/posts\/45498"}],"collection":[{"href":"http:\/\/hoycordobaweb.com\/index.php\/wp-json\/wp\/v2\/posts"}],"about":[{"href":"http:\/\/hoycordobaweb.com\/index.php\/wp-json\/wp\/v2\/types\/post"}],"author":[{"embeddable":true,"href":"http:\/\/hoycordobaweb.com\/index.php\/wp-json\/wp\/v2\/users\/1"}],"replies":[{"embeddable":true,"href":"http:\/\/hoycordobaweb.com\/index.php\/wp-json\/wp\/v2\/comments?post=45498"}],"version-history":[{"count":0,"href":"http:\/\/hoycordobaweb.com\/index.php\/wp-json\/wp\/v2\/posts\/45498\/revisions"}],"wp:featuredmedia":[{"embeddable":true,"href":"http:\/\/hoycordobaweb.com\/index.php\/wp-json\/wp\/v2\/media\/45499"}],"wp:attachment":[{"href":"http:\/\/hoycordobaweb.com\/index.php\/wp-json\/wp\/v2\/media?parent=45498"}],"wp:term":[{"taxonomy":"category","embeddable":true,"href":"http:\/\/hoycordobaweb.com\/index.php\/wp-json\/wp\/v2\/categories?post=45498"},{"taxonomy":"post_tag","embeddable":true,"href":"http:\/\/hoycordobaweb.com\/index.php\/wp-json\/wp\/v2\/tags?post=45498"}],"curies":[{"name":"wp","href":"https:\/\/api.w.org\/{rel}","templated":true}]}}