{"id":45486,"date":"2022-07-21T15:02:00","date_gmt":"2022-07-21T15:02:00","guid":{"rendered":"https:\/\/manoamanocba.com.ar\/?p=5543"},"modified":"2022-07-21T15:02:00","modified_gmt":"2022-07-21T15:02:00","slug":"perdio-sus-piernas-y-hoy-es-preparador-fisico-la-historia-de-facundo-milanesio","status":"publish","type":"post","link":"http:\/\/hoycordobaweb.com\/index.php\/2022\/07\/21\/perdio-sus-piernas-y-hoy-es-preparador-fisico-la-historia-de-facundo-milanesio\/","title":{"rendered":"Perdi\u00f3 sus piernas y hoy es preparador f\u00edsico: la historia de Facundo Milanesio"},"content":{"rendered":"<p><span>La vida de <strong>Facundo Milanesio<\/strong>, de 27 a\u00f1os, cambi\u00f3 en segundos hace poco m\u00e1s de un a\u00f1o, cuando sufri\u00f3 un <strong>grave accidente vial y debieron amputarle sus piernas<\/strong>.<\/span><\/p>\n<p><span>En la noche del <strong>s\u00e1bado 3 de julio del 2021<\/strong> se dirig\u00eda en su moto desde Morteros a San Francisco por una juntada con amigos y colegas de educaci\u00f3n f\u00edsica.<\/span><\/p>\n<p><span>Al pasar un cami\u00f3n en la ruta, choca con un palet de madera que estaba arrojado en la mano contraria y pierde el control de su moto: arrastr\u00f3 muchos metros sobre la carpeta asf\u00e1ltica y, al caer, sus miembros inferiores fueron aplastados por el veh\u00edculo que acababa de adelantar.<\/span><\/p>\n<p><span>En una entrevista con <em>Mano a Mano<\/em>, cuenta que en ning\u00fan momento perdi\u00f3 el conocimiento: relata cada detalle de aquella jornada, desde que circulaba en moto hasta que lleg\u00f3 al hospital. <strong>Para \u00e9l, no hab\u00eda sido m\u00e1s que un accidente que le provoc\u00f3 lesiones en sus miembros inferiores<\/strong>.<\/span><\/p>\n<p><span>Tras dos semanas y media en terapia intensiva, le comunican apenas se despierta que le amputaron las piernas arriba de las rodillas. \u201cSupuestamente a m\u00ed me avisan esto antes de ingresar al quir\u00f3fano, en el mismo d\u00eda del accidente, pero la verdad es que no me acuerdo\u201d, confiesa.<\/span><\/p>\n<blockquote class=\"instagram-media\" data-instgrm-captioned data-instgrm-permalink=\"https:\/\/www.instagram.com\/tv\/CVQUm_Zl_EC\/?utm_source=ig_embed&amp;utm_campaign=loading\" data-instgrm-version=\"14\" readability=\"-8.6969696969697\"><\/blockquote>\n<p><span>\u201cY cuando me despierto del coma inducido, tambi\u00e9n me lo dicen y yo respond\u00ed que s\u00ed, que ya sab\u00eda. Todos se quedaron impactados, como diciendo \u2018este loco no tiene coraz\u00f3n, lo tom\u00f3 tan bien\u2019. Y en realidad es que no estaba en mis cabales\u201d, agrega el joven.<\/span><\/p>\n<p><span>A la semana y media de salir de la terapia intensiva, <strong>empieza a reaccionar y su madre le informa, ya totalmente consciente, que hab\u00eda perdido sus piernas por el accidente<\/strong>.<\/span><\/p>\n<p><span>\u201cY esos d\u00edas fueron malos. No me cay\u00f3 tan bien la noticia. Estuve tres d\u00edas muy baj\u00f3n, muy depresivo, no quer\u00eda saber nada. Las palabras textuales eran: \u2018no quiero seguir as\u00ed\u2019, \u2018no es la vida que yo eleg\u00ed\u2019, \u2018c\u00f3mo voy a seguir dando clase\u2019, \u2018c\u00f3mo voy a seguir mi vida\u2019. No, no y no. No quiero. Era aguantar\u201d, recuerda.<\/span><\/p>\n<p><b>\u00bfQu\u00e9 te hizo cambiar?<\/b><\/p>\n<p><i><span>Esos tres primeros d\u00edas, porque fueron tres d\u00edas, fueron bastante duros. No quer\u00eda seguir. Estaba muy golpeado, muy shockeado. Al pasar los d\u00edas lo fui asimilando, lo fui tomando bien. Mi mam\u00e1 siempre me dec\u00eda que hoy por la tecnolog\u00eda no ten\u00eda por qu\u00e9 ponerme mal, que iba a volver a caminar, que no era algo que se acababa la vida y ya est\u00e1. Y entonces me puse eso en la cabeza, que yo iba a volver a caminar. Y as\u00ed fue.<\/span><\/i><\/p>\n<p><span>Las curaciones en los miembros inferiores, que estaban raspados y quemados por el asfalto, asegura que fueron \u201cbastante heavy\u201d. Luego continu\u00f3 con el tratamiento en fisioterapia y ya con la silla de ruedas \u201cempez\u00f3 a salir para todos lados\u201d.<\/span><\/p>\n<p><b>Y retomaste los estudios para recibirte de profesor de educaci\u00f3n f\u00edsica<\/b><\/p>\n<p><i><span>Cuando en octubre ya estaba en mi casa, todos los profesores se empezaron a comunicar conmigo para ver de qu\u00e9 manera pod\u00eda retomar la carrera. Al principio lo que menos se me cruzaba era recibirme. Todos los profesores le empezaron a poner la mejor. Ven\u00edamos de dos a\u00f1os de pandemia, la virtualidad hab\u00eda crecido mucho. Empezaron los trabajos, a rendir los parciales que ten\u00eda atrasados y as\u00ed fui sacando materia tras materia. Llegaron los finales y los fui rindiendo a todos.&nbsp;<\/span><\/i><\/p>\n<p><a href=\"http:\/\/manoamanocba.com.ar\/wp-content\/uploads\/2022\/07\/278330901_10221840209208521_2097644982804136891_n.jpg\"><img loading=\"lazy\" class=\"size-medium wp-image-5546 aligncenter\" src=\"http:\/\/hoycordobaweb.com\/wp-content\/uploads\/2022\/07\/perdio-sus-piernas-y-hoy-es-preparador-fisico-la-historia-de-facundo-milanesio.jpg\" alt width=\"240\" height=\"300\" srcset=\"http:\/\/hoycordobaweb.com\/wp-content\/uploads\/2022\/07\/perdio-sus-piernas-y-hoy-es-preparador-fisico-la-historia-de-facundo-milanesio.jpg 240w, http:\/\/hoycordobaweb.com\/wp-content\/uploads\/2022\/07\/perdio-sus-piernas-y-hoy-es-preparador-fisico-la-historia-de-facundo-milanesio-2.jpg 819w, http:\/\/hoycordobaweb.com\/wp-content\/uploads\/2022\/07\/perdio-sus-piernas-y-hoy-es-preparador-fisico-la-historia-de-facundo-milanesio-3.jpg 768w, http:\/\/hoycordobaweb.com\/wp-content\/uploads\/2022\/07\/perdio-sus-piernas-y-hoy-es-preparador-fisico-la-historia-de-facundo-milanesio-4.jpg 1229w, http:\/\/hoycordobaweb.com\/wp-content\/uploads\/2022\/07\/perdio-sus-piernas-y-hoy-es-preparador-fisico-la-historia-de-facundo-milanesio-5.jpg 1440w\" sizes=\"(max-width: 240px) 100vw, 240px\"><\/a><\/p>\n<p><b>\u00bfCu\u00e1ndo te llegaron la pr\u00f3tesis y cu\u00e1ndo te recibiste?<\/b><\/p>\n<p><i><span>Las pr\u00f3tesis me llegaron el 4 de marzo. Viaje a C\u00f3rdoba para probarlas, me las traje a Morteros, caminaba en casa e iba a fisioterapia. Y el 29 de marzo me recibo de profesor de Educaci\u00f3n F\u00edsica. Y mi sue\u00f1o era ese: recibirme de pie. Era un objetivo que me lo hab\u00eda propuesto, porque sab\u00eda que iba a ser lejos, que me iba a demorar mucho tiempo. Jam\u00e1s pens\u00e9 que iba a ser tan r\u00e1pido, ni mi adaptaci\u00f3n a las pr\u00f3tesis ni recibirme tan r\u00e1pido.&nbsp;<\/span><\/i><\/p>\n<p><span>Hoy Facundo no usa m\u00e1s la silla de ruedas y se maneja \u201cpor todos lados\u201d con un andador y un cuatriciclo, el cual no est\u00e1 adaptado. \u201cCon mis piernas pongo los cambios, el embrague y todo. Me cuelgo el andador encima y voy a dar clases, a comer con mis amigos\u201d, cuenta.<\/span><\/p>\n<p><b>\u00bfD\u00f3nde trabajas hoy?<\/b><\/p>\n<p><i><span>En el club 9 Julio de Morteros. Empec\u00e9 hace poco con voley sub 12, sub 13 y sub 14 como preparador f\u00edsico. Adem\u00e1s, soy entrenador de b\u00e1squet en mosquito y escuelita, que son las categor\u00edas m\u00e1s chicas. M\u00e1s que profesor de b\u00e1squet, soy profesor de educaci\u00f3n f\u00edsica, pero todo se relaciona al deporte. Tambi\u00e9n soy preparador f\u00edsico sub 16, 1ra dama y 1ra caballeros de hockey, y director t\u00e9cnico de hockey de caballeros.<\/span><\/i><\/p>\n<p><i><span>La preparaci\u00f3n f\u00edsica es lo que m\u00e1s me gusta y me apasiona. Hoy en d\u00eda es lo que m\u00e1s me sirve para mi recuperaci\u00f3n. La educaci\u00f3n f\u00edsica fue y es una gran parte de mi vida, tanto antes como despu\u00e9s del accidente. Despu\u00e9s del accidente me ayud\u00f3 a entender much\u00edsimas cosas y me ayuda a mejorar d\u00eda a d\u00eda. Yo s\u00e9 que de mis rodillas para abajo no las tengo, pero s\u00e9 c\u00f3mo manejar mis piernas ortop\u00e9dicas de tal manera de no tener esa falencia.<\/span><\/i><\/p>\n<blockquote class=\"instagram-media\" data-instgrm-captioned data-instgrm-permalink=\"https:\/\/www.instagram.com\/p\/Cc_r0ikMyCr\/?utm_source=ig_embed&amp;utm_campaign=loading\" data-instgrm-version=\"14\" readability=\"-8.6969696969697\"><\/blockquote>\n<p><span>Los profesionales que lo acompa\u00f1aron en su recuperaci\u00f3n quedaban sorprendidos por los r\u00e1pidos avances y la capacidad de adaptaci\u00f3n de sus pr\u00f3tesis mec\u00e1nicas-hidr\u00e1ulicas.<\/span><\/p>\n<p><span>Facundo afirma que hoy est\u00e1 bien gracias al<strong> \u201ccombo perfecto\u201d del apoyo y la ayuda que recibi\u00f3 por parte de su familia y amigos, a quienes define como los pilares de su vida.<\/strong><\/span><\/p>\n<p><span>Pero lejos de quedar todo en su c\u00edrculo \u00edntimo, el joven muestra en sus redes sociales los r\u00e1pidos avances de su recuperaci\u00f3n, con mensajes que transmiten positividad y demuestran su fortaleza.<\/span><\/p>\n<p><b>\u00bfRecib\u00eds muchos mensajes de gente desconocida o que vive situaciones similares?<\/b><\/p>\n<p><i><span>S\u00ed, sobre todo cuando me empec\u00e9 a subir al karting adaptado porque no ten\u00eda mis piernas. En ese momento llegaron much\u00edsimos de mensajes. Hay muchos que no he llegado a contestar, as\u00ed que aprovecho estos medios para pedir disculpas, pero son tantos mensajes, y todos tan lindos. Por ah\u00ed me gusta sentarme un d\u00eda, leerlos con detenimiento y empezar a contestar. Esos mensajes por ah\u00ed los uso cuando estoy medio bajon, cuando estoy mal, no quiero levantarme. Te dan tanta fuerza, tantas ganas de seguir, tanta buena vibra. Me ven como ejemplo y es algo que no soy. Que me tomen de referencia me encanta, pero de ejemplo no, mi ejemplo era antes del accidente, despu\u00e9s del accidente sigo siendo la misma persona.&nbsp;<\/span><\/i><\/p>\n<p><i><span>Me llegan mensajes de todos lados de Argentina y tambi\u00e9n de afuera. Me hablaron dos corredores ol\u00edmpicos de Chile, un maratonista de Colombia, un jugador de b\u00e1squet y otro de f\u00fatbol de Venezuela. Es una locura, y eso te da muy buenas vibras, te dan ganas de seguir. No tengo el tiempo necesario para responder a todo, pero si los leo cuando estoy mal, porque no es todo color de rosas.&nbsp;<\/span><\/i><\/p>\n<p><a href=\"http:\/\/manoamanocba.com.ar\/wp-content\/uploads\/2022\/07\/275183266_10221733876430268_7987769462557510231_n.jpg\"><img loading=\"lazy\" class=\"size-medium wp-image-5547 aligncenter\" src=\"http:\/\/hoycordobaweb.com\/wp-content\/uploads\/2022\/07\/perdio-sus-piernas-y-hoy-es-preparador-fisico-la-historia-de-facundo-milanesio-1.jpg\" alt width=\"240\" height=\"300\" srcset=\"http:\/\/hoycordobaweb.com\/wp-content\/uploads\/2022\/07\/perdio-sus-piernas-y-hoy-es-preparador-fisico-la-historia-de-facundo-milanesio-6.jpg 240w, http:\/\/hoycordobaweb.com\/wp-content\/uploads\/2022\/07\/perdio-sus-piernas-y-hoy-es-preparador-fisico-la-historia-de-facundo-milanesio-7.jpg 819w, http:\/\/hoycordobaweb.com\/wp-content\/uploads\/2022\/07\/perdio-sus-piernas-y-hoy-es-preparador-fisico-la-historia-de-facundo-milanesio-8.jpg 768w, http:\/\/hoycordobaweb.com\/wp-content\/uploads\/2022\/07\/perdio-sus-piernas-y-hoy-es-preparador-fisico-la-historia-de-facundo-milanesio-9.jpg 1229w, http:\/\/hoycordobaweb.com\/wp-content\/uploads\/2022\/07\/perdio-sus-piernas-y-hoy-es-preparador-fisico-la-historia-de-facundo-milanesio-10.jpg 1280w\" sizes=\"(max-width: 240px) 100vw, 240px\"><\/a><\/p>\n<p><b>\u00bfCu\u00e1l es tu sue\u00f1o?<\/b><\/p>\n<p><i><span>En otra entrevista dije que mi sue\u00f1o era ser jugador de la Selecci\u00f3n argentina de b\u00e1squet adaptado. Creo que el sue\u00f1o de todo deportista es llegar a la selecci\u00f3n, sea el deporte que sea. En su momento me hubiese gustado con b\u00e1squet convencional. Y despu\u00e9s con b\u00e1squet adaptado empec\u00e9 a jugar, me gust\u00f3 mucho y mi sue\u00f1o es ese. Despu\u00e9s de esa nota, me llam\u00f3 Andr\u00e9s Pelussi, que hoy es uno de los referentes de la Confederaci\u00f3n Argentina de B\u00e1squet, invit\u00e1ndome a ser parte de la selecci\u00f3n como profesor. Pero yo le dije que antes de profe me voy a romper y voy a llegar a la selecci\u00f3n como jugador. Y un objetivo ser\u00eda el a\u00f1o que viene profesionalizarme, comenzar la licenciatura en Educaci\u00f3n F\u00edsica.<\/span><\/i><\/p>\n<p><b>\u00bfQu\u00e9 reflexi\u00f3n o mensajes podes dar a un a\u00f1o del accidente?<\/b><\/p>\n<p><i><span>Antes que nada, m\u00e1s que a la persona que est\u00e1 en mi lugar, es a la familia y a los amigos. Que no la dejen sola, la acompa\u00f1en, la gu\u00eden, la lleven, la traigan. No lo dejen sola. Me ha pasado que antes jam\u00e1s ped\u00eda ayuda y despu\u00e9s del accidente tambi\u00e9n segu\u00eda siendo de no pedir ayuda. Me di cuenta que muchas veces tuve que pedir ayuda porque realmente no pod\u00eda, por falencias, porque no ten\u00eda las piernas, porque no ten\u00eda fuerzas o un mont\u00f3n de cosas. Entonces aprend\u00ed a pedir ayuda. Y muchas veces ped\u00ed que me dejaran solo cuando realmente no lo necesitaba, o cuando necesitaba mucha contenci\u00f3n y ped\u00eda que me dejaran solo. Al contrario, nunca lo dejen solo: apoyenlo, acompa\u00f1enlo, guienlo, est\u00e9n con \u00e9l, tanto familia como amigos. Para m\u00ed fue un combo tan perfecto que hoy en d\u00eda estoy siendo lo que soy gracias a eso.&nbsp;<\/span><\/i><\/p>\n<p><i><span>Y a la persona que est\u00e1 en mi lugar, le digo que la vida es demasiado hermosa. Es tan linda, es tan bonita, es tan preciosa. Y bueno, como todo, todo problema tiene su consecuencia, pero hay que vivirla, y con lo que toque. As\u00ed que no bajar los brazos, seguir para adelante. Creo que cualquier problema tiene soluci\u00f3n, salvo la muerte. De ah\u00ed en m\u00e1s todo problema tiene soluci\u00f3n. M\u00e1s o menos dif\u00edcil, m\u00e1s o menos complicado, pero todo problema tiene soluci\u00f3n. A no bajar los brazos, a meterle, a no aflojarle. Que se contengan en sus familia y amigos, que son los pilares fundamentales.<\/span><\/i><\/p>\n<p><iframe loading=\"lazy\" title=\"YouTube video player\" src=\"https:\/\/www.youtube.com\/embed\/O0byxiJrFq8\" width=\"560\" height=\"315\" frameborder=\"0\" allowfullscreen=\"allowfullscreen\">[embedded content]<\/iframe><\/p>\n","protected":false},"excerpt":{"rendered":"<p>La vida de Facundo Milanesio, de 27 a\u00f1os, cambi\u00f3 en segundos hace poco m\u00e1s de un a\u00f1o, cuando sufri\u00f3 un grave accidente vial y debieron amputarle sus piernas. En la noche del s\u00e1bado 3 de julio del 2021 se dirig\u00eda en su moto desde Morteros a San Francisco por una juntada con amigos y colegas [&hellip;]<\/p>\n","protected":false},"author":1,"featured_media":45487,"comment_status":"closed","ping_status":"closed","sticky":false,"template":"","format":"standard","meta":[],"categories":[19],"tags":[],"_links":{"self":[{"href":"http:\/\/hoycordobaweb.com\/index.php\/wp-json\/wp\/v2\/posts\/45486"}],"collection":[{"href":"http:\/\/hoycordobaweb.com\/index.php\/wp-json\/wp\/v2\/posts"}],"about":[{"href":"http:\/\/hoycordobaweb.com\/index.php\/wp-json\/wp\/v2\/types\/post"}],"author":[{"embeddable":true,"href":"http:\/\/hoycordobaweb.com\/index.php\/wp-json\/wp\/v2\/users\/1"}],"replies":[{"embeddable":true,"href":"http:\/\/hoycordobaweb.com\/index.php\/wp-json\/wp\/v2\/comments?post=45486"}],"version-history":[{"count":0,"href":"http:\/\/hoycordobaweb.com\/index.php\/wp-json\/wp\/v2\/posts\/45486\/revisions"}],"wp:featuredmedia":[{"embeddable":true,"href":"http:\/\/hoycordobaweb.com\/index.php\/wp-json\/wp\/v2\/media\/45487"}],"wp:attachment":[{"href":"http:\/\/hoycordobaweb.com\/index.php\/wp-json\/wp\/v2\/media?parent=45486"}],"wp:term":[{"taxonomy":"category","embeddable":true,"href":"http:\/\/hoycordobaweb.com\/index.php\/wp-json\/wp\/v2\/categories?post=45486"},{"taxonomy":"post_tag","embeddable":true,"href":"http:\/\/hoycordobaweb.com\/index.php\/wp-json\/wp\/v2\/tags?post=45486"}],"curies":[{"name":"wp","href":"https:\/\/api.w.org\/{rel}","templated":true}]}}