{"id":45469,"date":"2022-07-18T16:10:54","date_gmt":"2022-07-18T16:10:54","guid":{"rendered":"https:\/\/fono.fcm.unc.edu.ar\/?p=9497"},"modified":"2022-07-18T16:10:54","modified_gmt":"2022-07-18T16:10:54","slug":"18-de-julio-dia-mundial-de-la-escucha","status":"publish","type":"post","link":"http:\/\/hoycordobaweb.com\/index.php\/2022\/07\/18\/18-de-julio-dia-mundial-de-la-escucha\/","title":{"rendered":"18 de julio: D\u00eda Mundial de la Escucha"},"content":{"rendered":"<h2 class=\"fusion-post-title\">18 de julio: D\u00eda Mundial de la Escucha<\/h2>\n<div class=\"post-content\" readability=\"39\">\n<p><img loading=\"lazy\" class=\"size-fusion-400 wp-image-9498 alignright\" src=\"https:\/\/fono.fcm.unc.edu.ar\/wp-content\/uploads\/sites\/14\/2022\/07\/EFEMERIDES-2022-400x400.png\" alt width=\"400\" height=\"400\" srcset=\"https:\/\/fono.fcm.unc.edu.ar\/wp-content\/uploads\/sites\/14\/2022\/07\/EFEMERIDES-2022-66x66.png 66w, https:\/\/fono.fcm.unc.edu.ar\/wp-content\/uploads\/sites\/14\/2022\/07\/EFEMERIDES-2022-150x150.png 150w, https:\/\/fono.fcm.unc.edu.ar\/wp-content\/uploads\/sites\/14\/2022\/07\/EFEMERIDES-2022-200x200.png 200w, https:\/\/fono.fcm.unc.edu.ar\/wp-content\/uploads\/sites\/14\/2022\/07\/EFEMERIDES-2022-300x300.png 300w, https:\/\/fono.fcm.unc.edu.ar\/wp-content\/uploads\/sites\/14\/2022\/07\/EFEMERIDES-2022-400x400.png 400w, https:\/\/fono.fcm.unc.edu.ar\/wp-content\/uploads\/sites\/14\/2022\/07\/EFEMERIDES-2022-600x600.png 600w, https:\/\/fono.fcm.unc.edu.ar\/wp-content\/uploads\/sites\/14\/2022\/07\/EFEMERIDES-2022-768x768.png 768w, https:\/\/fono.fcm.unc.edu.ar\/wp-content\/uploads\/sites\/14\/2022\/07\/EFEMERIDES-2022.png 800w\" sizes=\"(max-width: 400px) 100vw, 400px\">El 18 de julio se celebra el D\u00eda Mundial de la Escucha o World Listening Day, que surgi\u00f3 como iniciativa de la World Listening Proyect (WLP) y la Midwest Society for Acoustic Ecology (MASAE) con el prop\u00f3sito de reflexionar acerca de c\u00f3mo los sonidos afectan nuestra vida cotidiana, as\u00ed como la b\u00fasqueda de posibles soluciones a los problemas que generan.<br \/>Esta fecha fue elegida por el aniversario de nacimiento del compositor canadiense Raymond Murray Schafer, el d\u00eda 18 de julio de 1833. Raymond cre\u00f3 el World Sounscape Project o \u00abProyecto del Paisaje Musical del Mundo\u00bb, y efectu\u00f3 diversas contribuciones a la ecolog\u00eda ac\u00fastica.<br \/>Este a\u00f1o el lema es \u00abEscuchar m\u00e1s all\u00e1 de las fronteras\u00bb se promueve la iniciativa de preservar los entornos sonoros y evitar la contaminaci\u00f3n ac\u00fastica.<\/p>\n<\/p><\/div>\n","protected":false},"excerpt":{"rendered":"<p>18 de julio: D\u00eda Mundial de la Escucha El 18 de julio se celebra el D\u00eda Mundial de la Escucha o World Listening Day, que surgi\u00f3 como iniciativa de la World Listening Proyect (WLP) y la Midwest Society for Acoustic Ecology (MASAE) con el prop\u00f3sito de reflexionar acerca de c\u00f3mo los sonidos afectan nuestra vida [&hellip;]<\/p>\n","protected":false},"author":1,"featured_media":0,"comment_status":"closed","ping_status":"closed","sticky":false,"template":"","format":"standard","meta":[],"categories":[1],"tags":[],"_links":{"self":[{"href":"http:\/\/hoycordobaweb.com\/index.php\/wp-json\/wp\/v2\/posts\/45469"}],"collection":[{"href":"http:\/\/hoycordobaweb.com\/index.php\/wp-json\/wp\/v2\/posts"}],"about":[{"href":"http:\/\/hoycordobaweb.com\/index.php\/wp-json\/wp\/v2\/types\/post"}],"author":[{"embeddable":true,"href":"http:\/\/hoycordobaweb.com\/index.php\/wp-json\/wp\/v2\/users\/1"}],"replies":[{"embeddable":true,"href":"http:\/\/hoycordobaweb.com\/index.php\/wp-json\/wp\/v2\/comments?post=45469"}],"version-history":[{"count":0,"href":"http:\/\/hoycordobaweb.com\/index.php\/wp-json\/wp\/v2\/posts\/45469\/revisions"}],"wp:attachment":[{"href":"http:\/\/hoycordobaweb.com\/index.php\/wp-json\/wp\/v2\/media?parent=45469"}],"wp:term":[{"taxonomy":"category","embeddable":true,"href":"http:\/\/hoycordobaweb.com\/index.php\/wp-json\/wp\/v2\/categories?post=45469"},{"taxonomy":"post_tag","embeddable":true,"href":"http:\/\/hoycordobaweb.com\/index.php\/wp-json\/wp\/v2\/tags?post=45469"}],"curies":[{"name":"wp","href":"https:\/\/api.w.org\/{rel}","templated":true}]}}