{"id":45417,"date":"2022-07-20T17:26:04","date_gmt":"2022-07-20T17:26:04","guid":{"rendered":"https:\/\/www.ole.com.ar\/futbol-internacional\/gignac-motivo-viaje-unidos_0_UvNk5IX6Y2.html"},"modified":"2022-07-20T17:26:04","modified_gmt":"2022-07-20T17:26:04","slug":"el-motivo-por-el-que-gignac-no-podra-ingresar-a-estados-unidos-para-el-juego-de-estrellas","status":"publish","type":"post","link":"http:\/\/hoycordobaweb.com\/index.php\/2022\/07\/20\/el-motivo-por-el-que-gignac-no-podra-ingresar-a-estados-unidos-para-el-juego-de-estrellas\/","title":{"rendered":"El motivo por el que Gignac no podr\u00e1 ingresar a Estados Unidos para el Juego de Estrellas"},"content":{"rendered":"<p><img src=\"http:\/\/hoycordobaweb.com\/wp-content\/uploads\/2022\/07\/el-motivo-por-el-que-gignac-no-podra-ingresar-a-estados-unidos-para-el-juego-de-estrellas.jpg\"><\/p>\n<p>Tigres tiene algunos compromisos en Estados Unidos y Andr\u00e9 Pierre Gignac no podr\u00e1 estar presente. Se viene el Juego de Estrellas de la Liga MX vs la Major League Soccer el <strong>9 de agosto y el delantero franc\u00e9s naturalizado mexicano, no viajar\u00e1 por no tener la vacuna del Covid-19.<\/strong><\/p>\n<div class=\"sp__SM\">\n<div class=\"content-new \">\n<span class=\"tit-mobile\">Mir\u00e1 tambi\u00e9n<\/span><\/p>\n<div class=\"mg\">\n<div class=\"wrap-figure\">\n<picture>\n<a href=\"https:\/\/www.ole.com.ar\/futbol-internacional\/america\/andre-pierre-gignac-lesion-tigres-uanl-vs-xolos-tijuana-fecha-3-liga-mx_0_8HleXYfSU8.html\" target=\"_self\" rel=\"noopener noreferrer\"><br \/>\n<img class=\"img-responsive\" alt=\"Video: Gignac fue v\u00edctima de una fuerte patada y sali\u00f3 de la cancha en camilla\" src=\"http:\/\/hoycordobaweb.com\/wp-content\/uploads\/2022\/07\/el-motivo-por-el-que-gignac-no-podra-ingresar-a-estados-unidos-para-el-juego-de-estrellas-2.jpg\" loading=\"lazy\"><br \/>\n<\/a>\n<\/picture>\n<\/div>\n<\/div><\/div>\n<\/div>\n<p>Si bien el goleador realiz\u00f3 un comunicado en redes sociales en el que no especific\u00f3 que su ausencia se debiera&nbsp;a no haberse inmunizado, el portal de noticias Cancha se adelant\u00f3 y asegur\u00f3&nbsp;que ese ser\u00eda el verdadero motivo.<\/p>\n<p>A trav\u00e9s de una publicaci\u00f3n en historias de Instagram detall\u00f3<strong>: \u00abBuenos d\u00edas. Sobre el tema que surgi\u00f3 el d\u00eda de hoy, quiero aclarar que yo habl\u00e9 con la directiva y les ped\u00ed que respetaran este tema que para m\u00ed es un punto de creencias, de formaci\u00f3n y algo que viene desde mi infancia y mi origen\u00bb.<\/strong><\/p>\n<div class=\"sp__SM\">\n<div class=\"content-new \">\n<span class=\"tit-mobile\">Mir\u00e1 tambi\u00e9n<\/span><\/p>\n<div class=\"mg\">\n<div class=\"wrap-figure\">\n<picture>\n<a href=\"https:\/\/www.ole.com.ar\/futbol-internacional\/america\/gignac-furch-elogio-delantero-_0_TnHBw6aWqH.html\" target=\"_self\" rel=\"noopener noreferrer\"><br \/>\n<img class=\"img-responsive\" alt=\"De Gignac para Julio Furch: &quot;Te merec\u00edas el premio al mejor delantero&quot;\" src=\"http:\/\/hoycordobaweb.com\/wp-content\/uploads\/2022\/07\/el-motivo-por-el-que-gignac-no-podra-ingresar-a-estados-unidos-para-el-juego-de-estrellas-3.jpg\" loading=\"lazy\"><br \/>\n<\/a>\n<\/picture>\n<\/div>\n<\/div><\/div>\n<\/div>\n<p>Y agreg\u00f3: \u00ab<strong>Agradezco el apoyo y respeto a mi decisi\u00f3n en este tema que es 100% personal. Muchas gracias\u00bb.<\/strong> El jugador de 36 a\u00f1os no ha participado de los distintos compromisos del equipo en Estados Unidos y en cada oportunidad acus\u00f3 diferentes razones. En algunas aseguraron que estaba lesionado y en otras por \u00abmotivos personales\u00bb.<\/p>\n<p> Aun as\u00ed, los medios locales se encargaron de esclarecer que en realidad todo est\u00e1 relacionado con la vacunaci\u00f3n contra el Covid-19, pero parecer\u00eda ser que el jugador no quiere que esto salga a la luz.<\/p>\n<div class=\"sp__SM\">\n<div class=\"content-new \">\n<span class=\"tit-mobile\">Mir\u00e1 tambi\u00e9n<\/span><\/p>\n<div class=\"mg\">\n<div class=\"wrap-figure\">\n<picture>\n<a href=\"https:\/\/www.ole.com.ar\/futbol-internacional\/america\/fenerbahce-turquia-contrato-libre-real-madrid-liga-mx-mexico_0_UDOWR01iVY.html\" target=\"_self\" rel=\"noopener noreferrer\"><br \/>\n<img class=\"img-responsive\" alt=\"Bomba: Necaxa ir\u00eda por un campe\u00f3n del mundo con Alemania\" src=\"http:\/\/hoycordobaweb.com\/wp-content\/uploads\/2022\/07\/el-motivo-por-el-que-gignac-no-podra-ingresar-a-estados-unidos-para-el-juego-de-estrellas-4.jpg\" loading=\"lazy\"><br \/>\n<\/a>\n<\/picture>\n<\/div>\n<\/div><\/div>\n<\/div>\n<p>Sin embargo, en el cruce ante los Xolos de Tijuana que se disput\u00f3 el \u00falitmo domingo donde Tigres gan\u00f3 1-0, Gignac sali\u00f3 con una lesi\u00f3n en el tend\u00f3n de Aquiles que lo puso en duda para los siguientes partidos. <strong>Por lo pronto lo que se sabe es que Estados Unidos proh\u00edbe el ingreso a quienes no est\u00e9n vacunados y por ese motivo no podr\u00e1 viajar a competir en el Juego de las Estrellas.<\/strong><\/p>\n<div class=\"sp__SM\">\n<div class=\"content-new \">\n<span class=\"tit-mobile\">Mir\u00e1 tambi\u00e9n<\/span><\/p>\n<div class=\"mg\">\n<div class=\"wrap-figure\">\n<picture>\n<a href=\"https:\/\/www.ole.com.ar\/futbol-internacional\/pierre-gignac-broma-video-viral_0_9eCeJ5FnO8.html\" target=\"_self\" rel=\"noopener noreferrer\"><br \/>\n<img class=\"img-responsive\" alt=\"Video viral: la divertida broma de Andr\u00e9 Pierre Gignac al plantel femenino\" src=\"http:\/\/hoycordobaweb.com\/wp-content\/uploads\/2022\/07\/el-motivo-por-el-que-gignac-no-podra-ingresar-a-estados-unidos-para-el-juego-de-estrellas-5.jpg\" loading=\"lazy\"><br \/>\n<\/a>\n<\/picture>\n<\/div>\n<\/div><\/div>\n<\/div>\n<div class=\"entry-tags\">\n<h2>TEMAS QUE APARECEN EN ESTA NOTA<\/h2>\n<\/p><\/div>\n","protected":false},"excerpt":{"rendered":"<p>Tigres tiene algunos compromisos en Estados Unidos y Andr\u00e9 Pierre Gignac no podr\u00e1 estar presente. Se viene el Juego de Estrellas de la Liga MX vs la Major League Soccer el 9 de agosto y el delantero franc\u00e9s naturalizado mexicano, no viajar\u00e1 por no tener la vacuna del Covid-19. Mir\u00e1 tambi\u00e9n Si bien el goleador [&hellip;]<\/p>\n","protected":false},"author":1,"featured_media":45418,"comment_status":"open","ping_status":"closed","sticky":false,"template":"","format":"standard","meta":[],"categories":[16],"tags":[],"_links":{"self":[{"href":"http:\/\/hoycordobaweb.com\/index.php\/wp-json\/wp\/v2\/posts\/45417"}],"collection":[{"href":"http:\/\/hoycordobaweb.com\/index.php\/wp-json\/wp\/v2\/posts"}],"about":[{"href":"http:\/\/hoycordobaweb.com\/index.php\/wp-json\/wp\/v2\/types\/post"}],"author":[{"embeddable":true,"href":"http:\/\/hoycordobaweb.com\/index.php\/wp-json\/wp\/v2\/users\/1"}],"replies":[{"embeddable":true,"href":"http:\/\/hoycordobaweb.com\/index.php\/wp-json\/wp\/v2\/comments?post=45417"}],"version-history":[{"count":0,"href":"http:\/\/hoycordobaweb.com\/index.php\/wp-json\/wp\/v2\/posts\/45417\/revisions"}],"wp:featuredmedia":[{"embeddable":true,"href":"http:\/\/hoycordobaweb.com\/index.php\/wp-json\/wp\/v2\/media\/45418"}],"wp:attachment":[{"href":"http:\/\/hoycordobaweb.com\/index.php\/wp-json\/wp\/v2\/media?parent=45417"}],"wp:term":[{"taxonomy":"category","embeddable":true,"href":"http:\/\/hoycordobaweb.com\/index.php\/wp-json\/wp\/v2\/categories?post=45417"},{"taxonomy":"post_tag","embeddable":true,"href":"http:\/\/hoycordobaweb.com\/index.php\/wp-json\/wp\/v2\/tags?post=45417"}],"curies":[{"name":"wp","href":"https:\/\/api.w.org\/{rel}","templated":true}]}}