{"id":45413,"date":"2022-07-20T18:00:35","date_gmt":"2022-07-20T18:00:35","guid":{"rendered":"https:\/\/www.ole.com.ar\/internacional\/liga-alemana-bundesliga\/alemania-borussia-dortmund-nacional-atletico-madrid-river_0_xFAKJXUFuJ.html"},"modified":"2022-07-20T18:00:35","modified_gmt":"2022-07-20T18:00:35","slug":"el-importante-equipo-europeo-al-que-habria-sido-ofrecido-luis-suarez","status":"publish","type":"post","link":"http:\/\/hoycordobaweb.com\/index.php\/2022\/07\/20\/el-importante-equipo-europeo-al-que-habria-sido-ofrecido-luis-suarez\/","title":{"rendered":"El importante equipo europeo al que habr\u00eda sido ofrecido Luis Su\u00e1rez"},"content":{"rendered":"<p><img src=\"http:\/\/hoycordobaweb.com\/wp-content\/uploads\/2022\/07\/el-importante-equipo-europeo-al-que-habria-sido-ofrecido-luis-suarez.jpg\"><\/p>\n<p><strong>Tras su salida del <a alt=\"atletico-madrid\" class=\"slug\" href=\"https:\/\/www.ole.com.ar\/tema\/atletico-madrid.html\" target=\"_blank\" title=\"atletico-madrid\" rel=\"noopener noreferrer\">Atl\u00e9tico Madrid<\/a>, <a alt=\"luis-suarez\" class=\"slug\" href=\"https:\/\/www.ole.com.ar\/tema\/luis-suarez.html\" target=\"_blank\" title=\"luis-suarez\" rel=\"noopener noreferrer\">Luis Su\u00e1rez<\/a> avis\u00f3: quiere continuar con su carrera en Europa.<\/strong> Si bien en el medio estuvo la oferta de <a alt=\"river-plate\" class=\"slug\" href=\"https:\/\/www.ole.com.ar\/tema\/river-plate.html\" target=\"_blank\" title=\"river-plate\" rel=\"noopener noreferrer\">River<\/a>, <a data-cke-saved-href=\"https:\/\/www.ole.com.ar\/river-plate\/luis-suarez-descarto-llegar-river_0_UBFfOX8ATD.html\" target=\"_blank\" href=\"https:\/\/www.ole.com.ar\/river-plate\/luis-suarez-descarto-llegar-river_0_UBFfOX8ATD.html\" rel=\"noopener noreferrer\">la que termin\u00f3 rechazando por la eliminaci\u00f3n del Millonario de la Copa Libertadores,<\/a> el Pistolero dej\u00f3 bien en claro que su deseo es seguir en el f\u00fatbol del Viejo Continente. <strong>Y ahora pareciera que hay un equipo candidato a ficharlo&#8230;<\/strong><\/p>\n<div class=\"sp__Normal\">\n<div class=\"image-embeb image-trigger\" readability=\"6\">\n<picture><source media=\"(min-width: 720px)\" srcset=\"http:\/\/hoycordobaweb.com\/wp-content\/uploads\/2022\/07\/el-importante-equipo-europeo-al-que-habria-sido-ofrecido-luis-suarez-2.jpg\"><img itemprop=\"image\" src=\"http:\/\/hoycordobaweb.com\/wp-content\/uploads\/2022\/07\/el-importante-equipo-europeo-al-que-habria-sido-ofrecido-luis-suarez-2.jpg\" loading=\"lazy\" alt=\"Su\u00e1rez todav\u00eda no sabe d\u00f3nde continuar\u00e1 con su carrera.\">\n<\/picture><figcaption readability=\"2\">\n<p>Su\u00e1rez todav\u00eda no sabe d\u00f3nde continuar\u00e1 con su carrera.\n<\/p>\n<\/figcaption><\/div>\n<\/div>\n<div class=\"sp__SM\">\n<div class=\"content-new \">\n<span class=\"tit-mobile\">Mir\u00e1 tambi\u00e9n<\/span><\/p>\n<div class=\"mg\">\n<div class=\"wrap-figure\">\n<picture>\n<a href=\"https:\/\/www.ole.com.ar\/futbol-internacional\/gignac-motivo-viaje-unidos_0_UvNk5IX6Y2.html\" target=\"_self\" rel=\"noopener noreferrer\"><br \/>\n<img class=\"img-responsive\" alt=\"El motivo por el que Gignac no podr\u00e1 ingresar a Estados Unidos para el Juego de Estrellas\" src=\"http:\/\/hoycordobaweb.com\/wp-content\/uploads\/2022\/07\/el-importante-equipo-europeo-al-que-habria-sido-ofrecido-luis-suarez-3.jpg\" loading=\"lazy\"><br \/>\n<\/a>\n<\/picture>\n<\/div>\n<\/div><\/div>\n<\/div>\n<h2><strong>\u00bfOFRECIDO AL DORTMUND?<\/strong><\/h2>\n<p>En medio de la presi\u00f3n de los hinchas de <a alt=\"nacional-de-montevideo\" class=\"slug\" href=\"https:\/\/www.ole.com.ar\/tema\/nacional-de-montevideo.html\" target=\"_blank\" title=\"nacional-de-montevideo\" rel=\"noopener noreferrer\">Nacional<\/a> para que vuelva a vestir la camiseta del Bolso, club en el que se inici\u00f3 como profesional all\u00e1 por el 2005, <strong>el delantero uruguayo habr\u00eda sido ofrecido al <a alt=\"borussia-dortmund\" class=\"slug\" href=\"https:\/\/www.ole.com.ar\/tema\/borussia-dortmund.html\" target=\"_blank\" title=\"borussia-dortmund\" rel=\"noopener noreferrer\">Borussia Dortmund<\/a>.<\/strong> Seg\u00fan inform\u00f3 Sky Sports, su nombre fue acercado por el entorno del ex <a alt=\"barcelona\" class=\"slug\" href=\"https:\/\/www.ole.com.ar\/tema\/barcelona.html\" target=\"_blank\" title=\"barcelona\" rel=\"noopener noreferrer\">Barcelona<\/a>, sabiendo que el equipo de la <a alt=\"bundesliga\" class=\"slug\" href=\"https:\/\/www.ole.com.ar\/tema\/bundesliga.html\" target=\"_blank\" title=\"bundesliga\" rel=\"noopener noreferrer\">Bundesliga<\/a> sufri\u00f3 la reciente baja de <strong>S\u00e9bastien Haller<\/strong>.<\/p>\n<div class=\"sp__Normal\">\n<div class=\"image-embeb image-trigger\" readability=\"6\">\n<picture><source media=\"(min-width: 720px)\" srcset=\"http:\/\/hoycordobaweb.com\/wp-content\/uploads\/2022\/07\/el-importante-equipo-europeo-al-que-habria-sido-ofrecido-luis-suarez-4.jpg\"><img itemprop=\"image\" src=\"http:\/\/hoycordobaweb.com\/wp-content\/uploads\/2022\/07\/el-importante-equipo-europeo-al-que-habria-sido-ofrecido-luis-suarez-4.jpg\" loading=\"lazy\" alt=\"A Haller le fue detectado un tumor testicular.\">\n<\/picture><figcaption readability=\"2\">\n<p>A Haller le fue detectado un tumor testicular.\n<\/p>\n<\/figcaption><\/div>\n<\/div>\n<div class=\"sp__SM\">\n<div class=\"content-new \">\n<span class=\"tit-mobile\">Mir\u00e1 tambi\u00e9n<\/span><\/p>\n<div class=\"mg\">\n<div class=\"wrap-figure\">\n<picture>\n<a href=\"https:\/\/www.ole.com.ar\/ecuador\/internacional\/loco-bielsa-seleccion-peru-suena_0_3jFVh4pFcW.html\" target=\"_self\" rel=\"noopener noreferrer\"><br \/>\n<img class=\"img-responsive\" alt=\"Bielsa suena como sucesor de Gareca en Per\u00fa: \u00bfhay chances?\" src=\"http:\/\/hoycordobaweb.com\/wp-content\/uploads\/2022\/07\/el-importante-equipo-europeo-al-que-habria-sido-ofrecido-luis-suarez-5.jpg\" loading=\"lazy\"><br \/>\n<\/a>\n<\/picture>\n<\/div>\n<\/div><\/div>\n<\/div>\n<p>El atacante franc\u00e9s de 28 a\u00f1os lleg\u00f3 desde el <a alt=\"ajax\" class=\"slug\" href=\"https:\/\/www.ole.com.ar\/tema\/ajax.html\" target=\"_blank\" title=\"ajax\" rel=\"noopener noreferrer\">Ajax<\/a> para suplir la partida de <a alt=\"erling-haaland\" class=\"slug\" href=\"https:\/\/www.ole.com.ar\/tema\/erling-haaland.html\" target=\"_blank\" title=\"erling-haaland\" rel=\"noopener noreferrer\">Erling Haaland<\/a> al <a alt=\"manchester-city\" class=\"slug\" href=\"https:\/\/www.ole.com.ar\/tema\/manchester-city.html\" target=\"_blank\" title=\"manchester-city\" rel=\"noopener noreferrer\">Manchester City<\/a>, <a data-cke-saved-href=\"https:\/\/www.ole.com.ar\/futbol-internacional\/dortmund-haller-tumor-testicular_0_WqMMuRv0ka.html\" target=\"_blank\" href=\"https:\/\/www.ole.com.ar\/futbol-internacional\/dortmund-haller-tumor-testicular_0_WqMMuRv0ka.html\" rel=\"noopener noreferrer\">pero en las \u00faltimas horas le fue detectado un tumor testicular y abandon\u00f3 de urgencia la concentraci\u00f3n.<\/a> <strong>Obviamente, lo primordial es la salud del jugador, por lo que su futuro en las canchas es incierto. En ese contexto entrar\u00eda la opci\u00f3n de que se sume Su\u00e1rez.<\/strong><\/p>\n<p><strong>En Uruguay, mientras tanto, Nacional espera por una definici\u00f3n.<\/strong> El presidente, Jos\u00e9 Fuentes, viaj\u00f3 a Espa\u00f1a el martes para reunirse con el Pistolero y convencerlo de pegar la vuelta. En principio, los directivos del Bolso quisieron respetar la convicci\u00f3n del delantero de quedarse en Europa, pero cuando se enteraron de que estuvo a punto de firmar con River, comenzaron la operaci\u00f3n retorno.<\/p>\n<div class=\"sp__SM\">\n<div class=\"content-new \">\n<span class=\"tit-mobile\">Mir\u00e1 tambi\u00e9n<\/span><\/p>\n<div class=\"mg\">\n<div class=\"wrap-figure\">\n<picture>\n<a href=\"https:\/\/www.ole.com.ar\/futbol-internacional\/inglaterra\/cristiano-ronaldo-manchester_0_vP4fCtUTjk.html\" target=\"_self\" rel=\"noopener noreferrer\"><br \/>\n<img class=\"img-responsive\" alt=\"El incre\u00edble caso Cristiano: quiere irse de Manchester pero no consigue club\" src=\"http:\/\/hoycordobaweb.com\/wp-content\/uploads\/2022\/07\/el-importante-equipo-europeo-al-que-habria-sido-ofrecido-luis-suarez-6.jpg\" loading=\"lazy\"><br \/>\n<\/a>\n<\/picture>\n<\/div>\n<\/div><\/div>\n<\/div>\n<div class=\"sp__Normal\">\n<div class=\"image-embeb image-trigger\" readability=\"6\">\n<picture><source media=\"(min-width: 720px)\" srcset=\"http:\/\/hoycordobaweb.com\/wp-content\/uploads\/2022\/07\/el-importante-equipo-europeo-al-que-habria-sido-ofrecido-luis-suarez-7.jpg\"><img itemprop=\"image\" src=\"http:\/\/hoycordobaweb.com\/wp-content\/uploads\/2022\/07\/el-importante-equipo-europeo-al-que-habria-sido-ofrecido-luis-suarez-7.jpg\" loading=\"lazy\" alt=\"La foto utilizada en las redes para buscar la vuelta de Su\u00e1rez a Nacional.\">\n<\/picture><figcaption readability=\"2\">\n<p>La foto utilizada en las redes para buscar la vuelta de Su\u00e1rez a Nacional.\n<\/p>\n<\/figcaption><\/div>\n<\/div>\n<div class=\"sp__SM\">\n<div class=\"content-new \">\n<span class=\"tit-mobile\">Mir\u00e1 tambi\u00e9n<\/span><\/p>\n<div class=\"mg\">\n<div class=\"wrap-figure\">\n<picture>\n<a href=\"https:\/\/www.ole.com.ar\/futbol-internacional\/america\/hugo-sanchez-critica-jurgen-damm-america_0_0nWqqfUNrN.html\" target=\"_self\" rel=\"noopener noreferrer\"><br \/>\n<img class=\"img-responsive\" alt=\"Hugo S\u00e1nchez destroz\u00f3 a un futbolista del Am\u00e9rica\" src=\"http:\/\/hoycordobaweb.com\/wp-content\/uploads\/2022\/07\/el-importante-equipo-europeo-al-que-habria-sido-ofrecido-luis-suarez-8.jpg\" loading=\"lazy\"><br \/>\n<\/a>\n<\/picture>\n<\/div>\n<\/div><\/div>\n<\/div>\n<p>Con #Su\u00e1rezANacional siendo trending topic mundial en varias ocasiones, todav\u00eda no hay certezas de d\u00f3nde jugar\u00e1 el atacante de 35 a\u00f1os. Con el claro objetivo de sumar minutos y llegar lo mejor posible al <a alt=\"mundial-de-qatar\" class=\"slug\" href=\"https:\/\/www.ole.com.ar\/tema\/mundial-de-qatar.html\" target=\"_blank\" title=\"mundial-de-qatar\" rel=\"noopener noreferrer\">Mundial de Qatar<\/a> con su <a alt=\"seleccion-de-uruguay\" class=\"slug\" href=\"https:\/\/www.ole.com.ar\/tema\/seleccion-de-uruguay.html\" target=\"_blank\" title=\"seleccion-de-uruguay\" rel=\"noopener noreferrer\">selecci\u00f3n<\/a>, <strong>se rumorea que tambi\u00e9n estar\u00eda en carpeta de clubes de Espa\u00f1a, Italia y Pa\u00edses Bajos, aunque por el momento no existe nada formal.<\/strong><\/p>\n<p>La chance de llegar al Borussia Dortmund suena interesante, dado que la Bundesliga es una de las principales ligas de Europa y tendr\u00eda por delante la disputa de una nueva <a alt=\"champions-league\" class=\"slug\" href=\"https:\/\/www.ole.com.ar\/tema\/champions-league.html\" target=\"_blank\" title=\"champions-league\" rel=\"noopener noreferrer\">Champions League<\/a>. Adem\u00e1s, claro, ayudar al equipo en su intenci\u00f3n de destronar al <a alt=\"bayern-munich\" class=\"slug\" href=\"https:\/\/www.ole.com.ar\/tema\/bayern-munich.html\" target=\"_blank\" title=\"bayern-munich\" rel=\"noopener noreferrer\">Bayern Munich<\/a> en el plano local&#8230; <strong>\u00bfTendr\u00e1 Su\u00e1rez su primera experiencia en el f\u00fatbol de Alemania?<\/strong><\/p>\n<div class=\"sp__SM\">\n<div class=\"content-new \">\n<span class=\"tit-mobile\">Mir\u00e1 tambi\u00e9n<\/span><\/p>\n<div class=\"mg\">\n<div class=\"wrap-figure\">\n<picture>\n<a href=\"https:\/\/www.ole.com.ar\/internacional\/liga-alemana-bundesliga\/delantero-refuerzo-bayern-munich-harry-kane-reemplazo-robert-lewandowski_0_PWQrDrvpRp.html\" target=\"_self\" rel=\"noopener noreferrer\"><br \/>\n<img class=\"img-responsive\" alt=\"El delantero estrella que el Bayern Munich quiere para reemplazar a Lewandowski\" src=\"http:\/\/hoycordobaweb.com\/wp-content\/uploads\/2022\/07\/el-importante-equipo-europeo-al-que-habria-sido-ofrecido-luis-suarez-9.jpg\" loading=\"lazy\"><br \/>\n<\/a>\n<\/picture>\n<\/div>\n<\/div><\/div>\n<\/div>\n<div class=\"sp__SM\">\n<div class=\"content-new \">\n<span class=\"tit-mobile\">Mir\u00e1 tambi\u00e9n<\/span><\/p>\n<div class=\"mg\">\n<div class=\"wrap-figure\">\n<picture>\n<a href=\"https:\/\/www.ole.com.ar\/futbol-internacional\/david-beckham-hijo-debut-miami_0_cGTE9NvCZB.html\" target=\"_self\" rel=\"noopener noreferrer\"><br \/>\n<img class=\"img-responsive\" alt=\"El hijo de David Beckham tuvo su debut internacional contra el Barcelona\" src=\"http:\/\/hoycordobaweb.com\/wp-content\/uploads\/2022\/07\/el-importante-equipo-europeo-al-que-habria-sido-ofrecido-luis-suarez-10.jpg\" loading=\"lazy\"><br \/>\n<\/a>\n<\/picture>\n<\/div>\n<\/div><\/div>\n<\/div>\n<div class=\"sp__SM\">\n<div class=\"content-new \">\n<span class=\"tit-mobile\">Mir\u00e1 tambi\u00e9n<\/span><\/p>\n<div class=\"mg\">\n<div class=\"wrap-figure\">\n<picture>\n<a href=\"https:\/\/www.ole.com.ar\/futbol-internacional\/francia\/paredes-ausente-amistoso-galtier-psg_0_EBqQV5VSAz.html\" target=\"_self\" rel=\"noopener noreferrer\"><br \/>\n<img class=\"img-responsive\" alt=\"Paredes, el gran ausente del primer amistoso del PSG en Jap\u00f3n: \u00bfQu\u00e9 dijo Galtier?\" src=\"http:\/\/hoycordobaweb.com\/wp-content\/uploads\/2022\/07\/el-importante-equipo-europeo-al-que-habria-sido-ofrecido-luis-suarez-11.jpg\" loading=\"lazy\"><br \/>\n<\/a>\n<\/picture>\n<\/div>\n<\/div><\/div>\n<\/div>\n<div class=\"entry-tags\">\n<h2>TEMAS QUE APARECEN EN ESTA NOTA<\/h2>\n<\/p><\/div>\n","protected":false},"excerpt":{"rendered":"<p>Tras su salida del Atl\u00e9tico Madrid, Luis Su\u00e1rez avis\u00f3: quiere continuar con su carrera en Europa. Si bien en el medio estuvo la oferta de River, la que termin\u00f3 rechazando por la eliminaci\u00f3n del Millonario de la Copa Libertadores, el Pistolero dej\u00f3 bien en claro que su deseo es seguir en el f\u00fatbol del Viejo [&hellip;]<\/p>\n","protected":false},"author":1,"featured_media":45414,"comment_status":"open","ping_status":"closed","sticky":false,"template":"","format":"standard","meta":[],"categories":[16],"tags":[],"_links":{"self":[{"href":"http:\/\/hoycordobaweb.com\/index.php\/wp-json\/wp\/v2\/posts\/45413"}],"collection":[{"href":"http:\/\/hoycordobaweb.com\/index.php\/wp-json\/wp\/v2\/posts"}],"about":[{"href":"http:\/\/hoycordobaweb.com\/index.php\/wp-json\/wp\/v2\/types\/post"}],"author":[{"embeddable":true,"href":"http:\/\/hoycordobaweb.com\/index.php\/wp-json\/wp\/v2\/users\/1"}],"replies":[{"embeddable":true,"href":"http:\/\/hoycordobaweb.com\/index.php\/wp-json\/wp\/v2\/comments?post=45413"}],"version-history":[{"count":0,"href":"http:\/\/hoycordobaweb.com\/index.php\/wp-json\/wp\/v2\/posts\/45413\/revisions"}],"wp:featuredmedia":[{"embeddable":true,"href":"http:\/\/hoycordobaweb.com\/index.php\/wp-json\/wp\/v2\/media\/45414"}],"wp:attachment":[{"href":"http:\/\/hoycordobaweb.com\/index.php\/wp-json\/wp\/v2\/media?parent=45413"}],"wp:term":[{"taxonomy":"category","embeddable":true,"href":"http:\/\/hoycordobaweb.com\/index.php\/wp-json\/wp\/v2\/categories?post=45413"},{"taxonomy":"post_tag","embeddable":true,"href":"http:\/\/hoycordobaweb.com\/index.php\/wp-json\/wp\/v2\/tags?post=45413"}],"curies":[{"name":"wp","href":"https:\/\/api.w.org\/{rel}","templated":true}]}}